{"id":90924,"date":"2025-11-19T12:03:11","date_gmt":"2025-11-19T12:03:11","guid":{"rendered":"https:\/\/www.europesays.com\/no\/90924\/"},"modified":"2025-11-19T12:03:11","modified_gmt":"2025-11-19T12:03:11","slug":"jeg-stortrives-i-byen-og-laget","status":"publish","type":"post","link":"https:\/\/www.europesays.com\/no\/90924\/","title":{"rendered":"\u2013 Jeg stortrives i byen og laget"},"content":{"rendered":"\n<ul class=\"_list_o9xde_3 _list_64s2r_85 _unordered_o9xde_106 text-sans-m\">\n<li class=\"_item_o9xde_30\">Thea Kyv\u00e5g (21) storkoser seg i Milano etter sommerens overgang fra LSK Kvinner til AC Milan.<\/li>\n<li class=\"_item_o9xde_30\">Hun mener ligaen hjelper henne til \u00e5 utvikle seg teknisk.<\/li>\n<li class=\"_item_o9xde_30\">Hun nyter ogs\u00e5 byens mote- og kulturtilbud.<\/li>\n<li class=\"_item_o9xde_30\">Kyv\u00e5g ser store forskjeller i profesjonalitet mellom Norge og Italia.<\/li>\n<\/ul>\n<p>Vis mer <\/p>\n<p class=\"_paragraph_o9xde_4 _paragraph_xtcu6_10 layout-component text-serif-m layout-normal text-serif-m layout-padded\">\u2013 De f\u00f8rste m\u00e5nedene har v\u00e6rt helt supre. Jeg stortrives i byen og laget. Et veldig fint sted for meg \u00e5 v\u00e6re. Og den italienske ligaen vokser veldig, sier Kyv\u00e5g.<\/p>\n<p class=\"_paragraph_o9xde_4 _paragraph_xtcu6_10 layout-component text-serif-m layout-normal text-serif-m layout-padded\">Lyset fra formiddagssolen i Navigli, den livlige bydelen langs kanalen i Milano, skinner inn p\u00e5 de utallige restaurantene og barene. Et sted i dette levende postkortet sitter Thea Kyv\u00e5g og forteller om sommerens overgang fra LSK Kvinner til AC Milan.<\/p>\n<p>AC Milan Women<\/p>\n<p class=\"_paragraph_o9xde_4 _paragraph_xtcu6_10 _paragraph_16v91_10 layout-component text-serif-m layout-normal text-sans-m layout-padded\"><strong class=\"_strong_o9xde_25\">Klubb:<\/strong> AC Milan Women (Associazione Calcio Milan Femminile)<\/p>\n<p class=\"_paragraph_o9xde_4 _paragraph_xtcu6_10 _paragraph_16v91_10 layout-component text-serif-m layout-normal text-sans-m layout-padded\"><strong class=\"_strong_o9xde_25\">Stiftet:<\/strong> 2018<\/p>\n<p class=\"_paragraph_o9xde_4 _paragraph_xtcu6_10 _paragraph_16v91_10 layout-component text-serif-m layout-normal text-sans-m layout-padded\"><strong class=\"_strong_o9xde_25\">By:<\/strong> Milano, Italia<\/p>\n<p class=\"_paragraph_o9xde_4 _paragraph_xtcu6_10 _paragraph_16v91_10 layout-component text-serif-m layout-normal text-sans-m layout-padded\"><strong class=\"_strong_o9xde_25\">Eier:<\/strong> RedBird Capital Partners (samme eier som herrelaget)<\/p>\n<p class=\"_paragraph_o9xde_4 _paragraph_xtcu6_10 _paragraph_16v91_10 layout-component text-serif-m layout-normal text-sans-m layout-padded\"><strong class=\"_strong_o9xde_25\">Stadion:<\/strong> Centro Sportivo Vismara \u2013 PUMA House of Football (kapasitet ca. 700)<\/p>\n<p class=\"_paragraph_o9xde_4 _paragraph_xtcu6_10 _paragraph_16v91_10 layout-component text-serif-m layout-normal text-sans-m layout-padded\"><strong class=\"_strong_o9xde_25\">Trener:<\/strong> Suzanne Bakker<\/p>\n<p class=\"_paragraph_o9xde_4 _paragraph_xtcu6_10 _paragraph_16v91_10 layout-component text-serif-m layout-normal text-sans-m layout-padded\"><strong class=\"_strong_o9xde_25\">Plassering 2024\/25:<\/strong> 6.-plass etter seks runder, seks poeng bak Roma<\/p>\n<p class=\"_paragraph_o9xde_4 _paragraph_xtcu6_10 _paragraph_16v91_10 layout-component text-serif-m layout-normal text-sans-m layout-padded\"><strong class=\"_strong_o9xde_25\">Meritter:<\/strong><\/p>\n<p>Vis mer<\/p>\n<p class=\"_paragraph_o9xde_4 _paragraph_xtcu6_10 layout-component text-serif-m layout-normal text-serif-m layout-padded\">\u00abLa Dolce Vita\u00bb, det s\u00f8te liv, lokket s\u00e5 klart, men vel s\u00e5 viktig var det \u00e5 finne en klubb hun ville f\u00e5 mye spilletid i som et steg p\u00e5 veien mot \u00e5 n\u00e5 m\u00e5let om \u00e5 bli A-landslagsspiller.<\/p>\n<p class=\"_paragraph_o9xde_4 _paragraph_xtcu6_10 layout-component text-serif-m layout-normal text-serif-m layout-padded\">\u2013 Det er fort gjort \u00e5 dra til en av de beste klubbene i verden, men bli sittende p\u00e5 benken. I min alder n\u00e5 \u00f8nsker jeg spilletid og f\u00e5 utviklet meg, sier 21-\u00e5ringen.<\/p>\n<p class=\"_paragraph_o9xde_4 _paragraph_xtcu6_10 layout-component text-serif-m layout-normal text-serif-m layout-padded\">Hun har lenge v\u00e6rt sett p\u00e5 som et stortalent. Tatt steg fra jentelandslagene til U23-landslaget n\u00e5. <\/p>\n<ul class=\"_list_o9xde_3 _list_xtcu6_9 _unordered_o9xde_106 layout-component text-serif-m layout-normal text-serif-m layout-padded\">\n<li class=\"_item_o9xde_30\"><a href=\"https:\/\/tv.vg.no\/video\/344071\/inter-milan\" class=\"_link_o9xde_39\" rel=\"nofollow noopener\" target=\"_blank\">Se <strong class=\"_strong_o9xde_25\">Inter-Milan <\/strong>p\u00e5 s\u00f8ndag<strong class=\"_strong_o9xde_25\"> <\/strong>og alt herrenes Serie A p\u00e5 VG+Sport<\/a><\/li>\n<\/ul>\n<p><img alt=\"Thea Kyv\u00e5g i de klassiske r\u00f8d-sorte stripene.   Foto: Pier Marco Tacca \/ AC Milan via Getty Images\" class=\"_image_qp4xg_65 layout-component layout-normal\" data-fullscreen- data-track-element-type=\"Article image fullscreen\" data-track-name=\"ImageFullscreen\" decoding=\"async\" loading=\"lazy\" height=\"4000\" itemprop=\"image\"  src=\"https:\/\/www.europesays.com\/no\/wp-content\/uploads\/2025\/11\/ed684e47-23ec-4c20-9c4b-2f6a2c53b908\"  style=\"object-position:0% 0%\" width=\"2666\"\/>Thea Kyv\u00e5g i de klassiske r\u00f8d-sorte stripene.   Foto: Pier Marco Tacca \/ AC Milan via Getty Images<\/p>\n<p class=\"_paragraph_o9xde_4 _paragraph_xtcu6_10 layout-component text-serif-m layout-normal text-serif-m layout-padded\">I 2022 dro hun til West Ham som 18-\u00e5ring. Hun holdt ikke ut mer enn et halv\u00e5r, men l\u00e6rdommen var verdifull.<\/p>\n<p class=\"_paragraph_o9xde_4 _paragraph_xtcu6_10 layout-component text-serif-m layout-normal text-serif-m layout-padded\">\u2013 Jeg savnet familie og hjem. Jeg f\u00f8lte meg ikke som hjemme der. Men det er tre \u00e5r siden og jeg har vokst mye. Jeg er veldig glad jeg gjorde det. Hadde jeg dratt hit til Milano n\u00e5 for f\u00f8rste gang utenlands, hadde det sikkert v\u00e6rt litt den samme opplevelsen: \u00abOi, shit, n\u00e5 er du for deg selv\u00bb.<\/p>\n<p class=\"_paragraph_o9xde_4 _paragraph_xtcu6_10 layout-component text-serif-m layout-normal text-serif-m layout-padded\">\u2013 Jeg vokste mye p\u00e5 det halv\u00e5ret og er glad for oppholdet selv om det ble tyngre enn jeg h\u00e5pet p\u00e5. Jeg tror den tiden hjalp meg veldig som spiller og som person.<\/p>\n<p class=\"_paragraph_o9xde_4 _paragraph_xtcu6_10 layout-component text-serif-m layout-normal text-serif-m layout-padded\">\u2013 Du sitter for deg selv, du m\u00e5 klare deg selv. Du har ingen n\u00e6re, kj\u00e6re eller nordmenn. Man blir kastet ut i det. N\u00e5 har det g\u00e5tt kjempefint.<\/p>\n<p><img alt=\"Foto: Herman Folvik\" class=\"_image_qp4xg_65 layout-component layout-normal\" data-fullscreen- data-track-element-type=\"Article image fullscreen\" data-track-name=\"ImageFullscreen\" decoding=\"async\" loading=\"lazy\" height=\"3264\" itemprop=\"image\"  src=\"https:\/\/www.europesays.com\/no\/wp-content\/uploads\/2025\/11\/03c5cee8-7a89-414f-9b18-618989526240\"  style=\"object-position:0% 0%\" width=\"4102\"\/>Foto: Herman Folvik<\/p>\n<p class=\"_paragraph_o9xde_4 _paragraph_xtcu6_10 layout-component text-serif-m layout-normal text-serif-m layout-padded\">Hun roser <a href=\"https:\/\/www.vg.no\/tag\/ac-milan?utm_source=vg-article&amp;utm_medium=auto-tagger&amp;utm_campaign=kwqLwa\" class=\"_link_o9xde_39\" rel=\"nofollow noopener\" target=\"_blank\">AC Milan <\/a>for m\u00e5ten de tar imot nye spillere. Hun f\u00f8ler seg ivaretatt p\u00e5 og utenfor banen.<\/p>\n<p class=\"_paragraph_o9xde_4 _paragraph_xtcu6_10 layout-component text-serif-m layout-normal text-serif-m layout-padded\">\u2013 Her er det mer teknisk, mens fotballen er mer robust i England og Norge. Jeg f\u00f8ler at \u00e5 v\u00e6re her hjelper meg \u00e5 utvikle meg teknisk. I Norge har jeg kunnet dratt nytte av bare farten, for det er en av mine spisskvaliteter, men her m\u00e5 man ogs\u00e5 v\u00e6re litt mer teknisk.<\/p>\n<p class=\"_paragraph_o9xde_4 _paragraph_xtcu6_10 layout-component text-serif-m layout-normal text-serif-m layout-padded\">Det er ikke bare fotballen folk er lidenskapelig opptatt av i Milano. Det er ogs\u00e5 et av Italias viktigste omr\u00e5der for mat, kultur, forretninger og ikke minst mote.<\/p>\n<p class=\"_paragraph_o9xde_4 _paragraph_xtcu6_10 layout-component text-serif-m layout-normal text-serif-m layout-padded\">\u2013 Det er en moteby, det er ogs\u00e5 litt av grunnen til at jeg ville v\u00e6re her. For meg er det utenfor banen ogs\u00e5 veldig viktig. Her kan jeg trives, pynte meg litt p\u00e5 en vanlig tirsdag og kose meg. Jeg kan v\u00e6re litt \u00abextra\u00bb. Det er synes jeg er g\u00f8y, jeg stortrives med det.<\/p>\n<p>Thea Kyv\u00e5g<\/p>\n<p class=\"_paragraph_o9xde_4 _paragraph_xtcu6_10 _paragraph_16v91_10 layout-component text-serif-m layout-normal text-sans-m layout-padded\"><strong class=\"_strong_o9xde_25\">F\u00f8dt:<\/strong> 9. januar 2004 (21 \u00e5r)<\/p>\n<p class=\"_paragraph_o9xde_4 _paragraph_xtcu6_10 _paragraph_16v91_10 layout-component text-serif-m layout-normal text-sans-m layout-padded\"><strong class=\"_strong_o9xde_25\">Fra:<\/strong> Nittedal, Norge<\/p>\n<p class=\"_paragraph_o9xde_4 _paragraph_xtcu6_10 _paragraph_16v91_10 layout-component text-serif-m layout-normal text-sans-m layout-padded\"><strong class=\"_strong_o9xde_25\">Posisjon:<\/strong> Kant \/ angrep<\/p>\n<p class=\"_paragraph_o9xde_4 _paragraph_xtcu6_10 _paragraph_16v91_10 layout-component text-serif-m layout-normal text-sans-m layout-padded\"><strong class=\"_strong_o9xde_25\">Klubb:<\/strong> AC Milan Women (Italia)<\/p>\n<p class=\"_paragraph_o9xde_4 _paragraph_xtcu6_10 _paragraph_16v91_10 layout-component text-serif-m layout-normal text-sans-m layout-padded\"><strong class=\"_strong_o9xde_25\">Tidligere klubber:<\/strong> Gjeller\u00e5sen, LSK Kvinner, West Ham United<\/p>\n<p class=\"_paragraph_o9xde_4 _paragraph_xtcu6_10 _paragraph_16v91_10 layout-component text-serif-m layout-normal text-sans-m layout-padded\"><strong class=\"_strong_o9xde_25\">Landslag:<\/strong> U23-landslaget for Norge (tidligere jentelandslag U15\u2013U19)<\/p>\n<p>Vis mer<\/p>\n<p class=\"_paragraph_o9xde_4 _paragraph_xtcu6_10 layout-component text-serif-m layout-normal text-serif-m layout-padded\">Lysluggen merker godt at hun skiller seg ut.<\/p>\n<p class=\"_paragraph_o9xde_4 _paragraph_xtcu6_10 layout-component text-serif-m layout-normal text-serif-m layout-padded\">\u2013 Folk er veldig stirrende, men det er sikkert fordi jeg er blond. Italienere er ikke sjenerte n\u00e5r det kommer til \u00e5 stirre p\u00e5 folk.<\/p>\n<p class=\"_paragraph_o9xde_4 _paragraph_xtcu6_10 layout-component text-serif-m layout-normal text-serif-m layout-padded\">\u2013 Hvordan er moten i Milano sammenlignet med London?<\/p>\n<p class=\"_paragraph_o9xde_4 _paragraph_xtcu6_10 layout-component text-serif-m layout-normal text-serif-m layout-padded\">\u2013 Italienere har litt spesiell stil synes jeg, i hvert fall noen av dem. Der er det ogs\u00e5 mye blikk. Hvis du pynter deg litt p\u00e5 gaten, g\u00e5r de med 360 grader med blikk.<\/p>\n<p><img alt=\"Foto: Herman Folvik\" class=\"_image_qp4xg_65 layout-component layout-normal\" data-fullscreen- data-track-element-type=\"Article image fullscreen\" data-track-name=\"ImageFullscreen\" decoding=\"async\" loading=\"lazy\" height=\"4896\" itemprop=\"image\"  src=\"https:\/\/www.europesays.com\/no\/wp-content\/uploads\/2025\/11\/998d9580-8225-4090-a763-4e5d908450ed\"  style=\"object-position:0% 0%\" width=\"3264\"\/>Foto: Herman Folvik<\/p>\n<p class=\"_paragraph_o9xde_4 _paragraph_xtcu6_10 layout-component text-serif-m layout-normal text-serif-m layout-padded\">\u2013 Gaten blir som en catwalk?<\/p>\n<p class=\"_paragraph_o9xde_4 _paragraph_xtcu6_10 layout-component text-serif-m layout-normal text-serif-m layout-padded\">\u2013 Det blir nesten litt som en catwalk, ja.<\/p>\n<p class=\"_paragraph_o9xde_4 _paragraph_xtcu6_10 layout-component text-serif-m layout-normal text-serif-m layout-padded\">\u2013 I London sentrum er det s\u00e5 mye turister, men jeg f\u00f8lte folk var pyntet og fjonge hele tiden der. Men \u00d8st-London hvor jeg bodde var det veldig annerledes.<\/p>\n<p class=\"_paragraph_o9xde_4 _paragraph_xtcu6_10 layout-component text-serif-m layout-normal text-serif-m layout-padded\">Det italienske kj\u00f8kkenet kan hun faktisk f\u00e5 litt nok av.<\/p>\n<p class=\"_paragraph_o9xde_4 _paragraph_xtcu6_10 layout-component text-serif-m layout-normal text-serif-m layout-padded\">\u2013 De har verdens beste is her. Men man blir lei av pizza, pasta og risotto til slutt. Jeg er veldig glad i \u00e5 lage mat, s\u00e5 det blir til at jeg gj\u00f8r det en del.<\/p>\n<p class=\"_paragraph_o9xde_4 _paragraph_xtcu6_10 layout-component text-serif-m layout-normal text-serif-m layout-padded\">Vi m\u00e5 tilbake til fotballen:<\/p>\n<p class=\"_paragraph_o9xde_4 _paragraph_xtcu6_10 layout-component text-serif-m layout-normal text-serif-m layout-padded\">\u2013 Hvordan er det \u00e5 komme til en s\u00e5 stor klubb som AC Milan sammenlignet med \u00e5 spille i Toppserien?<\/p>\n<p class=\"_paragraph_o9xde_4 _paragraph_xtcu6_10 layout-component text-serif-m layout-normal text-serif-m layout-padded\">\u2013 Forskjellen er stor. I Norge er det dessverre s\u00e5 er det et f\u00e5tall som kan leve av det. Jeg hadde deltidsjobb p\u00e5 Follestad mens jeg spilte i Norge, som en sideinntekt og fordi jeg er veldig glad i mote. Men hadde jeg tjent nok, ville jeg ikke hatt den jobben. Her lever man veldig godt.<\/p>\n<p class=\"_paragraph_o9xde_4 _paragraph_xtcu6_10 layout-component text-serif-m layout-normal text-serif-m layout-padded\">\u2013 Det er mange nordmenn i Italia n\u00e5. Er det fordi noen agenter har gode forbindelser hit, eller er kvinnefotballen p\u00e5 vei opp her?<\/p>\n<p><img alt=\"Thea Kyv\u00e5g for AC Milan.  Foto: Sara Cavallini \/ AC Milan via Getty Images\" class=\"_image_qp4xg_65 layout-component layout-normal\" data-fullscreen- data-track-element-type=\"Article image fullscreen\" data-track-name=\"ImageFullscreen\" decoding=\"async\" loading=\"lazy\" height=\"4000\" itemprop=\"image\"  src=\"https:\/\/www.europesays.com\/no\/wp-content\/uploads\/2025\/11\/4c00551f-388b-4080-a131-8c3a744333b9\"  style=\"object-position:0% 0%\" width=\"6000\"\/>Thea Kyv\u00e5g for AC Milan.  Foto: Sara Cavallini \/ AC Milan via Getty Images<\/p>\n<p class=\"_paragraph_o9xde_4 _paragraph_xtcu6_10 layout-component text-serif-m layout-normal text-serif-m layout-padded\">\u2013 Hundre prosent fordi profesjonaliteten er bedre enn i Norge. Man kan leve av det. S\u00e5 er jo Italia et veldig kult, fint land \u00e5 bo i. Det er en grunn til at folk drar hit p\u00e5 ferie. Det er supernice.<\/p>\n<p class=\"_paragraph_o9xde_4 _paragraph_xtcu6_10 layout-component text-serif-m layout-normal text-serif-m layout-padded\">Toppserien er rangert som den \u00e5ttende beste i Europa, tre plasser bak Serie Atre plasser bak Serie ATopp fire: Spania, Frankrike, England, Tyskland. . I et strategidokument fra NFF i fjor ble det satt som m\u00e5l at Toppserien skal bli en topp 6-liga innen 2030 og profesjonaliseres, b\u00e5de sportslig og kommersielt.<\/p>\n<p class=\"_paragraph_o9xde_4 _paragraph_xtcu6_10 layout-component text-serif-m layout-normal text-serif-m layout-padded\">\u2013 Har du troen p\u00e5 at Toppserien kan bli bedre?<\/p>\n<p class=\"_paragraph_o9xde_4 _paragraph_xtcu6_10 layout-component text-serif-m layout-normal text-serif-m layout-padded\">\u2013 Jeg h\u00e5per det, men vi som spillere m\u00e5 v\u00e6re egoistiske og ta stegene som passer oss best. I utlandet blir man dessverre mer proff med en gang.<\/p>\n<p><img alt=\"Thea Kyv\u00e5g feirer under en kamp for LSK Kvinner mot V\u00e5lerenga i 2023.  Foto: Lise \u00c5serud \/ NTB\" class=\"_image_qp4xg_65 layout-component layout-normal\" data-fullscreen- data-track-element-type=\"Article image fullscreen\" data-track-name=\"ImageFullscreen\" decoding=\"async\" loading=\"lazy\" height=\"3026\" itemprop=\"image\"  src=\"https:\/\/www.europesays.com\/no\/wp-content\/uploads\/2025\/11\/d548b88b-ae1e-4344-99c2-58afe491d1b0\"  style=\"object-position:0% 0%\" width=\"4242\"\/>Thea Kyv\u00e5g feirer under en kamp for LSK Kvinner mot V\u00e5lerenga i 2023.  Foto: Lise \u00c5serud \/ NTB<\/p>\n<p class=\"_paragraph_o9xde_4 _paragraph_xtcu6_10 layout-component text-serif-m layout-normal text-serif-m layout-padded\">\u2013 Du fikk merke noen av utfordringene med LSK Kvinner som har v\u00e6rt gjennom store \u00f8konomiske problemer &#8230;?<\/p>\n<p class=\"_paragraph_o9xde_4 _paragraph_xtcu6_10 layout-component text-serif-m layout-normal text-serif-m layout-padded\">\u2013 Ja &#8230; Det var en interessant opplevelse &#8230; Spesielt. Og trist at det m\u00e5tte skje. Men de har jo klart \u00e5 reise seg, s\u00e5 det er jo bra.<\/p>\n<p class=\"_paragraph_o9xde_4 _paragraph_xtcu6_10 layout-component text-serif-m layout-normal text-serif-m layout-padded\">\u2013 AC Milan er en stor klubb, ser du noe til Zlatan Ibrahimovic, Luka Modric eller Rafael Le\u00e3o?<\/p>\n<p class=\"_paragraph_o9xde_4 _paragraph_xtcu6_10 layout-component text-serif-m layout-normal text-serif-m layout-padded\">\u2013 Man m\u00f8ter ikke dem ofte, nei. Jeg har ikke m\u00f8tt dem i hverdagen.<\/p>\n<p class=\"_paragraph_o9xde_4 _paragraph_xtcu6_10 layout-component text-serif-m layout-normal text-serif-m layout-padded\">Kvinnelaget til AC Milan holder til p\u00e5 anlegget Centro Sportivo Vismara. AC Milan ligger p\u00e5 sjetteplass, seks poeng bak Roma etter seks runder.\u00a0<\/p>\n","protected":false},"excerpt":{"rendered":"Thea Kyv\u00e5g (21) storkoser seg i Milano etter sommerens overgang fra LSK Kvinner til AC Milan. Hun mener&hellip;\n","protected":false},"author":2,"featured_media":90925,"comment_status":"","ping_status":"","sticky":false,"template":"","format":"standard","meta":{"footnotes":""},"categories":[59],"tags":[1066,92,4869,30,28,29,83,82],"class_list":{"0":"post-90924","1":"post","2":"type-post","3":"status-publish","4":"format-standard","5":"has-post-thumbnail","7":"category-sport","8":"tag-ac-milan","9":"tag-fotball","10":"tag-milano","11":"tag-no","12":"tag-norge","13":"tag-norway","14":"tag-sport","15":"tag-sports"},"share_on_mastodon":{"url":"https:\/\/pubeurope.com\/@no\/115576269070578076","error":""},"_links":{"self":[{"href":"https:\/\/www.europesays.com\/no\/wp-json\/wp\/v2\/posts\/90924","targetHints":{"allow":["GET"]}}],"collection":[{"href":"https:\/\/www.europesays.com\/no\/wp-json\/wp\/v2\/posts"}],"about":[{"href":"https:\/\/www.europesays.com\/no\/wp-json\/wp\/v2\/types\/post"}],"author":[{"embeddable":true,"href":"https:\/\/www.europesays.com\/no\/wp-json\/wp\/v2\/users\/2"}],"replies":[{"embeddable":true,"href":"https:\/\/www.europesays.com\/no\/wp-json\/wp\/v2\/comments?post=90924"}],"version-history":[{"count":0,"href":"https:\/\/www.europesays.com\/no\/wp-json\/wp\/v2\/posts\/90924\/revisions"}],"wp:featuredmedia":[{"embeddable":true,"href":"https:\/\/www.europesays.com\/no\/wp-json\/wp\/v2\/media\/90925"}],"wp:attachment":[{"href":"https:\/\/www.europesays.com\/no\/wp-json\/wp\/v2\/media?parent=90924"}],"wp:term":[{"taxonomy":"category","embeddable":true,"href":"https:\/\/www.europesays.com\/no\/wp-json\/wp\/v2\/categories?post=90924"},{"taxonomy":"post_tag","embeddable":true,"href":"https:\/\/www.europesays.com\/no\/wp-json\/wp\/v2\/tags?post=90924"}],"curies":[{"name":"wp","href":"https:\/\/api.w.org\/{rel}","templated":true}]}}