{"id":90930,"date":"2025-11-19T12:09:03","date_gmt":"2025-11-19T12:09:03","guid":{"rendered":"https:\/\/www.europesays.com\/no\/90930\/"},"modified":"2025-11-19T12:09:03","modified_gmt":"2025-11-19T12:09:03","slug":"elon-musk-advarer-bill-gates-lukk-den-gale-shorten","status":"publish","type":"post","link":"https:\/\/www.europesays.com\/no\/90930\/","title":{"rendered":"Elon Musk advarer Bill Gates: \u2013 Lukk den \u00abgale shorten\u00bb"},"content":{"rendered":"<p>\u2013 Hvis Gates ikke har lukket den gale shortposisjonen han har holdt mot Tesla i rundt \u00e5tte \u00e5r, b\u00f8r han gj\u00f8re det snart\u00bb, skrev Elon Musk p\u00e5 X s\u00f8ndag.<\/p>\n<blockquote class=\"twitter-tweet clear-none\">\n<p lang=\"en\" dir=\"ltr\">If Gates hasn\u2019t fully closed out the crazy short position he has held against Tesla for ~8 years, he had better do so soon <\/p>\n<p>\u2014 Elon Musk (@elonmusk) <a href=\"https:\/\/twitter.com\/elonmusk\/status\/1990025554129719694?ref_src=twsrc%5Etfw\" rel=\"nofollow noopener\" target=\"_blank\">November 16, 2025<\/a><\/p><\/blockquote>\n<p class=\"\">Innlegget kom som svar p\u00e5 et innlegg p\u00e5 X om at Gates Foundation nylig hadde solgt 65 prosent av aksjene i Microsoft for 8,8 milliarder dollar. Elon Musk gjenopplivet med det konflikten som startet tilbake i 2022. Gates hadde da shortet Tesla for rundt 500 millioner dollar \u2013 noe som utl\u00f8ste en iskald SMS-utveksling mellom de to teknologigr\u00fcnderne, skriver <a href=\"https:\/\/fortune.com\/2025\/11\/18\/elon-musk-bill-gates-billionaire-beef-tesla-short-position\/\" target=\"_blank\" rel=\"nofollow noopener\">Fotune<\/a>.<\/p>\n<p>Elon Musk advarte ogs\u00e5 for et \u00e5r siden om at dersom Tesla blir verdens mest verdifulle selskap kan shorten gj\u00f8re at selv Bill Gates kan g\u00e5 konkurs.<\/p>\n<p class=\"subhead\" data-element-type=\"subhead\" data-element-label=\"Mellomtittel\">\u2013 Ikke ta det for personlig<\/p>\n<p>Tesla-sjefen har hatt et horn i siden til filantropen Bill Gates og gjorde det ogs\u00e5 klart i 2022 at han ikke \u00f8nsket \u00e5 diskutere klimafond eller filantropi med Gates s\u00e5 lenge Microsoft-gr\u00fcnderen shortet selskapet \u00absom gj\u00f8r mest for \u00e5 l\u00f8se klimautfordringene\u00bb. Han fulgte ogs\u00e5 opp med en spydig kommentar om Gates\u2019 vekt p\u00e5 X.<\/p>\n<p class=\"\">Bill Gates har tidligere forklart shortposisjonen som en del av egen \u00abdiversifisering\u00bb, og ment at Musk kan v\u00e6re \u00absupermean\u00bb mot mange \u2013 og at man ikke m\u00e5 ta det for personlig.<\/p>\n<p class=\"\">If\u00f8lge Walter Isaacsons Musk-biografi har shortposisjonen gitt Gates tap p\u00e5 rundt 1,5 milliarder dollar, basert p\u00e5 kursniv\u00e5er rundt 400 dollar aksjen.\u00a0<\/p>\n<p class=\"\">Mandag endte Tesla-kursen opp 1,7 prosent til 408,92 dollar. Det siste \u00e5ret er aksjen opp 31,4 prosent, men fremdeles ned 14,8 prosent fra all-time high p\u00e5 479,86 dollar 17. desember 2024.<\/p>\n<p class=\"subhead\" data-element-type=\"subhead\" data-element-label=\"Mellomtittel\">Selvsikker Musk<\/p>\n<p class=\"\">Elon Musk kommer med stikket til Bill Gates idet han selv g\u00e5r seiersrunden etter at Tesla-aksjon\u00e6rene nylig godkjente den enorme kompensasjonspakken hans.<\/p>\n<p class=\"\">Dersom Musk leverer p\u00e5 en rekke h\u00f8ye vekstm\u00e5l, kan l\u00f8nnspakken i teorien v\u00e6re verdt opptil 1.000 milliarder dollar. Det vil i s\u00e5 fall befeste hans posisjonen som verdens rikeste ogs\u00e5 i \u00e5rene som kommer.<\/p>\n<p><script async src=\"https:\/\/platform.twitter.com\/widgets.js\" charset=\"utf-8\"><\/script><\/p>\n","protected":false},"excerpt":{"rendered":"\u2013 Hvis Gates ikke har lukket den gale shortposisjonen han har holdt mot Tesla i rundt \u00e5tte \u00e5r,&hellip;\n","protected":false},"author":2,"featured_media":90931,"comment_status":"","ping_status":"","sticky":false,"template":"","format":"standard","meta":{"footnotes":""},"categories":[56],"tags":[60,61,62,30,28,29],"class_list":{"0":"post-90930","1":"post","2":"type-post","3":"status-publish","4":"format-standard","5":"has-post-thumbnail","7":"category-naeringsliv","8":"tag-business","9":"tag-economy","10":"tag-naeringsliv","11":"tag-no","12":"tag-norge","13":"tag-norway"},"share_on_mastodon":{"url":"https:\/\/pubeurope.com\/@no\/115576292417083051","error":""},"_links":{"self":[{"href":"https:\/\/www.europesays.com\/no\/wp-json\/wp\/v2\/posts\/90930","targetHints":{"allow":["GET"]}}],"collection":[{"href":"https:\/\/www.europesays.com\/no\/wp-json\/wp\/v2\/posts"}],"about":[{"href":"https:\/\/www.europesays.com\/no\/wp-json\/wp\/v2\/types\/post"}],"author":[{"embeddable":true,"href":"https:\/\/www.europesays.com\/no\/wp-json\/wp\/v2\/users\/2"}],"replies":[{"embeddable":true,"href":"https:\/\/www.europesays.com\/no\/wp-json\/wp\/v2\/comments?post=90930"}],"version-history":[{"count":0,"href":"https:\/\/www.europesays.com\/no\/wp-json\/wp\/v2\/posts\/90930\/revisions"}],"wp:featuredmedia":[{"embeddable":true,"href":"https:\/\/www.europesays.com\/no\/wp-json\/wp\/v2\/media\/90931"}],"wp:attachment":[{"href":"https:\/\/www.europesays.com\/no\/wp-json\/wp\/v2\/media?parent=90930"}],"wp:term":[{"taxonomy":"category","embeddable":true,"href":"https:\/\/www.europesays.com\/no\/wp-json\/wp\/v2\/categories?post=90930"},{"taxonomy":"post_tag","embeddable":true,"href":"https:\/\/www.europesays.com\/no\/wp-json\/wp\/v2\/tags?post=90930"}],"curies":[{"name":"wp","href":"https:\/\/api.w.org\/{rel}","templated":true}]}}