{"id":90938,"date":"2025-11-19T12:14:47","date_gmt":"2025-11-19T12:14:47","guid":{"rendered":"https:\/\/www.europesays.com\/no\/90938\/"},"modified":"2025-11-19T12:14:47","modified_gmt":"2025-11-19T12:14:47","slug":"jeff-bezos-og-lauren-sanchez-sponsorer-for-met-gallaen-2025","status":"publish","type":"post","link":"https:\/\/www.europesays.com\/no\/90938\/","title":{"rendered":"Jeff Bezos og Lauren S\u00e1nchez: Sponsorer for Met-gallaen 2025"},"content":{"rendered":"<p class=\"kicker \" style=\"\">Met-gallaen<\/p>\n<p>  Motebransjen reagerer etter sjokknyhet.<\/p>\n<p>\n    \u00c5PNER LOMMEBOKA: Lauren S\u00e1nchez og Jeff Bezos blir sponsorer av motebransjens festaften. Foto: NTB.\n  <\/p>\n<p>\u00abKj\u00f8per han virkelig Vogue i bryllupsgave?\u00bb spurte KK da Amazon-gr\u00fcnder, og verdens rikeste mann, Jeff Bezos giftet seg med sin Lauren S\u00e1nchez i Venezia tidligere i \u00e5r.\u00a0<\/p>\n<p>    <a itemprop=\"url\" href=\"https:\/\/www.kk.no\/mote\/absurd-flashing-av-rikdom-og-makt\/83257272\" rel=\"nofollow noopener\" target=\"_blank\"><\/p>\n<p>      <img loading=\"lazy\" decoding=\"async\" src=\"https:\/\/www.europesays.com\/no\/wp-content\/uploads\/2025\/11\/83286101.webp\" width=\"980\" height=\"441\" title=\"\u2013 Absurd flashing av rikdom og makt\" alt=\"\" class=\"lazyload\" style=\"--aspect-ratio-image: 2.22; \"\/><\/p>\n<p>        \u2013 Absurd flashing av rikdom og makt<\/p>\n<p>    <\/a><\/p>\n<p class=\"font-weight-bold m-font-weight-bold\" data-lab-font_weight=\"font-weight-bold\">Ryktene om oppkj\u00f8p skapte nemlig overskrifter verden over, men s\u00e5 rant de liksom ut i den ber\u00f8mmelige sanden.<\/p>\n<p>          <img loading=\"lazy\" decoding=\"async\" src=\"https:\/\/www.europesays.com\/no\/wp-content\/uploads\/2025\/11\/83872052.webp\" width=\"980\" height=\"657\" title=\"I GODE OG ONDE DAGER: De to giftet seg i Venezia tidligere i \u00e5r. Festen varte tre dager til ende. Foto: NTB.\" alt=\"\" class=\"\" style=\"--aspect-ratio-image: 1.49; \"\/><\/p>\n<p>\n          I GODE OG ONDE DAGER: De to giftet seg i Venezia tidligere i \u00e5r. Festen varte tre dager til ende. Foto: NTB.\n      <\/p>\n<p>Spekulasjonene n\u00e5dde et slags toppunkt\u00a0 da S\u00e1nchez prydet den digitale forsiden av den amerikanske utgaven av motemagasinet \u2013 like f\u00f8r Anna Wintour sin varslede avgang som sjefredakt\u00f8r.<\/p>\n<p>    <a itemprop=\"url\" href=\"https:\/\/www.kk.no\/mote\/de-forste-bildene\/83410362\" rel=\"nofollow noopener\" target=\"_blank\"><\/p>\n<p>      <img loading=\"lazy\" decoding=\"async\" src=\"https:\/\/www.europesays.com\/no\/wp-content\/uploads\/2025\/11\/83410370.webp\" width=\"980\" height=\"441\" title=\"Her er de f\u00f8rste bildene\" alt=\"\" class=\"lazyload\" style=\"--aspect-ratio-image: 2.22; \"\/><\/p>\n<p>        Her er de f\u00f8rste bildene<\/p>\n<p>    <\/a><\/p>\n<p>Timingen fikk mange til \u00e5 lure p\u00e5 om det faktisk var mer enn bare en tilfeldighet.<\/p>\n<p>N\u00e5 ble det ikke slik, forel\u00f8pig i alle fall.<\/p>\n<p>          <img loading=\"lazy\" decoding=\"async\" src=\"https:\/\/www.europesays.com\/no\/wp-content\/uploads\/2025\/11\/83872051.webp\" width=\"980\" height=\"657\" title=\"SJEFEN SJ\u00d8L: Vogue-sjef Anna Wintour har v\u00e6rt Met-gallaens store beskytter i en \u00e5rrekke. Foto: NTB.\" alt=\"\" class=\"\" style=\"--aspect-ratio-image: 1.49; \"\/><\/p>\n<p>\n          SJEFEN SJ\u00d8L: Vogue-sjef Anna Wintour har v\u00e6rt Met-gallaens store beskytter i en \u00e5rrekke. Foto: NTB.\n      <\/p>\n<p class=\"font-weight-bold m-font-weight-bold\" data-lab-font_weight=\"font-weight-bold\">Det hadde i s\u00e5 fall v\u00e6rt noks\u00e5 oppsiktsvekkende og hadde mest sannsynlig rokket ytterligere ved (mote)medienes troverdighet.\u00a0<\/p>\n<p>    <a itemprop=\"url\" href=\"https:\/\/www.kk.no\/mote\/det-er-aldri-feil\/83083712\" rel=\"nofollow noopener\" target=\"_blank\"><\/p>\n<p>      <img loading=\"lazy\" decoding=\"async\" src=\"https:\/\/www.europesays.com\/no\/wp-content\/uploads\/2025\/11\/83099961.webp\" width=\"980\" height=\"441\" title=\"\u2013 Det er aldri feil\" alt=\"\" class=\"lazyload\" style=\"--aspect-ratio-image: 2.22; \"\/><\/p>\n<p>        \u2013 Det er aldri feil<\/p>\n<p>    <\/a><\/p>\n<p class=\"font-weight-bold m-font-weight-bold\" data-lab-font_weight=\"font-weight-bold\">Men noe er helt klart i emning.\u00a0<\/p>\n<p class=\"font-weight-bold m-font-weight-bold\" data-lab-font_weight=\"font-weight-bold\">For tirsdag kom nyheten om at superparet er Met-gallaens sponsorer.<\/p>\n<p>          <img loading=\"lazy\" decoding=\"async\" src=\"https:\/\/www.europesays.com\/no\/wp-content\/uploads\/2025\/11\/83872050.webp\" width=\"980\" height=\"1549\" title=\"SELSKREVEN GJEST: Jenna Ortega under \u00e5rets Met-galla. Foto: NTB.\" alt=\"\" class=\"\" style=\"--aspect-ratio-image: 0.63; \"\/><\/p>\n<p>\n          SELSKREVEN GJEST: Jenna Ortega under \u00e5rets Met-galla. Foto: NTB.\n      <\/p>\n<p class=\"font-weight-bold m-font-weight-bold\" data-lab-font_weight=\"font-weight-bold\">Ja, moteverdenens store festaften.\u00a0<\/p>\n<p class=\"font-weight-normal m-font-weight-normal\" data-lab-font_weight=\"font-weight-normal\">Motebransjens svar p\u00e5 Oscar-utdelingen.<\/p>\n<p>    Met-gallaen<\/p>\n<p>Met-gallaen ble f\u00f8rste gang arrangert i 1948, og er en \u00e5rlig innsamlingsgalla til inntekt for kostymeinstituttet med Metropolitan Museum of Arts i New York.<\/p>\n<p>Hvert \u00e5r samler gallaen inn millioner av dollar ved salg av billetter som koster rundt 35 000 dollar og bord opp til 300 000 dollar.<\/p>\n<p>Gallaen beskriver gjerne som \u00e5rets st\u00f8rste motefest, og sammenlignes med Oscar-utdelingen for moteverdenen.<\/p>\n<p>En utstillingen arrangeres i tilknytning til gallaen. Det er temaet for utstillingen som bestemmer gallaens kleskode.<\/p>\n<p>Tema for \u00e5rets utstilling er \u00abCostume Art\u00bb.<\/p>\n<p>      Vis mer<br \/>\n      Vis mindre<\/p>\n<p class=\"font-weight-normal m-font-weight-normal\" data-lab-font_weight=\"font-weight-normal\">At sponsorer er involvert, er ikke nytt.\u00a0<\/p>\n<p class=\"font-weight-bold m-font-weight-bold\" data-lab-font_weight=\"font-weight-bold\">For det handler selvsagt om penger.\u00a0<\/p>\n<p class=\"font-weight-normal m-font-weight-normal\" data-lab-font_weight=\"font-weight-normal\">Met-gallaen g\u00e5r tradisjonen tro av stabelen den f\u00f8rste mandagen i mai hvert \u00e5r. Hit kommer alt som kan krype og g\u00e5 av motekjendiser. Ja, de som er blitt invitert av sjefen sj\u00f8l, Anna Wintour.<\/p>\n<p>    <a itemprop=\"url\" href=\"https:\/\/www.kk.no\/mote\/samlet-inn-rekordbelop\/83063819\" rel=\"nofollow noopener\" target=\"_blank\"><\/p>\n<p>      <img loading=\"lazy\" decoding=\"async\" src=\"https:\/\/www.europesays.com\/no\/wp-content\/uploads\/2025\/11\/83063986.webp\" width=\"980\" height=\"441\" title=\"Samlet inn rekordbel\u00f8p\" alt=\"\" class=\"lazyload\" style=\"--aspect-ratio-image: 2.22; \"\/><\/p>\n<p>        Samlet inn rekordbel\u00f8p <\/p>\n<p>    <\/a><\/p>\n<p class=\"font-weight-normal m-font-weight-normal\" data-lab-font_weight=\"font-weight-normal\">For det er notorisk vanskelig \u00e5 havne p\u00e5 den sv\u00e6rt s\u00e5 eksklusive gjestelisten her.<\/p>\n<p>          <img loading=\"lazy\" decoding=\"async\" src=\"https:\/\/www.europesays.com\/no\/wp-content\/uploads\/2025\/11\/83872049.webp\" width=\"980\" height=\"1382\" title=\"KLESKODE: Dua Lipa treffer blink under \u00e5rets motefest. Foto: NTB.\" alt=\"\" class=\"\" style=\"--aspect-ratio-image: 0.71; \"\/><\/p>\n<p>\n          KLESKODE: Dua Lipa treffer blink under \u00e5rets motefest. Foto: NTB.\n      <\/p>\n<p class=\"font-weight-normal m-font-weight-normal\" data-lab-font_weight=\"font-weight-normal\">Og skulle du v\u00e6re s\u00e5 heldig \u00e5 gj\u00f8re det, er det ikke akkurat gratis \u00e5 komme inn.<\/p>\n<p class=\"font-weight-normal m-font-weight-normal\" data-lab-font_weight=\"font-weight-normal\">Rundt 450 inviterte gjester var det i fjor, fra b\u00e5de moteverdenen, men ogs\u00e5 b\u00e5de kunstens, sportens og politikkens verden.<\/p>\n<p class=\"font-weight-bold m-font-weight-bold\" data-lab-font_weight=\"font-weight-bold\">Og inngangsprisen? 75 000 dollar, i underkant av 780 000 norske kroner.\u00a0<\/p>\n<p>    <a itemprop=\"url\" href=\"https:\/\/www.kk.no\/mote\/nakenkjolen-skal-ingen-steder\/83047968\" rel=\"nofollow noopener\" target=\"_blank\"><\/p>\n<p>      <img loading=\"lazy\" decoding=\"async\" src=\"https:\/\/www.europesays.com\/no\/wp-content\/uploads\/2025\/11\/83048148.webp\" width=\"980\" height=\"441\" title=\"\u2013 Nakenkjolen skal ingen steder\" alt=\"\" class=\"lazyload\" style=\"--aspect-ratio-image: 2.22; \"\/><\/p>\n<p>        \u2013 Nakenkjolen skal ingen steder<\/p>\n<p>    <\/a><\/p>\n<p class=\"font-weight-normal m-font-weight-normal\" data-lab-font_weight=\"font-weight-normal\">Et bord for ti, sa du? 3,5 millioner, takk!<\/p>\n<p class=\"font-weight-normal m-font-weight-normal\" data-lab-font_weight=\"font-weight-normal\">Det er dog som oftes ikke gjestene som betaler selv. For bordene kj\u00f8pes gjerne av motehus, merker eller selskaper som igjen inviterer de gjestene de vil ha med.<\/p>\n<p class=\"font-weight-normal m-font-weight-normal\" data-lab-font_weight=\"font-weight-normal\">Som alle m\u00e5 godkjennes av Wintour.<\/p>\n<p class=\"font-weight-bold m-font-weight-bold\" data-lab-font_weight=\"font-weight-bold\">Slik pleide det i alle fall \u00e5 v\u00e6re tidligere.<\/p>\n<p>          <img loading=\"lazy\" decoding=\"async\" src=\"https:\/\/www.europesays.com\/no\/wp-content\/uploads\/2025\/11\/83872048.webp\" width=\"980\" height=\"1470\" title=\"KOMMER HUN? Rihanna h\u00f8ygravid p\u00e5 den r\u00f8de l\u00f8peren under \u00e5rets motefest. Foto: NTB.\" alt=\"\" class=\"\" style=\"--aspect-ratio-image: 0.67; \"\/><\/p>\n<p>\n          KOMMER HUN? Rihanna h\u00f8ygravid p\u00e5 den r\u00f8de l\u00f8peren under \u00e5rets motefest. Foto: NTB.\n      <\/p>\n<p class=\"font-weight-bold m-font-weight-bold\" data-lab-font_weight=\"font-weight-bold\">S\u00e5 hva vil egentlig skje med gallaen n\u00e5?\u00a0<\/p>\n<p class=\"font-weight-bold m-font-weight-bold\" data-lab-font_weight=\"font-weight-bold\">Sjansen er noks\u00e5 stor for at Bezos og S\u00e1nchez vil ha en finger med i spillet hva gjelder den eksklusive gjestelisten.<\/p>\n<p class=\"font-weight-bold m-font-weight-bold\" data-lab-font_weight=\"font-weight-bold\">Kanskje er det prisen man m\u00e5 betale?<\/p>\n<p>    <a itemprop=\"url\" href=\"https:\/\/www.kk.no\/mote\/vogue-redaktoren-viser-frem-kjaeresten-for-forste-gang\/79185217\" rel=\"nofollow noopener\" target=\"_blank\"><\/p>\n<p>      <img loading=\"lazy\" decoding=\"async\" src=\"https:\/\/www.europesays.com\/no\/wp-content\/uploads\/2025\/11\/79185473.webp\" width=\"980\" height=\"441\" title=\"Vogue-redakt\u00f8ren (73) viser frem kj\u00e6resten for f\u00f8rste gang\" alt=\"\" class=\"lazyload\" style=\"--aspect-ratio-image: 2.22; \"\/><\/p>\n<p>        Vogue-redakt\u00f8ren (73) viser frem kj\u00e6resten for f\u00f8rste gang<\/p>\n<p>    <\/a><\/p>\n<p class=\"font-weight-normal m-font-weight-normal\" data-lab-font_weight=\"font-weight-normal\">For gallaen koster det hvite ut av \u00f8yet \u00e5 arrangere. Vi snakker millioner av dollar. Det krever sponsorer med dype lommer.<\/p>\n<p class=\"font-weight-normal m-font-weight-normal\" data-lab-font_weight=\"font-weight-normal\">Met-gallaen har vanligvis hatt et motehus som hovedsponsor. I \u00e5r var det Louis Vuitton, og neste \u00e5r er Saint Laurent med, men som en slags tilleggssponsor.<\/p>\n<p>          <img loading=\"lazy\" decoding=\"async\" src=\"https:\/\/www.europesays.com\/no\/wp-content\/uploads\/2025\/11\/83871974.webp\" width=\"980\" height=\"1363\" title=\"SUPERPAR: Jeff Bezos og Lauren S\u00e1nchez h\u00e5nd i h\u00e5nd p\u00e5 vei ut fra luksushotellet The Ritz i Paris. Foto: NTB.\" alt=\"\" class=\"\" style=\"--aspect-ratio-image: 0.72; \"\/><\/p>\n<p>\n          SUPERPAR: Jeff Bezos og Lauren S\u00e1nchez h\u00e5nd i h\u00e5nd p\u00e5 vei ut fra luksushotellet The Ritz i Paris. Foto: NTB.\n      <\/p>\n<p class=\"font-weight-bold m-font-weight-bold\" data-lab-font_weight=\"font-weight-bold\">De kler i sin tur opp noen av verdens st\u00f8rste stjerner. Det er big business.<\/p>\n<p class=\"font-weight-bold m-font-weight-bold\" data-lab-font_weight=\"font-weight-bold\">For penga r\u00e5r, og gallaen har tidligere v\u00e6rt sponset av Instagram og TikTok.<\/p>\n<p class=\"font-weight-normal m-font-weight-normal\" data-lab-font_weight=\"font-weight-normal\">Temaet for neste \u00e5rs galla er allerede bestemt. Det skaper gjerne overskrifter, men har liksom druknet litt i den andre og langt mer kontroversielle nyheten.\u00a0<\/p>\n<p class=\"font-weight-normal m-font-weight-normal\" data-lab-font_weight=\"font-weight-normal\">\u00abCostume Art\u00bb, er alts\u00e5 temaet \u2013 og med det ogs\u00e5 navnet p\u00e5 utstillingen p\u00e5 museet som alts\u00e5 ogs\u00e5 sponset av superparet. Den skal visstnok fokusere p\u00e5 \u00abden udelelige forbindelsen mellom kroppene v\u00e5re og kl\u00e6rne vi har p\u00e5 oss\u00bb, if\u00f8lge Met-kurator Andrew Bolton.<\/p>\n","protected":false},"excerpt":{"rendered":"Met-gallaen Motebransjen reagerer etter sjokknyhet. \u00c5PNER LOMMEBOKA: Lauren S\u00e1nchez og Jeff Bezos blir sponsorer av motebransjens festaften. Foto:&hellip;\n","protected":false},"author":2,"featured_media":90939,"comment_status":"","ping_status":"","sticky":false,"template":"","format":"standard","meta":{"footnotes":""},"categories":[58],"tags":[11920,71,1820,479,11922,11923,4024,11924,30,28,29,5825,72,11921,3965],"class_list":{"0":"post-90938","1":"post","2":"type-post","3":"status-publish","4":"format-standard","5":"has-post-thumbnail","7":"category-underholdning","8":"tag-anna-wintour","9":"tag-entertainment","10":"tag-jeff-bezos","11":"tag-kjendis","12":"tag-lauren-sanchez","13":"tag-met-galla","14":"tag-mote","15":"tag-motefest","16":"tag-no","17":"tag-norge","18":"tag-norway","19":"tag-rod-loper","20":"tag-underholdning","21":"tag-verdens-rikeste","22":"tag-vogue"},"share_on_mastodon":{"url":"https:\/\/pubeurope.com\/@no\/115576312199388842","error":""},"_links":{"self":[{"href":"https:\/\/www.europesays.com\/no\/wp-json\/wp\/v2\/posts\/90938","targetHints":{"allow":["GET"]}}],"collection":[{"href":"https:\/\/www.europesays.com\/no\/wp-json\/wp\/v2\/posts"}],"about":[{"href":"https:\/\/www.europesays.com\/no\/wp-json\/wp\/v2\/types\/post"}],"author":[{"embeddable":true,"href":"https:\/\/www.europesays.com\/no\/wp-json\/wp\/v2\/users\/2"}],"replies":[{"embeddable":true,"href":"https:\/\/www.europesays.com\/no\/wp-json\/wp\/v2\/comments?post=90938"}],"version-history":[{"count":0,"href":"https:\/\/www.europesays.com\/no\/wp-json\/wp\/v2\/posts\/90938\/revisions"}],"wp:featuredmedia":[{"embeddable":true,"href":"https:\/\/www.europesays.com\/no\/wp-json\/wp\/v2\/media\/90939"}],"wp:attachment":[{"href":"https:\/\/www.europesays.com\/no\/wp-json\/wp\/v2\/media?parent=90938"}],"wp:term":[{"taxonomy":"category","embeddable":true,"href":"https:\/\/www.europesays.com\/no\/wp-json\/wp\/v2\/categories?post=90938"},{"taxonomy":"post_tag","embeddable":true,"href":"https:\/\/www.europesays.com\/no\/wp-json\/wp\/v2\/tags?post=90938"}],"curies":[{"name":"wp","href":"https:\/\/api.w.org\/{rel}","templated":true}]}}