{"id":90948,"date":"2025-11-19T12:27:10","date_gmt":"2025-11-19T12:27:10","guid":{"rendered":"https:\/\/www.europesays.com\/no\/90948\/"},"modified":"2025-11-19T12:27:10","modified_gmt":"2025-11-19T12:27:10","slug":"sikkerheten-skal-oppgraderes-etter-tyveriet-pa-louvre-2","status":"publish","type":"post","link":"https:\/\/www.europesays.com\/no\/90948\/","title":{"rendered":"Sikkerheten skal oppgraderes etter tyveriet p\u00e5 Louvre"},"content":{"rendered":"\n<p class=\"_lead_o9xde_2 _lead_xtcu6_50 layout-component text-serif-m layout-normal text-serif-l layout-component layout-wide layout-padded _wide_17hqh_1 layout-padded\">Museet skal oppgradere sikkerheten som en f\u00f8lge av det spektakul\u00e6re juvel-ranet tidligere i h\u00f8st.<\/p>\n<p><img alt=\"Sikkerheten rundt Louvre-museet skal styrkes.  Foto: Thomas Padilla \/ AP \/ NTB\" class=\"_image_qp4xg_65 layout-component layout-wide\" data-fullscreen- data-track-element-type=\"Article image fullscreen\" data-track-name=\"ImageFullscreen\" fetchpriority=\"high\" decoding=\"sync\" loading=\"eager\" height=\"4460\" itemprop=\"image\"  src=\"https:\/\/www.europesays.com\/no\/wp-content\/uploads\/2025\/11\/1763555229_241_6c2c4b58-ee54-4120-99e2-027db5796904\"  style=\"object-position:0% 0%\" width=\"6691\"\/>Sikkerheten rundt Louvre-museet skal styrkes.  Foto: Thomas Padilla \/ AP \/ NTB<\/p>\n<ul aria-hidden=\"true\" class=\"_images_18f0k_111\">\n<li><a class=\"_link_18f0k_116\" href=\"https:\/\/www.vg.no\/forfatter\/ntb\" style=\"z-index:1\" title=\"NTB\" rel=\"nofollow noopener\" target=\"_blank\"><img alt=\"Bilde av NTB\" class=\"_image_18f0k_93\" fetchpriority=\"low\" loading=\"lazy\" decoding=\"async\" itemprop=\"image\"  src=\"https:\/\/www.europesays.com\/no\/wp-content\/uploads\/2025\/11\/1763555229_599_c33980b0-5d07-4027-84a1-813f90a7c8d6\"  width=\"480\"\/><\/a><\/li>\n<\/ul>\n<p> Oppdatert onsdag 19. november kl. 12:20     <\/p>\n<p class=\"_paragraph_o9xde_4 _paragraph_xtcu6_10 layout-component text-serif-m layout-normal text-serif-m layout-padded\">Kameraene skal etter planen v\u00e6re p\u00e5 plass innen slutten av neste \u00e5r, opplyser museet. <\/p>\n<p class=\"_paragraph_o9xde_4 _paragraph_xtcu6_10 layout-component text-serif-m layout-normal text-serif-m layout-padded\">I tillegg skal museet styrke samarbeidet med <a href=\"https:\/\/www.vg.no\/tag\/paris?utm_source=vg-article&amp;utm_medium=auto-tagger&amp;utm_campaign=V6lql6\" class=\"_link_o9xde_39\" rel=\"nofollow noopener\" target=\"_blank\">Paris<\/a>-politiet.<\/p>\n<p class=\"_paragraph_o9xde_4 _paragraph_xtcu6_10 layout-component text-serif-m layout-normal text-serif-m layout-padded\">Dette er blant museets tiltak for \u00e5 styrke sikkerheten etter at fire tyver i oktober stjal uerstattelige juveler for milliarder av kroner.<\/p>\n<p class=\"_paragraph_o9xde_4 _paragraph_xtcu6_10 layout-component text-serif-m layout-normal text-serif-m layout-padded\">Ved hjelp av en stigebil tok de seg opp i andre etasje like etter museet \u00e5pnet 19. oktober.<\/p>\n<p class=\"_paragraph_o9xde_4 _paragraph_xtcu6_10 layout-component text-serif-m layout-normal text-serif-m layout-padded\">Tyvene fikk med seg en rekke uerstattelige smykker og juveler verdt over \u00e9n milliard kroner.<\/p>\n<p><img alt=\"Dette er hva tyvene fikk med seg. Tyvegodset er fremdeles ikke kommet til rette.   Foto: Interpol \/ AP \/ NTB\" class=\"_image_qp4xg_65 layout-component layout-normal\" data-fullscreen- data-track-element-type=\"Article image fullscreen\" data-track-name=\"ImageFullscreen\" decoding=\"async\" loading=\"lazy\" height=\"1389\" itemprop=\"image\"  src=\"https:\/\/www.europesays.com\/no\/wp-content\/uploads\/2025\/11\/1763555230_645_57213bd8-88af-4d53-b898-4e4555fa9efb\"  style=\"object-position:0% 0%\" width=\"2494\"\/>Dette er hva tyvene fikk med seg. Tyvegodset er fremdeles ikke kommet til rette.   Foto: Interpol \/ AP \/ NTB<\/p>\n<p class=\"_paragraph_o9xde_4 _paragraph_xtcu6_10 layout-component text-serif-m layout-normal text-serif-m layout-padded\">Og det spektakul\u00e6re kuppet varte kun i seks-sju minutter.<\/p>\n<p class=\"_paragraph_o9xde_4 _paragraph_xtcu6_10 layout-component text-serif-m layout-normal text-serif-m layout-padded\">Med seg hadde tyvene vinkelslipere, som dels ble brukt for \u00e5 ta seg gjennom et vindu inn til salen som kalles Apollo-galleriet, og dels for \u00e5 true vaktene som var til stede. <\/p>\n<p class=\"_paragraph_o9xde_4 _paragraph_xtcu6_10 layout-component text-serif-m layout-normal text-serif-m layout-padded\">De var ellers ubev\u00e6pnet.<\/p>\n<p class=\"_paragraph_o9xde_4 _paragraph_xtcu6_10 layout-component text-serif-m layout-normal text-serif-m layout-padded\">Fire personer er p\u00e5grepet i saken, men det uerstattelige tyvegodset er fremdeles sporl\u00f8st forsvunnet.<\/p>\n","protected":false},"excerpt":{"rendered":"Museet skal oppgradere sikkerheten som en f\u00f8lge av det spektakul\u00e6re juvel-ranet tidligere i h\u00f8st. Sikkerheten rundt Louvre-museet skal&hellip;\n","protected":false},"author":2,"featured_media":90920,"comment_status":"","ping_status":"","sticky":false,"template":"","format":"standard","meta":{"footnotes":""},"categories":[12],"tags":[20,21,24,25,15,5662,22,23,9342,13,30,28,29,14,16,3140,26,27,42,43,44,45],"class_list":{"0":"post-90948","1":"post","2":"type-post","3":"status-publish","4":"format-standard","5":"has-post-thumbnail","7":"category-verden","8":"tag-breaking-news","9":"tag-breakingnews","10":"tag-featured-news","11":"tag-featurednews","12":"tag-headlines","13":"tag-kupp","14":"tag-latest-news","15":"tag-latestnews","16":"tag-louvre","17":"tag-news","18":"tag-no","19":"tag-norge","20":"tag-norway","21":"tag-nyheter","22":"tag-overskrifter","23":"tag-paris","24":"tag-top-stories","25":"tag-topstories","26":"tag-verden","27":"tag-world","28":"tag-world-news","29":"tag-worldnews"},"share_on_mastodon":{"url":"https:\/\/pubeurope.com\/@no\/115576363313348240","error":""},"_links":{"self":[{"href":"https:\/\/www.europesays.com\/no\/wp-json\/wp\/v2\/posts\/90948","targetHints":{"allow":["GET"]}}],"collection":[{"href":"https:\/\/www.europesays.com\/no\/wp-json\/wp\/v2\/posts"}],"about":[{"href":"https:\/\/www.europesays.com\/no\/wp-json\/wp\/v2\/types\/post"}],"author":[{"embeddable":true,"href":"https:\/\/www.europesays.com\/no\/wp-json\/wp\/v2\/users\/2"}],"replies":[{"embeddable":true,"href":"https:\/\/www.europesays.com\/no\/wp-json\/wp\/v2\/comments?post=90948"}],"version-history":[{"count":0,"href":"https:\/\/www.europesays.com\/no\/wp-json\/wp\/v2\/posts\/90948\/revisions"}],"wp:featuredmedia":[{"embeddable":true,"href":"https:\/\/www.europesays.com\/no\/wp-json\/wp\/v2\/media\/90920"}],"wp:attachment":[{"href":"https:\/\/www.europesays.com\/no\/wp-json\/wp\/v2\/media?parent=90948"}],"wp:term":[{"taxonomy":"category","embeddable":true,"href":"https:\/\/www.europesays.com\/no\/wp-json\/wp\/v2\/categories?post=90948"},{"taxonomy":"post_tag","embeddable":true,"href":"https:\/\/www.europesays.com\/no\/wp-json\/wp\/v2\/tags?post=90948"}],"curies":[{"name":"wp","href":"https:\/\/api.w.org\/{rel}","templated":true}]}}