{"id":90953,"date":"2025-11-19T12:35:13","date_gmt":"2025-11-19T12:35:13","guid":{"rendered":"https:\/\/www.europesays.com\/no\/90953\/"},"modified":"2025-11-19T12:35:13","modified_gmt":"2025-11-19T12:35:13","slug":"ukrainas-parlament-sparker-to-ministere-som-folge-av-korrupsjonsgranskning","status":"publish","type":"post","link":"https:\/\/www.europesays.com\/no\/90953\/","title":{"rendered":"Ukrainas parlament sparker to ministere som f\u00f8lge av korrupsjonsgranskning"},"content":{"rendered":"\n<p class=\"_lead_o9xde_2 _lead_xtcu6_50 layout-component text-serif-m layout-normal text-serif-l layout-component layout-wide layout-padded _wide_17hqh_1 layout-padded\">Ukrainas justisminister German Galusjenko f\u00e5r sparken av nasjonalforsamlingen som f\u00f8lge av en korrupsjonsgranskning. Det samme gj\u00f8r enerigministeren i landet. <\/p>\n<p><img alt=\"NABU \/ SAPO Foto: Ved en av ransakelsene har antikorrupsjonsbyr\u00e5ene gjort beslag av en st\u00f8rre bunke kontanter.\u00a0\" class=\"_image_qp4xg_65 layout-component layout-wide\" data-fullscreen- data-track-element-type=\"Article image fullscreen\" data-track-name=\"ImageFullscreen\" fetchpriority=\"high\" decoding=\"sync\" loading=\"eager\" height=\"643\" itemprop=\"image\"  src=\"https:\/\/www.europesays.com\/no\/wp-content\/uploads\/2025\/11\/b2b9b34c-932e-41da-8260-69e315e35a0d\"  style=\"object-position:0% 0%\" width=\"774\"\/>NABU \/ SAPO Foto: Ved en av ransakelsene har antikorrupsjonsbyr\u00e5ene gjort beslag av en st\u00f8rre bunke kontanter.\u00a0 Oppdatert onsdag 19. november kl. 13:22     <\/p>\n<p class=\"_paragraph_o9xde_4 _paragraph_xtcu6_10 layout-component text-serif-m layout-normal text-serif-m layout-padded\">Justisdepartementet i <a href=\"https:\/\/www.vg.no\/tag\/ukraina?utm_source=vg-article&amp;utm_medium=auto-tagger&amp;utm_campaign=xrA3gj\" class=\"_link_o9xde_39\" rel=\"nofollow noopener\" target=\"_blank\">Ukraina<\/a> opplyste nylig at det var iverksatt etterforskning av Galusjenko i tilknytning til en korrupsjonssak.<\/p>\n<p class=\"_paragraph_o9xde_4 _paragraph_xtcu6_10 layout-component text-serif-m layout-normal text-serif-m layout-padded\">Forrige uke ble han suspandert fra denne stillingen.<\/p>\n<p class=\"_paragraph_o9xde_4 _paragraph_xtcu6_10 layout-component text-serif-m layout-normal text-serif-m layout-padded\">F\u00f8r Galusjenko ble justisminister i juli \u00e5r, var han i fire \u00e5r energiminister.<\/p>\n<p class=\"_paragraph_o9xde_4 _paragraph_xtcu6_10 layout-component text-serif-m layout-normal text-serif-m layout-padded\">Kort tid etter meldingen om at justisminsiteren blir sparket, kom ogs\u00e5 meldingen om at energiministeren, Svitlana Hrynchuk, ogs\u00e5 f\u00e5r sparken. <\/p>\n<p class=\"_paragraph_o9xde_4 _paragraph_xtcu6_10 layout-component text-serif-m layout-normal text-serif-m layout-padded\"><strong class=\"_strong_o9xde_25\">De siste ukene har\u00a0<a href=\"https:\/\/www.vg.no\/nyheter\/i\/25M0Ba\/ukrainas-antikorrupsjonsbyraa-avsloerer-omfattende-korrupsjonsskandale\" data-track-element-type=\"Link\" data-track-id=\"link:25M0Ba\" class=\"_link_o9xde_39\" rel=\"nofollow noopener\" target=\"_blank\">stadig mer informasjon<\/a>\u00a0blitt sluppet fra Ukrainas antikorrupsjonsbyr\u00e5\u00a0NABU, og flere og flere ukrainske politikere trekkes inn i skandalen.<\/strong><\/p>\n<p class=\"_paragraph_o9xde_4 _paragraph_xtcu6_10 layout-component text-serif-m layout-normal text-serif-m layout-padded\">Etterforskningen har avsl\u00f8rt at en kriminell organisasjon skal ha stj\u00e5let og\u00a0hvitvasket\u00a0100 millioner dollar fra landets offentlig eide atomkraftselskap, melder\u00a0<a href=\"https:\/\/www.nytimes.com\/2025\/11\/14\/world\/europe\/zelensky-corruption-investigation.html\" class=\"_link_o9xde_39\" rel=\"nofollow noopener\" target=\"_blank\">The New York Times<\/a>.<\/p>\n<p class=\"_paragraph_o9xde_4 _paragraph_xtcu6_10 layout-component text-serif-m layout-normal text-serif-m layout-padded\">Penger som blant annet skulle g\u00e5 til \u00e5 bygge forsvarsverk rundt ukrainske energiselskaper, skal ha havnet i lommen p\u00e5 korrupte tjenestemenn.<\/p>\n<p class=\"_paragraph_o9xde_4 _paragraph_xtcu6_10 layout-component text-serif-m layout-normal text-serif-m layout-padded\">Dette skjer samtidig som voldsomme russiske angrep mot ukrainsk energisektor.<\/p>\n<p class=\"_paragraph_o9xde_4 _paragraph_xtcu6_10 layout-component text-serif-m layout-normal text-serif-m layout-padded\">Store deler av Ukraina sliter n\u00e5 tidvis med str\u00f8mtilgang, med mobilnett som g\u00e5r ned, vann som slutter \u00e5 komme til kranen og et samfunn som stopper opp.<\/p>\n<p class=\"_paragraph_o9xde_4 _paragraph_xtcu6_10 layout-component text-serif-m layout-normal layout-padded\"><strong class=\"_strong_o9xde_25\">Les ogs\u00e5:<\/strong> <a href=\"https:\/\/www.vg.no\/i\/Av8a0r\" data-track-element-type=\"Link\" data-track-id=\"link:Av8a0r\" class=\"_link_o9xde_39\" rel=\"nofollow noopener\" target=\"_blank\">Korrupsjons\u00adskandale vokser: \u2013 Handler om personer i maktens indre<\/a><\/p>\n<p class=\"_paragraph_o9xde_4 _paragraph_xtcu6_10 layout-component text-serif-m layout-normal text-serif-m layout-padded\">For en uke siden ble den tidiligere visestatsministeren i landet ogs\u00e5 tatt for korrupsjon. I intern kommunkasjon ble han kalt \u00abChe Guevara\u00bb. Han skal ha mottatt et betydlig bel\u00f8p. <\/p>\n<p class=\"_paragraph_o9xde_4 _paragraph_xtcu6_10 layout-component text-serif-m layout-normal text-serif-m layout-padded\">S\u00e5 langt er fem personer p\u00e5grepet, mens syv ansatte i energiselskapet Energoatom er siktet. Blant de siktede er:<\/p>\n<ul class=\"_list_o9xde_3 _list_xtcu6_9 _unordered_o9xde_106 layout-component text-serif-m layout-normal text-serif-m layout-padded\">\n<li class=\"_item_o9xde_30\">En forretningsmann som skal ha ledet organisasjonen<\/li>\n<li class=\"_item_o9xde_30\">En tidligere r\u00e5dgiver for energiministeren<\/li>\n<li class=\"_item_o9xde_30\">Energoatoms direkt\u00f8r for fysisk sikkerhet<\/li>\n<li class=\"_item_o9xde_30\">Fire personer mistenkt for hvitvasking av penger<\/li>\n<\/ul>\n","protected":false},"excerpt":{"rendered":"Ukrainas justisminister German Galusjenko f\u00e5r sparken av nasjonalforsamlingen som f\u00f8lge av en korrupsjonsgranskning. Det samme gj\u00f8r enerigministeren i&hellip;\n","protected":false},"author":2,"featured_media":90954,"comment_status":"","ping_status":"","sticky":false,"template":"","format":"standard","meta":{"footnotes":""},"categories":[12],"tags":[20,21,24,25,15,179,22,23,13,30,28,29,14,16,26,27,489,42,43,44,45],"class_list":{"0":"post-90953","1":"post","2":"type-post","3":"status-publish","4":"format-standard","5":"has-post-thumbnail","7":"category-verden","8":"tag-breaking-news","9":"tag-breakingnews","10":"tag-featured-news","11":"tag-featurednews","12":"tag-headlines","13":"tag-krigen-i-ukraina","14":"tag-latest-news","15":"tag-latestnews","16":"tag-news","17":"tag-no","18":"tag-norge","19":"tag-norway","20":"tag-nyheter","21":"tag-overskrifter","22":"tag-top-stories","23":"tag-topstories","24":"tag-ukraina","25":"tag-verden","26":"tag-world","27":"tag-world-news","28":"tag-worldnews"},"share_on_mastodon":{"url":"https:\/\/pubeurope.com\/@no\/115576394935896279","error":""},"_links":{"self":[{"href":"https:\/\/www.europesays.com\/no\/wp-json\/wp\/v2\/posts\/90953","targetHints":{"allow":["GET"]}}],"collection":[{"href":"https:\/\/www.europesays.com\/no\/wp-json\/wp\/v2\/posts"}],"about":[{"href":"https:\/\/www.europesays.com\/no\/wp-json\/wp\/v2\/types\/post"}],"author":[{"embeddable":true,"href":"https:\/\/www.europesays.com\/no\/wp-json\/wp\/v2\/users\/2"}],"replies":[{"embeddable":true,"href":"https:\/\/www.europesays.com\/no\/wp-json\/wp\/v2\/comments?post=90953"}],"version-history":[{"count":0,"href":"https:\/\/www.europesays.com\/no\/wp-json\/wp\/v2\/posts\/90953\/revisions"}],"wp:featuredmedia":[{"embeddable":true,"href":"https:\/\/www.europesays.com\/no\/wp-json\/wp\/v2\/media\/90954"}],"wp:attachment":[{"href":"https:\/\/www.europesays.com\/no\/wp-json\/wp\/v2\/media?parent=90953"}],"wp:term":[{"taxonomy":"category","embeddable":true,"href":"https:\/\/www.europesays.com\/no\/wp-json\/wp\/v2\/categories?post=90953"},{"taxonomy":"post_tag","embeddable":true,"href":"https:\/\/www.europesays.com\/no\/wp-json\/wp\/v2\/tags?post=90953"}],"curies":[{"name":"wp","href":"https:\/\/api.w.org\/{rel}","templated":true}]}}