{"id":90959,"date":"2025-11-19T12:39:15","date_gmt":"2025-11-19T12:39:15","guid":{"rendered":"https:\/\/www.europesays.com\/no\/90959\/"},"modified":"2025-11-19T12:39:15","modified_gmt":"2025-11-19T12:39:15","slug":"langrennsstjernen-jessie-diggins-legger-opp-etter-sesongen","status":"publish","type":"post","link":"https:\/\/www.europesays.com\/no\/90959\/","title":{"rendered":"Langrennsstjernen Jessie Diggins legger opp etter sesongen"},"content":{"rendered":"\n<p class=\"_lead_o9xde_2 _lead_xtcu6_50 layout-component text-serif-m layout-normal text-serif-l layout-component layout-wide layout-padded _wide_17hqh_1 layout-padded\">USAs fremste langrennsl\u00f8per Jessie Diggins avslutter karrieren etter den kommende OL-sesongen.<\/p>\n<p><img alt=\"Jessie Diggins avslutter karrieren.  Foto: Emmi Korhonen\/Lehtikuva via AP \/ NTB\" class=\"_image_qp4xg_65 layout-component layout-wide\" data-fullscreen- data-track-element-type=\"Article image fullscreen\" data-track-name=\"ImageFullscreen\" fetchpriority=\"high\" decoding=\"sync\" loading=\"eager\" height=\"3409\" itemprop=\"image\"  src=\"https:\/\/www.europesays.com\/no\/wp-content\/uploads\/2025\/11\/3a86a76c-3c98-4442-9047-42765e81239b\"  style=\"object-position:0% 0%\" width=\"5120\"\/>Jessie Diggins avslutter karrieren.  Foto: Emmi Korhonen\/Lehtikuva via AP \/ NTB<\/p>\n<ul aria-hidden=\"true\" class=\"_images_18f0k_111\">\n<li><a class=\"_link_18f0k_116\" href=\"https:\/\/www.vg.no\/forfatter\/ntb\" style=\"z-index:1\" title=\"NTB\" rel=\"nofollow noopener\" target=\"_blank\"><img alt=\"Bilde av NTB\" class=\"_image_18f0k_93\" fetchpriority=\"low\" loading=\"lazy\" decoding=\"async\" itemprop=\"image\"  src=\"https:\/\/www.europesays.com\/no\/wp-content\/uploads\/2025\/11\/1763555955_525_c33980b0-5d07-4027-84a1-813f90a7c8d6\"  width=\"480\"\/><\/a><\/li>\n<\/ul>\n<p> Oppdatert onsdag 19. november kl. 13:08     <\/p>\n<p class=\"_paragraph_o9xde_4 _paragraph_xtcu6_10 layout-component text-serif-m layout-normal text-serif-m layout-padded\"> Det bekrefter hun selv i <a href=\"https:\/\/www.instagram.com\/p\/DRPMK2mgsMl\/?img_index=1\" class=\"_link_o9xde_39\" rel=\"nofollow noopener\" target=\"_blank\">sosiale medier.<\/a><\/p>\n<p class=\"_paragraph_o9xde_4 _paragraph_xtcu6_10 layout-component text-serif-m layout-normal text-serif-m layout-padded\">\u2013 Jeg vil dele med dere at dette blir min siste sesong som skil\u00f8per. Det kommer til \u00e5 bli vanskelig \u00e5 ta et steg bort fra denne sporten og dette laget som jeg er s\u00e5 glad i, men det f\u00f8les samtidig riktig i hjertet. Jeg er veldig spent p\u00e5 \u00e5 \u00e5pne et nytt kapittel i livet mitt, skriver amerikaneren.<\/p>\n<p class=\"_paragraph_o9xde_4 _paragraph_xtcu6_10 layout-component text-serif-m layout-normal text-serif-m layout-padded\">Diggins har i en \u00e5rrekke v\u00e6rt blant verdens beste langrennsl\u00f8pere. Hun vant verdenscupen sammenlagt sist sesong.<\/p>\n<p class=\"_paragraph_o9xde_4 _paragraph_xtcu6_10 layout-component text-serif-m layout-normal text-serif-m layout-padded\">Et OL-gull i lagsprint samt to VM-gull i lagsprint og 10 kilometer fri teknikk har blant annet ogs\u00e5 funnet veien til det som har blitt en innholdsrik merittliste.<\/p>\n<p class=\"_paragraph_o9xde_4 _paragraph_xtcu6_10 layout-component text-serif-m layout-normal text-serif-m layout-padded\">I alt har Diggins s\u00e5 langt tatt ti internasjonale mesterskapsmedaljer p\u00e5 seniorniv\u00e5. Hun st\u00e5r med 25 enkeltseirer i verdenscupen.<\/p>\n<p class=\"_paragraph_o9xde_4 _paragraph_xtcu6_10 layout-component text-serif-m layout-normal text-serif-m layout-padded\">Underveis i karrieren har veteranen ogs\u00e5 v\u00e6rt \u00e5pen om at hun i flere perioder har slitt med spiseforstyrrelser. Responsen og st\u00f8tten var massiv fra den \u00f8vrige skifamilien.<\/p>\n<p class=\"_paragraph_o9xde_4 _paragraph_xtcu6_10 layout-component text-serif-m layout-normal text-serif-m layout-padded\">\u2013 Jeg vil snakke om dette. Det er viktig selv om det samtidig kan v\u00e6re vanskelig og litt skummelt. Det gj\u00f8r meg jo s\u00e5rbar, sa hun i et intervju i 2023.<\/p>\n<p>       <script async src=\"\/\/www.instagram.com\/embed.js\"><\/script><\/p>\n","protected":false},"excerpt":{"rendered":"USAs fremste langrennsl\u00f8per Jessie Diggins avslutter karrieren etter den kommende OL-sesongen. Jessie Diggins avslutter karrieren. Foto: Emmi Korhonen\/Lehtikuva&hellip;\n","protected":false},"author":2,"featured_media":90960,"comment_status":"","ping_status":"","sticky":false,"template":"","format":"standard","meta":{"footnotes":""},"categories":[59],"tags":[11925,398,30,28,29,83,82],"class_list":{"0":"post-90959","1":"post","2":"type-post","3":"status-publish","4":"format-standard","5":"has-post-thumbnail","7":"category-sport","8":"tag-jessie-diggins","9":"tag-langrenn","10":"tag-no","11":"tag-norge","12":"tag-norway","13":"tag-sport","14":"tag-sports"},"share_on_mastodon":{"url":"https:\/\/pubeurope.com\/@no\/115576410350527936","error":""},"_links":{"self":[{"href":"https:\/\/www.europesays.com\/no\/wp-json\/wp\/v2\/posts\/90959","targetHints":{"allow":["GET"]}}],"collection":[{"href":"https:\/\/www.europesays.com\/no\/wp-json\/wp\/v2\/posts"}],"about":[{"href":"https:\/\/www.europesays.com\/no\/wp-json\/wp\/v2\/types\/post"}],"author":[{"embeddable":true,"href":"https:\/\/www.europesays.com\/no\/wp-json\/wp\/v2\/users\/2"}],"replies":[{"embeddable":true,"href":"https:\/\/www.europesays.com\/no\/wp-json\/wp\/v2\/comments?post=90959"}],"version-history":[{"count":0,"href":"https:\/\/www.europesays.com\/no\/wp-json\/wp\/v2\/posts\/90959\/revisions"}],"wp:featuredmedia":[{"embeddable":true,"href":"https:\/\/www.europesays.com\/no\/wp-json\/wp\/v2\/media\/90960"}],"wp:attachment":[{"href":"https:\/\/www.europesays.com\/no\/wp-json\/wp\/v2\/media?parent=90959"}],"wp:term":[{"taxonomy":"category","embeddable":true,"href":"https:\/\/www.europesays.com\/no\/wp-json\/wp\/v2\/categories?post=90959"},{"taxonomy":"post_tag","embeddable":true,"href":"https:\/\/www.europesays.com\/no\/wp-json\/wp\/v2\/tags?post=90959"}],"curies":[{"name":"wp","href":"https:\/\/api.w.org\/{rel}","templated":true}]}}