{"id":90961,"date":"2025-11-19T12:44:10","date_gmt":"2025-11-19T12:44:10","guid":{"rendered":"https:\/\/www.europesays.com\/no\/90961\/"},"modified":"2025-11-19T12:44:10","modified_gmt":"2025-11-19T12:44:10","slug":"innsa-hurtig-at-dette-var-ulovlig","status":"publish","type":"post","link":"https:\/\/www.europesays.com\/no\/90961\/","title":{"rendered":"\u2013 Inns\u00e5 hurtig at dette var ulovlig"},"content":{"rendered":"\n<p class=\"_lead_o9xde_2 _lead_xtcu6_50 layout-component text-serif-m layout-normal text-serif-l layout-component layout-wide layout-padded _wide_17hqh_1 layout-padded\">Andreas Schjelderup (21) erkl\u00e6rte seg onsdag skyldig da han stilte i dansk rett. <\/p>\n<p><img alt=\"TILTALT: Landslagsspiller Andreas Schjelderup (21).  Foto: MARIUS SIMENSEN \/ Bildbyr\u00e5n\" class=\"_image_qp4xg_65 layout-component layout-wide\" data-fullscreen- data-track-element-type=\"Article image fullscreen\" data-track-name=\"ImageFullscreen\" fetchpriority=\"high\" decoding=\"sync\" loading=\"eager\" height=\"4320\" itemprop=\"image\"  src=\"https:\/\/www.europesays.com\/no\/wp-content\/uploads\/2025\/11\/288245a6-ec93-4266-bfde-43901a617657\"  style=\"object-position:0% 0%\" width=\"3456\"\/>TILTALT: Landslagsspiller Andreas Schjelderup (21).  Foto: MARIUS SIMENSEN \/ Bildbyr\u00e5n<\/p>\n<ul aria-hidden=\"true\" class=\"_images_18f0k_111\">\n<li><a class=\"_link_18f0k_116\" href=\"https:\/\/www.vg.no\/forfatter\/anders-k-christiansen\" style=\"z-index:2\" title=\"Anders K. Christiansen\" rel=\"nofollow noopener\" target=\"_blank\"><img alt=\"Bilde av Anders K. Christiansen\" class=\"_image_18f0k_93\" fetchpriority=\"low\" loading=\"lazy\" decoding=\"async\" itemprop=\"image\"  src=\"https:\/\/www.europesays.com\/no\/wp-content\/uploads\/2025\/11\/1763556249_404_1e24f0d3-a31a-453a-9ee3-069339de2f03\"  width=\"480\"\/><\/a><\/li>\n<li><a class=\"_link_18f0k_116\" href=\"https:\/\/www.vg.no\/forfatter\/steffen-stenersen\" style=\"z-index:1\" title=\"Steffen Stenersen\" rel=\"nofollow noopener\" target=\"_blank\"><img alt=\"Bilde av Steffen Stenersen\" class=\"_image_18f0k_93\" fetchpriority=\"low\" loading=\"lazy\" decoding=\"async\" itemprop=\"image\"  src=\"https:\/\/www.europesays.com\/no\/wp-content\/uploads\/2025\/11\/1763556249_827_53060b84-6e6f-4eee-9b23-952f524bbbf0\"  width=\"480\"\/><\/a><\/li>\n<\/ul>\n<p>K\u00f8benhavn byrett Oppdatert onsdag 19. november kl. 13:43     <\/p>\n<p class=\"_paragraph_o9xde_4 _paragraph_xtcu6_10 layout-component text-serif-m layout-normal text-serif-m layout-padded\">I svarte bukse, hvit genser og hvite sko var nordlendingen p\u00e5 plass i K\u00f8benhavn byrett like f\u00f8r klokken 13 onsdag. Der erkl\u00e6rte han seg, som ventet, skyldig i tiltalen. <\/p>\n<p class=\"_paragraph_o9xde_4 _paragraph_xtcu6_10 layout-component text-serif-m layout-normal text-serif-m layout-padded\"><strong class=\"_strong_o9xde_25\">Aktor ba onsdag om 20 dagers fengsel for Schjelderup. <\/strong><\/p>\n<p class=\"_paragraph_o9xde_4 _paragraph_xtcu6_10 layout-component text-serif-m layout-normal text-serif-m layout-padded\">\u2013 Tiltalte har bekreftet at han har delt en kategori 2-video til fire venner. Det er ingen tvil om at delingen har skjedd p\u00e5 bakgrunn av et \u00f8yeblikks ubetenksomhet, og en eler annen form for humor. Det er ingen form for seksuelt motiv her. Men det er en alvorlig forbrytelse fordi det er snakk om noen under 18 \u00e5r, sa aktor. <\/p>\n<p class=\"_paragraph_o9xde_4 _paragraph_xtcu6_10 layout-component text-serif-m layout-normal text-serif-m layout-padded\">Schjelderup sto tiltalt for brudd p\u00e5 paragraf 235 i den danske loven: Den gjelder besittelse eller deling av seksuelt materiale \u2013 som bilder eller video \u2013 som viser personer under 18 \u00e5r.<\/p>\n<p class=\"_paragraph_o9xde_4 _paragraph_xtcu6_10 layout-component text-serif-m layout-normal text-serif-m layout-padded\">\u2013 Jeg mottok videoen p\u00e5 Snapchat som en d\u00e5rlig jokejokeVits . Og s\u00e5 videresendte jeg den til en gruppe med fire venner, og videref\u00f8rte denne d\u00e5rlige joken, sier Schjelderup i sin forklaring i retten.<\/p>\n<p class=\"_paragraph_o9xde_4 _paragraph_xtcu6_10 layout-component text-serif-m layout-normal text-serif-m layout-padded\">Han fortsetter: <\/p>\n<p class=\"_paragraph_o9xde_4 _paragraph_xtcu6_10 layout-component text-serif-m layout-normal text-serif-m layout-padded\">\u2013 Jeg ser kun de f\u00f8rste sekundene, jeg ser ikke hele videoen, men jeg f\u00e5r med meg at det er noe seksuelt og at det er to unge menn.<\/p>\n<p class=\"_paragraph_o9xde_4 _paragraph_xtcu6_10 layout-component text-serif-m layout-normal text-serif-m layout-padded\">\u2013 Hvor gamle var de? sp\u00f8r aktor<\/p>\n<p class=\"_paragraph_o9xde_4 _paragraph_xtcu6_10 layout-component text-serif-m layout-normal text-serif-m layout-padded\">\u2013 Det vet jeg ikke helt.<\/p>\n<p class=\"_paragraph_o9xde_4 _paragraph_xtcu6_10 layout-component text-serif-m layout-normal text-serif-m layout-padded\">\u2013 Du ser kun tre sekunder?<\/p>\n<p class=\"_paragraph_o9xde_4 _paragraph_xtcu6_10 layout-component text-serif-m layout-normal text-serif-m layout-padded\">\u2013 Ja, bare noen sekunder. S\u00e5 videresendte jeg. Det gikk s\u00e5 hurtig at jeg ikke tenkte meg helt om.<\/p>\n<p class=\"_paragraph_o9xde_4 _paragraph_xtcu6_10 layout-component text-serif-m layout-normal text-serif-m layout-padded\">\u2013  Kom det noe respons?<\/p>\n<p class=\"_paragraph_o9xde_4 _paragraph_xtcu6_10 layout-component text-serif-m layout-normal text-serif-m layout-padded\">\u2013 Ja, idet jeg videresendte den s\u00e5 inns\u00e5 jeg ganske hurtig at dette var ulovlig, s\u00e5 jeg slettet den raskt p\u00e5 gruppen og p\u00e5 min telefon. Innen ett minutt.<\/p>\n<p class=\"_paragraph_o9xde_4 _paragraph_xtcu6_10 layout-component text-serif-m layout-normal text-serif-m layout-padded\">Schjelderup forklarer videre at man s\u00e5 i l\u00f8pet av de f\u00f8rste sekundene av videoen at personene som ble filmet var under 18 \u00e5r. <\/p>\n<p class=\"_paragraph_o9xde_4 _paragraph_xtcu6_10 layout-component text-serif-m layout-normal text-serif-m layout-padded\">Landslagsspilleren gikk selv ut p\u00e5 Instagram for <a href=\"https:\/\/www.vg.no\/sport\/i\/Mnxa8M\/siktet-i-danmark-schjelderup-innroemmer-aa-ha-delt-video-med-seksuelt-innhold\" data-track-element-type=\"Link\" data-track-id=\"link:Mnxa8M\" class=\"_link_o9xde_39\" rel=\"nofollow noopener\" target=\"_blank\">halvannen uke siden<\/a>. Der gjorde Benfica-spilleren det klart at han kom til \u00e5 bli d\u00f8mt i en straffesak.<\/p>\n<p class=\"_paragraph_o9xde_4 _paragraph_xtcu6_10 layout-component text-serif-m layout-normal text-serif-m layout-padded\">\u2013 Jeg mottok en kort video og sendte den videre til en venn uten \u00e5 tenke meg om. Jeg s\u00e5 bare de f\u00f8rste sekundene og forsto ikke hva det var. Da vennen min gjorde meg oppmerksom p\u00e5 innholdet, slettet jeg den med en gang, skrev Schjelderup.<\/p>\n<p class=\"_paragraph_o9xde_4 _paragraph_xtcu6_10 layout-component text-serif-m layout-normal text-serif-m layout-padded\">Aktor bekrefter onsdag at videoen var 27 sekunder lang. Det skal ha v\u00e6rt Snapchat som kontaktet politiet. Det skjedde etter at Schjelderup hadde videresendt videoen 24. mai i 2024.<\/p>\n<p><img alt=\"M\u00c5 M\u00d8TE HER: I denne sidebygningen til K\u00f8benhavn byrett ligger rettssal 23, der Schjelderup m\u00e5 m\u00f8te onsdag.  Foto: Anders K. Christiansen, VG\" class=\"_image_qp4xg_65 layout-component layout-normal\" data-fullscreen- data-track-element-type=\"Article image fullscreen\" data-track-name=\"ImageFullscreen\" decoding=\"async\" loading=\"lazy\" height=\"1196\" itemprop=\"image\"  src=\"https:\/\/www.europesays.com\/no\/wp-content\/uploads\/2025\/11\/1ee06908-5bf8-4eeb-8d83-8f80cc12bb9d\"  style=\"object-position:0% 0%\" width=\"1710\"\/>M\u00c5 M\u00d8TE HER: I denne sidebygningen til K\u00f8benhavn byrett ligger rettssal 23, der Schjelderup m\u00e5 m\u00f8te onsdag.  Foto: Anders K. Christiansen, VG<\/p>\n<p class=\"_paragraph_o9xde_4 _paragraph_xtcu6_10 layout-component text-serif-m layout-normal text-serif-m layout-padded\">Hvem han sendte videoen til, hvem som ble filmet i videoen og alderen p\u00e5 vedkommende er blant sp\u00f8rsm\u00e5lene som har v\u00e6rt ubesvart.<\/p>\n<p>Les hele innlegget til Schjelderup her:<\/p>\n<p class=\"_paragraph_o9xde_4 _paragraph_xtcu6_10 _paragraph_16v91_10 layout-component text-serif-m layout-normal text-sans-m layout-padded\">Hei alle sammen,<\/p>\n<p class=\"_paragraph_o9xde_4 _paragraph_xtcu6_10 _paragraph_16v91_10 layout-component text-serif-m layout-normal text-sans-m layout-padded\">Jeg \u00f8nsker \u00e5 v\u00e6re \u00e5pen med dere om en dum feil jeg gjorde for rundt to \u00e5r siden. Den gangen var jeg 19 \u00e5r gammel, og n\u00e5 m\u00e5 jeg ta konsekvensene av denne feilen.<\/p>\n<p class=\"_paragraph_o9xde_4 _paragraph_xtcu6_10 _paragraph_16v91_10 layout-component text-serif-m layout-normal text-sans-m layout-padded\">Jeg tar fullt ansvar for det som skjedde og for det jeg har gjort, men det er viktig for meg at dere kjenner til bakgrunnen for hendelsen.<\/p>\n<p class=\"_paragraph_o9xde_4 _paragraph_xtcu6_10 _paragraph_16v91_10 layout-component text-serif-m layout-normal text-sans-m layout-padded\">Jeg bodde i Danmark p\u00e5 den tiden. Jeg mottok en kort video og videresendte den til en venn noen sekunder senere uten \u00e5 tenke meg om. Vi pleide alltid \u00e5 sende morsomme videoer til hverandre, slik mange ten\u00e5ringer gj\u00f8r. Da jeg fikk denne videoen og sendte den videre, tenkte jeg ikke over at denne var annerledes. Jeg s\u00e5 bare de f\u00f8rste sekundene og ikke hva videoen faktisk utviklet seg til.<\/p>\n<p class=\"_paragraph_o9xde_4 _paragraph_xtcu6_10 _paragraph_16v91_10 layout-component text-serif-m layout-normal text-sans-m layout-padded\">Vennen min, som s\u00e5 videoen noen sekunder senere, sa umiddelbart ifra om at det selvf\u00f8lgelig var ulovlig \u00e5 sende den, s\u00e5 jeg slettet den med en gang.<\/p>\n<p class=\"_paragraph_o9xde_4 _paragraph_xtcu6_10 _paragraph_16v91_10 layout-component text-serif-m layout-normal text-sans-m layout-padded\">I \u00f8yeblikket tenkte jeg dessverre ikke over konsekvensene eller at det kunne v\u00e6re ulovlig \u00e5 dele den. Jeg burde ha innsett alvoret, men det gjorde jeg ikke da.<\/p>\n<p class=\"_paragraph_o9xde_4 _paragraph_xtcu6_10 _paragraph_16v91_10 layout-component text-serif-m layout-normal text-sans-m layout-padded\">Den eneste forklaringen jeg har, er at jeg ble veldig sjokkert over \u00e5 se det som s\u00e5 ut til \u00e5 v\u00e6re to unge menn i en gammel og d\u00e5rlig video, og at jeg sendte den videre uten \u00e5 tenke.<\/p>\n<p class=\"_paragraph_o9xde_4 _paragraph_xtcu6_10 _paragraph_16v91_10 layout-component text-serif-m layout-normal text-sans-m layout-padded\">Min intensjon var aldri \u00e5 spre noe eller skade noen som var involvert. Det var en dum engangsfeil som jeg angrer dypt p\u00e5.<\/p>\n<p class=\"_paragraph_o9xde_4 _paragraph_xtcu6_10 _paragraph_16v91_10 layout-component text-serif-m layout-normal text-sans-m layout-padded\">Da dansk politi kontaktet meg tidligere i \u00e5r om det som hadde skjedd, fortalte jeg sannheten og har samarbeidet gjennom hele prosessen. Jeg ble siktet for lovbruddet, og jeg vil sannsynligvis bli d\u00f8mt i n\u00e6r fremtid og mest sannsynlig f\u00e5 en betinget dom.<\/p>\n<p class=\"_paragraph_o9xde_4 _paragraph_xtcu6_10 _paragraph_16v91_10 layout-component text-serif-m layout-normal text-sans-m layout-padded\">Jeg har ingen unnskyldninger. Det jeg gjorde i Danmark den gangen var ulovlig og ikke greit. Jeg vil ta fullt ansvar for det, og jeg h\u00e5per at min feil kan gj\u00f8re at andre unng\u00e5r \u00e5 gj\u00f8re den samme feilen etter \u00e5 ha h\u00f8rt eller lest min historie.<\/p>\n<p class=\"_paragraph_o9xde_4 _paragraph_xtcu6_10 _paragraph_16v91_10 layout-component text-serif-m layout-normal text-sans-m layout-padded\">Jeg h\u00e5per de vil tenke seg om neste gang de mottar noe som ikke b\u00f8r deles videre.<\/p>\n<p class=\"_paragraph_o9xde_4 _paragraph_xtcu6_10 _paragraph_16v91_10 layout-component text-serif-m layout-normal text-sans-m layout-padded\">Jeg vil f\u00f8rst og fremst be om unnskyldning til dem som er ber\u00f8rt av videoen. Deretter til vennene mine, familien min, arbeidsgiverne mine, landet mitt og alle fansen jeg har skuffet.<\/p>\n<p class=\"_paragraph_o9xde_4 _paragraph_xtcu6_10 _paragraph_16v91_10 layout-component text-serif-m layout-normal text-sans-m layout-padded\">Akkurat n\u00e5 skulle jeg \u00f8nske jeg kunne skru tiden tilbake og endre feilen min. Jeg har aldri gjort noe ulovlig f\u00f8r eller v\u00e6rt i kontakt med politiet, s\u00e5 jeg har v\u00e6rt i sjokk lenge mens dette har p\u00e5g\u00e5tt.<\/p>\n<p class=\"_paragraph_o9xde_4 _paragraph_xtcu6_10 _paragraph_16v91_10 layout-component text-serif-m layout-normal text-sans-m layout-padded\">Men her er vi. Jeg gjorde en feil, og jeg er klar til \u00e5 ta konsekvensene.<\/p>\n<p class=\"_paragraph_o9xde_4 _paragraph_xtcu6_10 _paragraph_16v91_10 layout-component text-serif-m layout-normal text-sans-m layout-padded\">Lovbruddet jeg kommer til \u00e5 bli d\u00f8mt for, gjenspeiler ikke hvem jeg er som person eller hva jeg st\u00e5r for.<\/p>\n<p class=\"_paragraph_o9xde_4 _paragraph_xtcu6_10 _paragraph_16v91_10 layout-component text-serif-m layout-normal text-sans-m layout-padded\">Jeg er oppriktig lei meg for feilen min og skammer meg over \u00e5 v\u00e6re i denne situasjonen. Alle som kjenner meg, vet hva jeg st\u00e5r for, s\u00e5 jeg forst\u00e5r at dette vil v\u00e6re et sjokk for mange.<\/p>\n<p class=\"_paragraph_o9xde_4 _paragraph_xtcu6_10 _paragraph_16v91_10 layout-component text-serif-m layout-normal text-sans-m layout-padded\">Jeg vet ogs\u00e5 at dette blir en un\u00f8dvendig forstyrrelse for det norske landslaget f\u00f8r noen av de viktigste kampene i v\u00e5r historie.<\/p>\n<p class=\"_paragraph_o9xde_4 _paragraph_xtcu6_10 _paragraph_16v91_10 layout-component text-serif-m layout-normal text-sans-m layout-padded\">Jeg hadde egentlig tenkt \u00e5 dele dette etter kampene for \u00e5 unng\u00e5 det, men det er dessverre ikke mulig lenger.<\/p>\n<p class=\"_paragraph_o9xde_4 _paragraph_xtcu6_10 _paragraph_16v91_10 layout-component text-serif-m layout-normal text-sans-m layout-padded\">Til alle: Vennligst ikke se p\u00e5 eller spre videoer med skadelig eller st\u00f8tende innhold. Det er ulovlig.<\/p>\n<p class=\"_paragraph_o9xde_4 _paragraph_xtcu6_10 _paragraph_16v91_10 layout-component text-serif-m layout-normal text-sans-m layout-padded\">Jeg vil igjen be om unnskyldning og h\u00e5per dere kan tilgi meg. Jeg vil gj\u00f8re alt jeg kan for \u00e5 rette opp dette.<\/p>\n<p>Vis mer<\/p>\n<p class=\"_paragraph_o9xde_4 _paragraph_xtcu6_10 layout-component text-serif-m layout-normal text-serif-m layout-padded\"><a href=\"https:\/\/www.vg.no\/tag\/andreas-schjelderup?utm_source=vg-article&amp;utm_medium=auto-tagger&amp;utm_campaign=y513wK\" class=\"_link_o9xde_39\" rel=\"nofollow noopener\" target=\"_blank\">Andreas Schjelderup<\/a> var med i landslagstroppen som slo Estland og Italia, men har ikke kommentert det som har skjedd overfor norsk presse.<\/p>\n<p class=\"_paragraph_o9xde_4 _paragraph_xtcu6_10 layout-component text-serif-m layout-normal text-serif-m layout-padded\">21-\u00e5ringen fikk st\u00f8tte fra b\u00e5de lagkamerater og St\u00e5le Solbakken. Landslagssjefen brukte ordene \u00abutrolig dumt\u00bb om det spilleren hadde gjort.<\/p>\n<p class=\"_paragraph_o9xde_4 _paragraph_xtcu6_10 layout-component text-serif-m layout-normal text-serif-m layout-padded\">\u2013 Jeg tar fullt ansvar. Det jeg gjorde var ulovlig og ikke greit. Jeg forventer \u00e5 bli d\u00f8mt og f\u00e5 en\u00a0betinget dom, skrev Schjelderup.<\/p>\n","protected":false},"excerpt":{"rendered":"Andreas Schjelderup (21) erkl\u00e6rte seg onsdag skyldig da han stilte i dansk rett. TILTALT: Landslagsspiller Andreas Schjelderup (21).&hellip;\n","protected":false},"author":2,"featured_media":90962,"comment_status":"","ping_status":"","sticky":false,"template":"","format":"standard","meta":{"footnotes":""},"categories":[12],"tags":[4761,20,21,24,25,92,15,22,23,13,30,28,29,14,16,26,27,42,43,44,45],"class_list":{"0":"post-90961","1":"post","2":"type-post","3":"status-publish","4":"format-standard","5":"has-post-thumbnail","7":"category-verden","8":"tag-andreas-schjelderup","9":"tag-breaking-news","10":"tag-breakingnews","11":"tag-featured-news","12":"tag-featurednews","13":"tag-fotball","14":"tag-headlines","15":"tag-latest-news","16":"tag-latestnews","17":"tag-news","18":"tag-no","19":"tag-norge","20":"tag-norway","21":"tag-nyheter","22":"tag-overskrifter","23":"tag-top-stories","24":"tag-topstories","25":"tag-verden","26":"tag-world","27":"tag-world-news","28":"tag-worldnews"},"share_on_mastodon":{"url":"https:\/\/pubeurope.com\/@no\/115576430368173618","error":""},"_links":{"self":[{"href":"https:\/\/www.europesays.com\/no\/wp-json\/wp\/v2\/posts\/90961","targetHints":{"allow":["GET"]}}],"collection":[{"href":"https:\/\/www.europesays.com\/no\/wp-json\/wp\/v2\/posts"}],"about":[{"href":"https:\/\/www.europesays.com\/no\/wp-json\/wp\/v2\/types\/post"}],"author":[{"embeddable":true,"href":"https:\/\/www.europesays.com\/no\/wp-json\/wp\/v2\/users\/2"}],"replies":[{"embeddable":true,"href":"https:\/\/www.europesays.com\/no\/wp-json\/wp\/v2\/comments?post=90961"}],"version-history":[{"count":0,"href":"https:\/\/www.europesays.com\/no\/wp-json\/wp\/v2\/posts\/90961\/revisions"}],"wp:featuredmedia":[{"embeddable":true,"href":"https:\/\/www.europesays.com\/no\/wp-json\/wp\/v2\/media\/90962"}],"wp:attachment":[{"href":"https:\/\/www.europesays.com\/no\/wp-json\/wp\/v2\/media?parent=90961"}],"wp:term":[{"taxonomy":"category","embeddable":true,"href":"https:\/\/www.europesays.com\/no\/wp-json\/wp\/v2\/categories?post=90961"},{"taxonomy":"post_tag","embeddable":true,"href":"https:\/\/www.europesays.com\/no\/wp-json\/wp\/v2\/tags?post=90961"}],"curies":[{"name":"wp","href":"https:\/\/api.w.org\/{rel}","templated":true}]}}