{"id":90965,"date":"2025-11-19T12:46:14","date_gmt":"2025-11-19T12:46:14","guid":{"rendered":"https:\/\/www.europesays.com\/no\/90965\/"},"modified":"2025-11-19T12:46:14","modified_gmt":"2025-11-19T12:46:14","slug":"lokalt-naeringsliv-mo-industripark-island-slar-tilbake-mot-eu-etter-toll-pa-jernlegeringer","status":"publish","type":"post","link":"https:\/\/www.europesays.com\/no\/90965\/","title":{"rendered":"Lokalt n\u00e6ringsliv, Mo Industripark | Island sl\u00e5r tilbake mot EU etter toll p\u00e5 jernlegeringer"},"content":{"rendered":"<p>EU har vedtatt \u00e5 lage en \u00f8vre grense for hvor mye jern- og manganlegeringer de vil slippe inn uten toll. EU har tatt utgangspunkt i hvor mye de har importert de siste tre \u00e5rene, og har vedtatt at 75 prosent vil v\u00e6re tollfritt. De siste 25 prosentene kan det legges toll p\u00e5.<\/p>\n<p>Tiltaket gjelder b\u00e5de toll og minstepris. Import som overstiger kvotene kan fortsatt komme inn tollfritt, men bare dersom prisen er h\u00f8yere enn prisgulvet EU har fastsatt. Er prisene h\u00f8yere, m\u00e5 differansen alts\u00e5 betales som toll. <\/p>\n<p>Tollen er satt for \u00e5 beskytte EUs ferrolegeringsindustri, og kommer etter en 11 m\u00e5neder land juridisk prosess. EU skriver at de i 2024 startet en unders\u00f8kelse som konkluderte med at dagens importniv\u00e5 til EU er skadelig for den EU-baserte ferrolegeringsindustrien. If\u00f8lge EU \u00f8kte importen med 17 prosent mellom 2019 og 2024.<\/p>\n<p>EU skriver i sin pressemelding at selv om Norge og Island er medlem av E\u00d8S, blir de ikke forskjellsbehandlet fra andre tredjeland. De skal hver tredje m\u00e5ned ha dialog med Norge og Island for \u00e5 gjennomg\u00e5 effektene og konsekvensene av tollen. <\/p>\n<p>Tollen gjelder forel\u00f8pig de neste tre \u00e5rene, og utl\u00f8per 17. november 2028. <\/p>\n","protected":false},"excerpt":{"rendered":"EU har vedtatt \u00e5 lage en \u00f8vre grense for hvor mye jern- og manganlegeringer de vil slippe inn&hellip;\n","protected":false},"author":2,"featured_media":5826,"comment_status":"","ping_status":"","sticky":false,"template":"","format":"standard","meta":{"footnotes":""},"categories":[5],"tags":[36,20,21,279,24,25,15,19,7452,22,23,3612,17,18,11928,13,30,28,29,14,16,1510,365,26,27],"class_list":{"0":"post-90965","1":"post","2":"type-post","3":"status-publish","4":"format-standard","5":"has-post-thumbnail","7":"category-overskrifter","8":"tag-art","9":"tag-breaking-news","10":"tag-breakingnews","11":"tag-eu","12":"tag-featured-news","13":"tag-featurednews","14":"tag-headlines","15":"tag-hovedoppslag","16":"tag-island","17":"tag-latest-news","18":"tag-latestnews","19":"tag-lokalt-naeringsliv","20":"tag-main-news","21":"tag-mainnews","22":"tag-mo-industripark","23":"tag-news","24":"tag-no","25":"tag-norge","26":"tag-norway","27":"tag-nyheter","28":"tag-overskrifter","29":"tag-story","30":"tag-toll","31":"tag-top-stories","32":"tag-topstories"},"share_on_mastodon":{"url":"https:\/\/pubeurope.com\/@no\/115576437826928378","error":""},"_links":{"self":[{"href":"https:\/\/www.europesays.com\/no\/wp-json\/wp\/v2\/posts\/90965","targetHints":{"allow":["GET"]}}],"collection":[{"href":"https:\/\/www.europesays.com\/no\/wp-json\/wp\/v2\/posts"}],"about":[{"href":"https:\/\/www.europesays.com\/no\/wp-json\/wp\/v2\/types\/post"}],"author":[{"embeddable":true,"href":"https:\/\/www.europesays.com\/no\/wp-json\/wp\/v2\/users\/2"}],"replies":[{"embeddable":true,"href":"https:\/\/www.europesays.com\/no\/wp-json\/wp\/v2\/comments?post=90965"}],"version-history":[{"count":0,"href":"https:\/\/www.europesays.com\/no\/wp-json\/wp\/v2\/posts\/90965\/revisions"}],"wp:featuredmedia":[{"embeddable":true,"href":"https:\/\/www.europesays.com\/no\/wp-json\/wp\/v2\/media\/5826"}],"wp:attachment":[{"href":"https:\/\/www.europesays.com\/no\/wp-json\/wp\/v2\/media?parent=90965"}],"wp:term":[{"taxonomy":"category","embeddable":true,"href":"https:\/\/www.europesays.com\/no\/wp-json\/wp\/v2\/categories?post=90965"},{"taxonomy":"post_tag","embeddable":true,"href":"https:\/\/www.europesays.com\/no\/wp-json\/wp\/v2\/tags?post=90965"}],"curies":[{"name":"wp","href":"https:\/\/api.w.org\/{rel}","templated":true}]}}