{"id":90968,"date":"2025-11-19T12:51:22","date_gmt":"2025-11-19T12:51:22","guid":{"rendered":"https:\/\/www.europesays.com\/no\/90968\/"},"modified":"2025-11-19T12:51:22","modified_gmt":"2025-11-19T12:51:22","slug":"espen-barth-eide-fornoyd-med-at-usa-leder-fredsprosessen-i-gaza","status":"publish","type":"post","link":"https:\/\/www.europesays.com\/no\/90968\/","title":{"rendered":"Espen Barth Eide forn\u00f8yd med at USA leder fredsprosessen i Gaza."},"content":{"rendered":"\n<p class=\"_paragraph_o9xde_4 _paragraph_xtcu6_10 layout-component text-serif-m layout-normal text-serif-m layout-padded\"><strong class=\"_strong_o9xde_25\">\u2013 USA er det landet som virkelig kan snakke tydelig til Israel med effekt, s\u00e5 det er viktig \u00e5 ha USA inne, sier Eide til VG.<\/strong><\/p>\n<p class=\"_paragraph_o9xde_4 _paragraph_xtcu6_10 layout-component text-serif-m layout-normal text-serif-m layout-padded\">\u2013 Jeg er glad for at USA og Trump personlig har lyttet til gruppen av arabiske land som vi har jobbet tett sammen, og som har utviklet en forst\u00e5else av hva som skal til for \u00e5 g\u00e5 fra bare v\u00e5penhvile og til en fredsl\u00f8sning, fortsetter han.<\/p>\n<p>Toppm\u00f8te om gjenoppbygging <\/p>\n<p class=\"_paragraph_o9xde_4 _paragraph_xtcu6_10 layout-component text-serif-m layout-normal text-serif-m layout-padded\">Veto-maktene Kina og Russland avsto fra \u00e5 stemme, men la heller ikke ned veto. <\/p>\n<p class=\"_paragraph_o9xde_4 _paragraph_xtcu6_10 layout-component text-serif-m layout-normal text-serif-m layout-padded\">Med FNs godkjenning kan arbeidet n\u00e5 starte med fase to i Trumps fredsplan. <\/p>\n<p class=\"_paragraph_o9xde_4 _paragraph_xtcu6_10 layout-component text-serif-m layout-normal text-serif-m layout-padded\">I l\u00f8pet av de neste ukene skal Egypt lede et internasjonalt toppm\u00f8te om gjenoppbygging av Gaza. <\/p>\n<p><img alt=\"Foto: Jonas F\u00e6ste Laksekj\u00f8n \/ NTB\" class=\"_image_qp4xg_65 layout-component layout-normal\" data-fullscreen- data-track-element-type=\"Article image fullscreen\" data-track-name=\"ImageFullscreen\" decoding=\"async\" loading=\"lazy\" height=\"4000\" itemprop=\"image\"  src=\"https:\/\/www.europesays.com\/no\/wp-content\/uploads\/2025\/11\/78e46dae-f7ae-440e-af37-52d0d7bebecf\"  style=\"object-position:0% 0%\" width=\"6000\"\/>Foto: Jonas F\u00e6ste Laksekj\u00f8n \/ NTB<\/p>\n<p class=\"_paragraph_o9xde_4 _paragraph_xtcu6_10 layout-component text-serif-m layout-normal text-serif-m layout-padded\">Den norske utenriksministeren skal v\u00e6re med-arrang\u00f8r av denne konferansen.<\/p>\n<p class=\"_paragraph_o9xde_4 _paragraph_xtcu6_10 layout-component text-serif-m layout-normal text-serif-m layout-padded\">\u2013 Vi har f\u00e5tt beskreftet at denne konferansen skal holdes snart. Men vi venter fortsatt p\u00e5 dato. sier Eide til VG.<\/p>\n<p class=\"_paragraph_o9xde_4 _paragraph_xtcu6_10 layout-component text-serif-m layout-normal text-serif-m layout-padded\">\u2013 Hva blir det norske bidraget til gjenoppbygging?<\/p>\n<p class=\"_paragraph_o9xde_4 _paragraph_xtcu6_10 layout-component text-serif-m layout-normal text-serif-m layout-padded\">\u2013 Det kommer vi med p\u00e5 konferansen, sier utenriksministeren.<\/p>\n<p>Kan rives ned igjen <\/p>\n<p class=\"_paragraph_o9xde_4 _paragraph_xtcu6_10 layout-component text-serif-m layout-normal text-serif-m layout-padded\">Men andre kilder i regjeringssystemet sier at Norge neppe vil bidra direkte til gjenoppbyggingen. <\/p>\n<p class=\"_paragraph_o9xde_4 _paragraph_xtcu6_10 layout-component text-serif-m layout-normal text-serif-m layout-padded\">Bakgrunnen for dette skal v\u00e6re frykt for at det som bygges p\u00e5 i Gaza, raskt kan bli revet ned igjen dersom den skj\u00f8re fredsavtalen havarerer. <\/p>\n<p class=\"_paragraph_o9xde_4 _paragraph_xtcu6_10 layout-component text-serif-m layout-normal text-serif-m layout-padded\">Regjeringens holdning er at Gulf-statene m\u00e5 ta den st\u00f8rste regningen. <\/p>\n<p class=\"_paragraph_o9xde_4 _paragraph_xtcu6_10 layout-component text-serif-m layout-normal text-serif-m layout-padded\">Etter Norges tolkning av folkeretten er det skadefor\u00f8ver Israel som skal betale krigserstatning. Men f\u00e5 tror at det vil skje. <\/p>\n<p class=\"_paragraph_o9xde_4 _paragraph_xtcu6_10 layout-component text-serif-m layout-normal text-serif-m layout-padded\">\u2013 Gjenoppbygging er ikke bare sp\u00f8rsm\u00e5l om penger, men ogs\u00e5 om innretning. Det er ogs\u00e5 om hvem som skal styre i Gaza i fremtiden, og veien fram til at de palestinske selvstyremyndighetene kan ta over, slik vi jobber for, sier Espen Barth Eide. <\/p>\n<p><img alt=\"SENTER: CMCC, koordineringssenteret for Gaza, viste fram sine lokaler for internasjonal presse mandag.   Foto: Ariel Schalit \/ AP \/ NTB\" class=\"_image_qp4xg_65 layout-component layout-normal\" data-fullscreen- data-track-element-type=\"Article image fullscreen\" data-track-name=\"ImageFullscreen\" decoding=\"async\" loading=\"lazy\" height=\"5760\" itemprop=\"image\"  src=\"https:\/\/www.europesays.com\/no\/wp-content\/uploads\/2025\/11\/c1925ef6-30cf-47f2-be6e-92694c773d1c\"  style=\"object-position:0% 0%\" width=\"8640\"\/>SENTER: CMCC, koordineringssenteret for Gaza, viste fram sine lokaler for internasjonal presse mandag.   Foto: Ariel Schalit \/ AP \/ NTBNytt koordineringssenter <\/p>\n<p class=\"_paragraph_o9xde_4 _paragraph_xtcu6_10 layout-component text-serif-m layout-normal text-serif-m layout-padded\">I de siste ukene har USA bygd opp det nye senteret som er Gazas midlertidige myndighet: I oktober kom 200 offiserer fra USA til Israel og har etablert seg i et lagerbygg utenfor Tel Aviv. Der har ogs\u00e5 diplomater fra USA, Israel og en rekke andre land flyttet inn. <\/p>\n<p class=\"_paragraph_o9xde_4 _paragraph_xtcu6_10 layout-component text-serif-m layout-normal text-serif-m layout-padded\">Norge har sendt en liten gruppe fra UD og Forsvaret til Israel for \u00e5 f\u00f8lge med oppbyggingen p\u00e5 n\u00e6rt hold. <\/p>\n<p class=\"_paragraph_o9xde_4 _paragraph_xtcu6_10 layout-component text-serif-m layout-normal text-serif-m layout-padded\">Det sivil-milit\u00e6re koordineringssenteret CMCC skal koordinere n\u00f8dhjelp inn, og klargj\u00f8re oppsettet av en internasjonal fredsstyrke som skal ta fatt p\u00e5 fase to i Trumps fredsplan. Trump skal selv lede det overordnede fredsr\u00e5det. <\/p>\n<p>Avv\u00e6pnes <\/p>\n<p class=\"_paragraph_o9xde_4 _paragraph_xtcu6_10 layout-component text-serif-m layout-normal text-serif-m layout-padded\">Etter planen skal Hamas avv\u00e6pnes og de israelske styrkene gradvis trekke seg ut, i alle fall fra deler av Gaza.  Men Hamas har tydelig avvist denne delen av FN-resolusjonen.<\/p>\n<p class=\"_paragraph_o9xde_4 _paragraph_xtcu6_10 layout-component text-serif-m layout-normal text-serif-m layout-padded\">\u2013 Problemet har jo v\u00e6rt at rekkef\u00f8lgen p\u00e5 dette har v\u00e6rt uklar. Israel har sagt at de drar ikke f\u00f8r Hamas har avv\u00e6pnet. Det man n\u00e5 jobber med, er \u00e5 si hvordan disse ulike elementene skal sys sammen, slik at man har en plan og ikke bare elementer, sier Espen Barth Eide.<\/p>\n<p class=\"_paragraph_o9xde_4 _paragraph_xtcu6_10 layout-component text-serif-m layout-normal text-serif-m layout-padded\">Hvilke nasjoner som skal sette opp den internasjonale styrken, er uklart. USA har gjort det klart at de ikke skal ha soldater p\u00e5 bakken i Gaza.<\/p>\n<p class=\"_paragraph_o9xde_4 _paragraph_xtcu6_10 layout-component text-serif-m layout-normal text-serif-m layout-padded\">\u2013 Det blir \u00e5penbart ikke lett, men hadde det v\u00e6rt lett, s\u00e5 hadde man ikke trengt en internasjonal styrke, sier Eide.<\/p>\n<p class=\"_paragraph_o9xde_4 _paragraph_xtcu6_10 layout-component text-serif-m layout-normal text-serif-m layout-padded\">\u2013 Mandatet bygger p\u00e5 Trumps 20 punkts plan: Hamas skal avv\u00e6pnes og demobiliseres, og Israel skal trekke seg tilbake n\u00e5r et nytt styresett skal inn. Prosessen skal overv\u00e5kes av internasjonal styrke, og fredsr\u00e5det skal overv\u00e5ke dette, forklarer han. <\/p>\n<p>\u2013 Problematisk <\/p>\n<p class=\"_paragraph_o9xde_4 _paragraph_xtcu6_10 layout-component text-serif-m layout-normal text-serif-m layout-padded\">Vedtaket i FNs sikkerhetsr\u00e5d leses av mange som en tydelig anerkjennelse av USAs diplomati i <a href=\"https:\/\/www.vg.no\/tag\/midtoesten?utm_source=vg-article&amp;utm_medium=auto-tagger&amp;utm_campaign=qPKK5w\" class=\"_link_o9xde_39\" rel=\"nofollow noopener\" target=\"_blank\">Midt\u00f8sten<\/a>.<\/p>\n<p class=\"_paragraph_o9xde_4 _paragraph_xtcu6_10 layout-component text-serif-m layout-normal text-serif-m layout-padded\">Den amerikanske presidenten var sv\u00e6rt godt forn\u00f8yd:<\/p>\n<p class=\"_paragraph_o9xde_4 _paragraph_xtcu6_10 layout-component text-serif-m layout-normal text-serif-m layout-padded\">\u00abGratulerer til verden for en utrolig avstemning i FNs sikkerhetr\u00e5d\u00bb, skrev Trump p\u00e5 Truth Social. <\/p>\n<p class=\"_paragraph_o9xde_4 _paragraph_xtcu6_10 layout-component text-serif-m layout-normal text-serif-m layout-padded\">Men Tor Wennesland, FNs tidligere Midt\u00f8sten-utsending, har <a href=\"https:\/\/www.vg.no\/nyheter\/i\/MnxM0J\/ekspert-om-gaza-vedtaket-gir-trump-en-noekkelrolle\" data-track-element-type=\"Link\" data-track-id=\"link:MnxM0J\" class=\"_link_o9xde_39\" rel=\"nofollow noopener\" target=\"_blank\">pekt p\u00e5 flere utfordringer med USA-styret:<\/a><\/p>\n<p class=\"_paragraph_o9xde_4 _paragraph_xtcu6_10 layout-component text-serif-m layout-normal text-serif-m layout-padded\">\u2013 Det sentrale og problematiske med Sikkerhetsr\u00e5dets vedtak, er at USA f\u00e5r et to\u00e5rig mandat i Gaza som p\u00e5 mange m\u00e5ter setter Sikkerhetsr\u00e5det p\u00e5 sidelinjen n\u00e5r det gjelder h\u00e5ndteringen av Gaza-situasjonen, sier Wennesland til NTB.<\/p>\n","protected":false},"excerpt":{"rendered":"\u2013 USA er det landet som virkelig kan snakke tydelig til Israel med effekt, s\u00e5 det er viktig&hellip;\n","protected":false},"author":2,"featured_media":90969,"comment_status":"","ping_status":"","sticky":false,"template":"","format":"standard","meta":{"footnotes":""},"categories":[12],"tags":[20,21,55,258,24,25,53,15,22,23,411,13,30,28,29,14,16,26,27,42,205,43,44,45],"class_list":{"0":"post-90968","1":"post","2":"type-post","3":"status-publish","4":"format-standard","5":"has-post-thumbnail","7":"category-verden","8":"tag-breaking-news","9":"tag-breakingnews","10":"tag-donald-trump","11":"tag-espen-barth-eide","12":"tag-featured-news","13":"tag-featurednews","14":"tag-gaza","15":"tag-headlines","16":"tag-latest-news","17":"tag-latestnews","18":"tag-midtosten","19":"tag-news","20":"tag-no","21":"tag-norge","22":"tag-norway","23":"tag-nyheter","24":"tag-overskrifter","25":"tag-top-stories","26":"tag-topstories","27":"tag-verden","28":"tag-vgsamfunn","29":"tag-world","30":"tag-world-news","31":"tag-worldnews"},"share_on_mastodon":{"url":"https:\/\/pubeurope.com\/@no\/115576457670742437","error":""},"_links":{"self":[{"href":"https:\/\/www.europesays.com\/no\/wp-json\/wp\/v2\/posts\/90968","targetHints":{"allow":["GET"]}}],"collection":[{"href":"https:\/\/www.europesays.com\/no\/wp-json\/wp\/v2\/posts"}],"about":[{"href":"https:\/\/www.europesays.com\/no\/wp-json\/wp\/v2\/types\/post"}],"author":[{"embeddable":true,"href":"https:\/\/www.europesays.com\/no\/wp-json\/wp\/v2\/users\/2"}],"replies":[{"embeddable":true,"href":"https:\/\/www.europesays.com\/no\/wp-json\/wp\/v2\/comments?post=90968"}],"version-history":[{"count":0,"href":"https:\/\/www.europesays.com\/no\/wp-json\/wp\/v2\/posts\/90968\/revisions"}],"wp:featuredmedia":[{"embeddable":true,"href":"https:\/\/www.europesays.com\/no\/wp-json\/wp\/v2\/media\/90969"}],"wp:attachment":[{"href":"https:\/\/www.europesays.com\/no\/wp-json\/wp\/v2\/media?parent=90968"}],"wp:term":[{"taxonomy":"category","embeddable":true,"href":"https:\/\/www.europesays.com\/no\/wp-json\/wp\/v2\/categories?post=90968"},{"taxonomy":"post_tag","embeddable":true,"href":"https:\/\/www.europesays.com\/no\/wp-json\/wp\/v2\/tags?post=90968"}],"curies":[{"name":"wp","href":"https:\/\/api.w.org\/{rel}","templated":true}]}}