{"id":91037,"date":"2025-11-19T14:20:36","date_gmt":"2025-11-19T14:20:36","guid":{"rendered":"https:\/\/www.europesays.com\/no\/91037\/"},"modified":"2025-11-19T14:20:36","modified_gmt":"2025-11-19T14:20:36","slug":"transpersoners-rettigheter-er-menneskerettigheter-adressa-no","status":"publish","type":"post","link":"https:\/\/www.europesays.com\/no\/91037\/","title":{"rendered":"Transpersoners rettigheter er menneskerettigheter &#8211; adressa.no"},"content":{"rendered":"\n<p>Kristoffer Hassel S\u00f8rumshaugen (16)  Styremedlem Tr\u00f8ndelag og Trondheim Unge Venstre<\/p>\n<p>Publisert:<br \/>\n  18. november 2025 kl. 07:06<br \/>\n  Oppdatert:<br \/>\n  18. november 2025 kl. 07:06\n <\/p>\n<p>Dette er et debattinnlegg. Det gir uttrykk for debattantens egen holdning.<\/p>\n<p><strong>I en tid <\/strong>der demokratiske verdier og menneskerettigheter blir presset tilbake over hele verden, m\u00e5 Norge ta et valg, et valg om vi vil beskytte friheten til \u00e5 velge selv hvem man vil v\u00e6re. Transpersoner sine rettigheter er ikke symbolpolitikk, det er et forsvar av grunnleggende menneskerettigheter.<\/p>\n<p>Transpersoner m\u00f8ter i dag diskriminering, vold og mangel p\u00e5 sosial aksept i samfunnet, ogs\u00e5 her i Norge. Om vi virkelig skal kalle oss et liberalt og inkluderende land, m\u00e5 vi s\u00f8rge for at alle mennesker kan leve trygt og fritt, uavhengig av kj\u00f8nnsidentitet.<\/p>\n<p>Norge er glad i \u00e5 se p\u00e5 seg selv som et foregangsland for menneskerettigheter og likestilling. Men for mange transpersoner er ikke det samfunnsbildet sant. Mange transpersoner opplever \u00e5 bli utsatt for hat, vold og diskriminering, det betyr bare en ting, systemet og samfunnet trenger en endring.<\/p>\n<p><a href=\"https:\/\/www.adressa.no\/debatt\/i\/ny76AL\/transrettigheter-er-ingen-uviktig-detalj\" rel=\"nofollow noopener\" target=\"_blank\"> <img decoding=\"async\" src=\"data:image\/gif;base64,R0lGODlhEAAJAIAAAP\/\/\/wAAACH5BAEAAAAALAAAAAAQAAkAAAIKhI+py+0Po5yUFQA7\" alt=\"\"\/>   Transrettigheter er ingen uviktig detalj  <\/a> <\/p>\n<p><strong>Dette handler ikke<\/strong> om ideologi eller seksualitet. Diskriminering og hets mot transpersoner m\u00e5 tas p\u00e5 alvor, akkurat som all annen diskriminering i samfunnet. Samtidig m\u00e5 vi s\u00f8rge for at denne debatten blir f\u00f8rt p\u00e5 en respektabel m\u00e5te og vise alle forskjellige syn og meninger s\u00e5nn at vi ikke skaper mer splittelse i samfunnet men heller forst\u00e5else og respekt for hverandre.<\/p>\n<p>Dette handler heller ikke bare om transpersoner. Vi m\u00e5 s\u00f8rge for at friheten til \u00e5 v\u00e6re hvem man vil er beskyttet uansett. Vi m\u00e5 s\u00f8rge for at medmenneskelighet og gjensidig respekt vinner over hat og splittelse. Sammen kan vi bygge et tolerant og forent samfunn som bygger hverandre opp istedenfor \u00e5 trykke hverandre ned.<\/p>\n<p>M\u00e5let er enkelt. At alle mennesker i Norge har den samme tryggheten, de samme rettighetene og de samme mulighetene uansett hvem de er.<\/p>\n<p>Dette handler ikke om \u00e5 gi transpersoner spesielle rettigheter, men om \u00e5 sikre de samme rettighetene for alle samme hvem de er.<\/p>\n","protected":false},"excerpt":{"rendered":"Kristoffer Hassel S\u00f8rumshaugen (16) Styremedlem Tr\u00f8ndelag og Trondheim Unge Venstre Publisert: 18. november 2025 kl. 07:06 Oppdatert: 18.&hellip;\n","protected":false},"author":2,"featured_media":91038,"comment_status":"","ping_status":"","sticky":false,"template":"","format":"standard","meta":{"footnotes":"","_share_on_mastodon":"0"},"categories":[10],"tags":[20,21,37,1388,2243,24,25,15,3476,11932,22,23,539,13,30,28,29,14,16,3440,3477,26,27],"class_list":["post-91037","post","type-post","status-publish","format-standard","has-post-thumbnail","category-norge","tag-breaking-news","tag-breakingnews","tag-debatt","tag-demokrati","tag-diskriminering","tag-featured-news","tag-featurednews","tag-headlines","tag-kjonnsidentitet","tag-kjonnsmangfold","tag-latest-news","tag-latestnews","tag-likestilling","tag-news","tag-no","tag-norge","tag-norway","tag-nyheter","tag-overskrifter","tag-rettigheter","tag-seksualitet","tag-top-stories","tag-topstories"],"share_on_mastodon":{"url":"https:\/\/pubeurope.com\/@no\/115576807554504900","error":""},"_links":{"self":[{"href":"https:\/\/www.europesays.com\/no\/wp-json\/wp\/v2\/posts\/91037","targetHints":{"allow":["GET"]}}],"collection":[{"href":"https:\/\/www.europesays.com\/no\/wp-json\/wp\/v2\/posts"}],"about":[{"href":"https:\/\/www.europesays.com\/no\/wp-json\/wp\/v2\/types\/post"}],"author":[{"embeddable":true,"href":"https:\/\/www.europesays.com\/no\/wp-json\/wp\/v2\/users\/2"}],"replies":[{"embeddable":true,"href":"https:\/\/www.europesays.com\/no\/wp-json\/wp\/v2\/comments?post=91037"}],"version-history":[{"count":0,"href":"https:\/\/www.europesays.com\/no\/wp-json\/wp\/v2\/posts\/91037\/revisions"}],"wp:featuredmedia":[{"embeddable":true,"href":"https:\/\/www.europesays.com\/no\/wp-json\/wp\/v2\/media\/91038"}],"wp:attachment":[{"href":"https:\/\/www.europesays.com\/no\/wp-json\/wp\/v2\/media?parent=91037"}],"wp:term":[{"taxonomy":"category","embeddable":true,"href":"https:\/\/www.europesays.com\/no\/wp-json\/wp\/v2\/categories?post=91037"},{"taxonomy":"post_tag","embeddable":true,"href":"https:\/\/www.europesays.com\/no\/wp-json\/wp\/v2\/tags?post=91037"}],"curies":[{"name":"wp","href":"https:\/\/api.w.org\/{rel}","templated":true}]}}