{"id":91117,"date":"2025-11-19T16:11:15","date_gmt":"2025-11-19T16:11:15","guid":{"rendered":"https:\/\/www.europesays.com\/no\/91117\/"},"modified":"2025-11-19T16:11:15","modified_gmt":"2025-11-19T16:11:15","slug":"na-er-det-over","status":"publish","type":"post","link":"https:\/\/www.europesays.com\/no\/91117\/","title":{"rendered":"N\u00e5 er det over"},"content":{"rendered":"<p>\nDet bekrefter Premier League-lederen i en <a href=\"https:\/\/www.arsenal.com\/news\/visit-rwanda-update\" target=\"_blank\" rel=\"nofollow noopener\">pressemelding.<\/a> Partnerskapet vil ha vart i \u00e5tte sesonger n\u00e5r det avsluttes i juni neste \u00e5r.<\/p>\n<p>Arsenal opplyser at bruddet er en avgj\u00f8relse som er truffet sammen med sponsoren Visit Rwanda. Klubben har spilt med logoen til den statlige turistkampanjen p\u00e5 draktermet, og det fortsetter ut sesongen.<\/p>\n<p>I april protesterte Arsenal-supportere mot det omstridte samarbeidet. BBC har tidligere meldt at avtalen skal v\u00e6re verdt over 130 millioner kroner i \u00e5ret.<\/p>\n<p>Det som i hovedsak har gjort sponsoren problematisk, er volden som de siste \u00e5rene har herjet i det \u00f8stlige Kongo, som grenser til Rwanda. Kongo beskylder nabolandet for \u00e5 ha bev\u00e6pnet og st\u00f8ttet oppr\u00f8rsbevegelsen M23.<\/p>\n<p>Konflikten har kostet tusenvis av mennesker livet og utl\u00f8st en humanit\u00e6r krise. Tidligere i m\u00e5neden skrev Kongo og M23 under p\u00e5 et nytt rammeverk for fred.<\/p>\n<p>Rwanda fortsetter \u00e5 ha samarbeidsavtaler med de europeiske storklubbene Paris Saint-Germain, Bayern M\u00fcnchen og Atl\u00e9tico Madrid.<\/p>\n","protected":false},"excerpt":{"rendered":"Det bekrefter Premier League-lederen i en pressemelding. Partnerskapet vil ha vart i \u00e5tte sesonger n\u00e5r det avsluttes i&hellip;\n","protected":false},"author":2,"featured_media":91118,"comment_status":"","ping_status":"","sticky":false,"template":"","format":"standard","meta":{"footnotes":""},"categories":[12],"tags":[20,21,24,25,15,22,23,13,30,28,29,14,16,26,27,42,43,44,45],"class_list":{"0":"post-91117","1":"post","2":"type-post","3":"status-publish","4":"format-standard","5":"has-post-thumbnail","7":"category-verden","8":"tag-breaking-news","9":"tag-breakingnews","10":"tag-featured-news","11":"tag-featurednews","12":"tag-headlines","13":"tag-latest-news","14":"tag-latestnews","15":"tag-news","16":"tag-no","17":"tag-norge","18":"tag-norway","19":"tag-nyheter","20":"tag-overskrifter","21":"tag-top-stories","22":"tag-topstories","23":"tag-verden","24":"tag-world","25":"tag-world-news","26":"tag-worldnews"},"share_on_mastodon":{"url":"https:\/\/pubeurope.com\/@no\/115577243767499928","error":""},"_links":{"self":[{"href":"https:\/\/www.europesays.com\/no\/wp-json\/wp\/v2\/posts\/91117","targetHints":{"allow":["GET"]}}],"collection":[{"href":"https:\/\/www.europesays.com\/no\/wp-json\/wp\/v2\/posts"}],"about":[{"href":"https:\/\/www.europesays.com\/no\/wp-json\/wp\/v2\/types\/post"}],"author":[{"embeddable":true,"href":"https:\/\/www.europesays.com\/no\/wp-json\/wp\/v2\/users\/2"}],"replies":[{"embeddable":true,"href":"https:\/\/www.europesays.com\/no\/wp-json\/wp\/v2\/comments?post=91117"}],"version-history":[{"count":0,"href":"https:\/\/www.europesays.com\/no\/wp-json\/wp\/v2\/posts\/91117\/revisions"}],"wp:featuredmedia":[{"embeddable":true,"href":"https:\/\/www.europesays.com\/no\/wp-json\/wp\/v2\/media\/91118"}],"wp:attachment":[{"href":"https:\/\/www.europesays.com\/no\/wp-json\/wp\/v2\/media?parent=91117"}],"wp:term":[{"taxonomy":"category","embeddable":true,"href":"https:\/\/www.europesays.com\/no\/wp-json\/wp\/v2\/categories?post=91117"},{"taxonomy":"post_tag","embeddable":true,"href":"https:\/\/www.europesays.com\/no\/wp-json\/wp\/v2\/tags?post=91117"}],"curies":[{"name":"wp","href":"https:\/\/api.w.org\/{rel}","templated":true}]}}