{"id":91137,"date":"2025-11-19T16:34:22","date_gmt":"2025-11-19T16:34:22","guid":{"rendered":"https:\/\/www.europesays.com\/no\/91137\/"},"modified":"2025-11-19T16:34:22","modified_gmt":"2025-11-19T16:34:22","slug":"ulykker-grane-bil-har-kjort-av-veien-pa-e6","status":"publish","type":"post","link":"https:\/\/www.europesays.com\/no\/91137\/","title":{"rendered":"Ulykker, Grane | Bil har kj\u00f8rt av veien p\u00e5 E6"},"content":{"rendered":"\n<p>N\u00f8detatene har rykket ut til Grane etter \u00e5 ha f\u00e5tt melding om en bil som har kj\u00f8rt av veien ved Fagerstad. <\/p>\n<p>Det er ikke meldt om personskade, og ambulansen er p\u00e5 stedet og ser til f\u00f8reren. <\/p>\n<p>\u2013 Politiet gj\u00f8r unders\u00f8kelser p\u00e5 stedet, melder operasjonsleder May Wenche Hansen i politiloggen klokken 13:30. <\/p>\n<p><b>Oppdatert kl. 13:49: <\/b>Politiet har ingen mistanke om rusp\u00e5virket kj\u00f8ring, og det er ikke personskade. <\/p>\n<p>\u2013 Da f\u00f8rer har krysset motg\u00e5ende kj\u00f8rebane er f\u00f8rerkortet tatt i beslag, melder operasjonslederen. <\/p>\n<p>Politiet har opprettet sak p\u00e5 hendelsen.<\/p>\n","protected":false},"excerpt":{"rendered":"N\u00f8detatene har rykket ut til Grane etter \u00e5 ha f\u00e5tt melding om en bil som har kj\u00f8rt av&hellip;\n","protected":false},"author":2,"featured_media":4133,"comment_status":"","ping_status":"","sticky":false,"template":"","format":"standard","meta":{"footnotes":""},"categories":[5],"tags":[36,20,21,24,25,2450,15,19,22,23,17,18,13,30,28,29,14,16,1510,26,27,224,1204],"class_list":{"0":"post-91137","1":"post","2":"type-post","3":"status-publish","4":"format-standard","5":"has-post-thumbnail","7":"category-overskrifter","8":"tag-art","9":"tag-breaking-news","10":"tag-breakingnews","11":"tag-featured-news","12":"tag-featurednews","13":"tag-grane","14":"tag-headlines","15":"tag-hovedoppslag","16":"tag-latest-news","17":"tag-latestnews","18":"tag-main-news","19":"tag-mainnews","20":"tag-news","21":"tag-no","22":"tag-norge","23":"tag-norway","24":"tag-nyheter","25":"tag-overskrifter","26":"tag-story","27":"tag-top-stories","28":"tag-topstories","29":"tag-trafikk","30":"tag-ulykker"},"share_on_mastodon":{"url":"https:\/\/pubeurope.com\/@no\/115577334375101831","error":""},"_links":{"self":[{"href":"https:\/\/www.europesays.com\/no\/wp-json\/wp\/v2\/posts\/91137","targetHints":{"allow":["GET"]}}],"collection":[{"href":"https:\/\/www.europesays.com\/no\/wp-json\/wp\/v2\/posts"}],"about":[{"href":"https:\/\/www.europesays.com\/no\/wp-json\/wp\/v2\/types\/post"}],"author":[{"embeddable":true,"href":"https:\/\/www.europesays.com\/no\/wp-json\/wp\/v2\/users\/2"}],"replies":[{"embeddable":true,"href":"https:\/\/www.europesays.com\/no\/wp-json\/wp\/v2\/comments?post=91137"}],"version-history":[{"count":0,"href":"https:\/\/www.europesays.com\/no\/wp-json\/wp\/v2\/posts\/91137\/revisions"}],"wp:featuredmedia":[{"embeddable":true,"href":"https:\/\/www.europesays.com\/no\/wp-json\/wp\/v2\/media\/4133"}],"wp:attachment":[{"href":"https:\/\/www.europesays.com\/no\/wp-json\/wp\/v2\/media?parent=91137"}],"wp:term":[{"taxonomy":"category","embeddable":true,"href":"https:\/\/www.europesays.com\/no\/wp-json\/wp\/v2\/categories?post=91137"},{"taxonomy":"post_tag","embeddable":true,"href":"https:\/\/www.europesays.com\/no\/wp-json\/wp\/v2\/tags?post=91137"}],"curies":[{"name":"wp","href":"https:\/\/api.w.org\/{rel}","templated":true}]}}