{"id":91200,"date":"2025-11-19T17:18:09","date_gmt":"2025-11-19T17:18:09","guid":{"rendered":"https:\/\/www.europesays.com\/no\/91200\/"},"modified":"2025-11-19T17:18:09","modified_gmt":"2025-11-19T17:18:09","slug":"kan-bli-veldig-krevende","status":"publish","type":"post","link":"https:\/\/www.europesays.com\/no\/91200\/","title":{"rendered":"\u2013 Kan bli veldig krevende"},"content":{"rendered":"\n<ul class=\"_list_o9xde_3 _list_64s2r_85 _unordered_o9xde_106 text-sans-m\">\n<li class=\"_item_o9xde_30\">Landslagssjef St\u00e5le Solbakken forbereder Norges f\u00f8rste VM p\u00e5 28 \u00e5r.<\/li>\n<li class=\"_item_o9xde_30\">Han deler sin tanker om VM-forbertdelsene med VG.<\/li>\n<li class=\"_item_o9xde_30\">Fire til fem landskamper mot toppnasjoner planlegges f\u00f8r VM.<\/li>\n<li class=\"_item_o9xde_30\">Solbakken er sv\u00e6rt opptatt av ikke bare spillerne, men ogs\u00e5 st\u00f8tteapparatet m\u00e5 t\u00e5le  trykket gjennom et langt VM.<\/li>\n<\/ul>\n<p>Vis mer <\/p>\n<p class=\"_paragraph_o9xde_4 _paragraph_xtcu6_10 layout-component text-serif-m layout-normal text-serif-m layout-padded\">St\u00e5le Solbakken deler sine tanker om Norges f\u00f8rste VM p\u00e5 28 \u00e5r med VG. Han forbereder karrierens st\u00f8rste utfordring.<\/p>\n<p class=\"_paragraph_o9xde_4 _paragraph_xtcu6_10 layout-component text-serif-m layout-normal text-serif-m layout-padded\">I dette intervjuet avsl\u00f8rer landslagssjefen f\u00f8lgende: <\/p>\n<ul class=\"_list_o9xde_3 _list_xtcu6_9 _unordered_o9xde_106 layout-component text-serif-m layout-normal text-serif-m layout-padded\">\n<li class=\"_item_o9xde_30\">Erling Braut Haaland &amp; co. skal spille fire, kanskje fem landskamper f\u00f8r VM. Solbakken h\u00e5per de fleste blir mot toppnasjoner.<\/li>\n<li class=\"_item_o9xde_30\">VM kan potensielt vare i 38 dager38 dager11. juni til 19. juli 2026. pluss forberedelser. Solbakkens horisont varer helt til VM-finalen, selv om han ikke regner med at Norge kommer helt dit.<\/li>\n<li class=\"_item_o9xde_30\">Han vil hente erfaring fra nasjoner med st\u00f8rre mesterskapserfaring, men ikke kopiere dem.<\/li>\n<li class=\"_item_o9xde_30\">Et viktig punkt blir \u00e5 skape fysisk overskudd for stjerner som Haaland og Martin \u00d8degaard, som kommer rett fra t\u00f8ff belastning i sine klubber.<\/li>\n<li class=\"_item_o9xde_30\">Spillerne f\u00e5r sannsynligvis bes\u00f8k av familiene sine i VM.<\/li>\n<\/ul>\n<p class=\"_paragraph_o9xde_4 _paragraph_xtcu6_10 layout-component text-serif-m layout-normal text-serif-m layout-padded\"><strong class=\"_strong_o9xde_25\">Landslagssjefen er sv\u00e6rt opptatt av at lagets n\u00e6rmeste omgivelser ogs\u00e5 m\u00e5 t\u00e5le trykket i et VM som kan bli spilt under ekstreme klimatiske forhold.<\/strong><\/p>\n<p class=\"_paragraph_o9xde_4 _paragraph_xtcu6_10 layout-component text-serif-m layout-normal text-serif-m layout-padded\">\u2013 Min erfaring er at spillerne er kanskje bedre rustet enn oss trenere og st\u00f8tteapparatet for \u00f8vrig. De er bedre vant til \u00e5 leve et s\u00e5nt type liv. Noen i st\u00f8tteapparatet er ikke det. Vi m\u00e5 v\u00e6re mentalt forberedt p\u00e5 \u00e5 komme langt. Det er ikke sikkert vi gj\u00f8r det. Men vi m\u00e5 ha sult gjennom hele VM. Det er noe vi ikke har trening eller erfaring i. Det m\u00e5 vi ta p\u00e5 alvor, understreker han.<\/p>\n<p class=\"_paragraph_o9xde_4 _paragraph_xtcu6_10 layout-component text-serif-m layout-normal text-serif-m layout-padded\">\u2013 Jeg er grunnleggende optimistisk. Jeg tror vi har blitt mer profesjonelle p\u00e5 alle parametere. Men vi m\u00e5 g\u00e5 gjennom dette. Vi m\u00e5 beholde sulten om vi skulle v\u00e6re dyktige og komme langt i VM, fortsetter Solbakken.  <\/p>\n<p><img alt=\"VM-SPILLERE 1998: St\u00e5le Solbakken og keepertrener Frode Grod\u00e5s.  Foto: Fredrik Varfjell \/ NTB\" class=\"_image_qp4xg_65 layout-component layout-normal\" data-fullscreen- data-track-element-type=\"Article image fullscreen\" data-track-name=\"ImageFullscreen\" decoding=\"async\" loading=\"lazy\" height=\"1443\" itemprop=\"image\"  src=\"https:\/\/www.europesays.com\/no\/wp-content\/uploads\/2025\/11\/ebc8bdff-b15a-49ce-ba74-0a4d6b82e2cb\"  style=\"object-position:0% 0%\" width=\"2004\"\/>VM-SPILLERE 1998: St\u00e5le Solbakken og keepertrener Frode Grod\u00e5s.  Foto: Fredrik Varfjell \/ NTB<\/p>\n<p class=\"_paragraph_o9xde_4 _paragraph_xtcu6_10 layout-component text-serif-m layout-normal text-serif-m layout-padded\"><strong class=\"_strong_o9xde_25\">Han har selv spillererfaring fra b\u00e5de VM og EM. Norge leverte bemerkelsesverdig svake og m\u00e5ll\u00f8se avslutningskamper i 1994 (0\u20130 mot Irland), 1998 (0\u20131 mot Italia) og 2000 (0\u20130 mot Slovenia).<\/strong><\/p>\n<p class=\"_paragraph_o9xde_4 _paragraph_xtcu6_10 layout-component text-serif-m layout-normal text-serif-m layout-padded\">Han understreker at han ikke er skeptisk til eget st\u00f8tteapparat. Men VM blir en \u00f8velse bare han selv, keepertrener Frode Grod\u00e5s (VM-kaptein i 1998) og fysioterapeut Leif Arne Lystad (samme rolle i 1998) har erfaring fra.<\/p>\n<p class=\"_paragraph_o9xde_4 _paragraph_xtcu6_10 layout-component text-serif-m layout-normal text-serif-m layout-padded\">\u2013 Hvor stort blir st\u00f8tteapparatet?<\/p>\n<p class=\"_paragraph_o9xde_4 _paragraph_xtcu6_10 layout-component text-serif-m layout-normal text-serif-m layout-padded\">\u2013 Vi har det st\u00f8tteapparatet vi har. S\u00e5 m\u00e5 det bli noen ekstra n\u00e5r vi skal v\u00e6re s\u00e5 lenge borte.<\/p>\n<p class=\"_paragraph_o9xde_4 _paragraph_xtcu6_10 layout-component text-serif-m layout-normal text-serif-m layout-padded\">\u2013 Det kan bli en utfordring for alle \u00e5 v\u00e6re s\u00e5 lenge borte?<\/p>\n<p class=\"_paragraph_o9xde_4 _paragraph_xtcu6_10 layout-component text-serif-m layout-normal text-serif-m layout-padded\">\u2013 Det kan bli veldig krevende. S\u00e6rlig fordi vi skal v\u00e6re lenge p\u00e5 et kontinent hvor mye er annerledes.<\/p>\n<p class=\"_paragraph_o9xde_4 _paragraph_xtcu6_10 layout-component text-serif-m layout-normal text-serif-m layout-padded\"><strong class=\"_strong_o9xde_25\">St\u00e5le Solbakken kom tirsdag hjem til Hamar. Han gir uttrykk for at det skal bli godt med en pause etter feiringen av VM-plassen.<\/strong><\/p>\n<p class=\"_paragraph_o9xde_4 _paragraph_xtcu6_10 layout-component text-serif-m layout-normal text-serif-m layout-padded\">\u2013 Det blir noen dager avslapning, sier han.<\/p>\n<p class=\"_paragraph_o9xde_4 _paragraph_xtcu6_10 layout-component text-serif-m layout-normal text-serif-m layout-padded\">Snart rettes alt mot VM-trekningen i Washington 5. desember.<\/p>\n<p class=\"_paragraph_o9xde_4 _paragraph_xtcu6_10 layout-component text-serif-m layout-normal text-serif-m layout-padded\">\u2013 Etter den vet vi mye mer om alt. Hvem vi skal m\u00f8te. Hvor vi skal spille. Det er da det egentlig begynner, sier Solbakken.<\/p>\n<p class=\"_paragraph_o9xde_4 _paragraph_xtcu6_10 layout-component text-serif-m layout-normal text-serif-m layout-padded\">Han vil v\u00e6re p\u00e5 plass i USA om to uker.<\/p>\n<p class=\"_paragraph_o9xde_4 _paragraph_xtcu6_10 layout-component text-serif-m layout-normal text-serif-m layout-padded\">Men landslagssjefen vil ikke reise rundt til Norges spillesteder etter trekningen. Han drar hjem igjen etter at motstanderne i gruppespillet er klare.<\/p>\n<p class=\"_paragraph_o9xde_4 _paragraph_xtcu6_10 layout-component text-serif-m layout-normal text-serif-m layout-padded\">\u2013 Det m\u00e5 dannes en ledergruppe som skal gjennomf\u00f8re dette. Jeg skal mest mulig konsentrere meg om sport. Jeg m\u00e5 ha folk jeg stoler p\u00e5 til \u00e5 ordne alt det praktiske.<\/p>\n<p class=\"_paragraph_o9xde_4 _paragraph_xtcu6_10 layout-component text-serif-m layout-normal text-serif-m layout-padded\">\u2013 Hva er det viktigste \u00e5 forberede f\u00f8r VM?<\/p>\n<p class=\"_paragraph_o9xde_4 _paragraph_xtcu6_10 layout-component text-serif-m layout-normal text-serif-m layout-padded\">\u2013 Vi m\u00e5 ha topp fasiliteter. Det sier seg selv n\u00e5r vi skal v\u00e6re borte s\u00e5 lenge. S\u00e5 det ikke blir noe \u00abSaipan og Roy Keane\u00bb. De snakker om det i Irland fortsatt, ler landslagssjefen.<\/p>\n<p class=\"_paragraph_o9xde_4 _paragraph_xtcu6_10 layout-component text-serif-m layout-normal text-serif-m layout-padded\">Han viser til Irlands mislykkede VM-forberedelser i 2002. United-legenden Keane trakk seg fra VM og reiste hjem fra stillehavs\u00f8ya Saipan i protest mot elendige baner, ditto forberedelser og dav\u00e6rende landslagssjef Mick McCarthy.<\/p>\n<p><img alt=\"Foto: VEGARD GR\u00d8TT \/ Bildbyr\u00e5n\" class=\"_image_qp4xg_65 layout-component layout-normal\" data-fullscreen- data-track-element-type=\"Article image fullscreen\" data-track-name=\"ImageFullscreen\" decoding=\"async\" loading=\"lazy\" height=\"4000\" itemprop=\"image\"  src=\"https:\/\/www.europesays.com\/no\/wp-content\/uploads\/2025\/11\/2c04a814-0eca-49b5-aace-dc4f1588b085\"  style=\"object-position:0% 0%\" width=\"6000\"\/>Foto: VEGARD GR\u00d8TT \/ Bildbyr\u00e5n<\/p>\n<p class=\"_paragraph_o9xde_4 _paragraph_xtcu6_10 layout-component text-serif-m layout-normal text-serif-m layout-padded\">\u2013 Hva tenker du om ukjente faktorer som varme, h\u00f8yde og store reiseavstander i USA, Mexico og Canada?<\/p>\n<p class=\"_paragraph_o9xde_4 _paragraph_xtcu6_10 layout-component text-serif-m layout-normal text-serif-m layout-padded\">\u2013 Det er s\u00e5nne ting vi m\u00e5 se p\u00e5 n\u00e5r trekningen er gjort. Da er det forskjellige scenarioer p\u00e5 det.<\/p>\n<p class=\"_paragraph_o9xde_4 _paragraph_xtcu6_10 layout-component text-serif-m layout-normal text-serif-m layout-padded\">Foran den avgj\u00f8rende kampen mot Italia <a href=\"https:\/\/www.vg.no\/sport\/i\/KMEVOG\/solbakken-med-hyllest-til-syk-hareide-han-kjemper-sin-kamp\" data-track-element-type=\"Link\" data-track-id=\"link:KMEVOG\" class=\"_link_o9xde_39\" rel=\"nofollow noopener\" target=\"_blank\">hilste Solbakken sin forgjenger \u00c5ge Hareide<\/a>, som sliter med sykdom. Hareide ledet Danmark under VM i 2018.<\/p>\n<p class=\"_paragraph_o9xde_4 _paragraph_xtcu6_10 layout-component text-serif-m layout-normal text-serif-m layout-padded\">\u2013 Han er en den i Norge som har ferskest erfaring fra VM. Den kan v\u00e6re naturlig \u00e5 snakke litt med ham.<\/p>\n<p class=\"_paragraph_o9xde_4 _paragraph_xtcu6_10 layout-component text-serif-m layout-normal text-serif-m layout-padded\">\u2013 Hvor henter du kunnskap fra?<\/p>\n<p class=\"_paragraph_o9xde_4 _paragraph_xtcu6_10 layout-component text-serif-m layout-normal text-serif-m layout-padded\">\u2013 Jeg kjenner for eksempel Kasper HjulmandKasper HjulmandManager i Bayer Leverkusen. godt fra Danmark. En veldig god kollega som tok over etter \u00c5ge og har ledet Danmark i mesterskap. Vi har kontakter i Sverige som har v\u00e6rt i mange mesterskap. Gjennom Andrew (Findlay) Andrew (Findlay) Landslagets analysesjef.har vi gode kontakter i England. Det kommer ikke til \u00e5 bli noe problem, sp\u00e5r han.<\/p>\n<p class=\"_paragraph_o9xde_4 _paragraph_xtcu6_10 layout-component text-serif-m layout-normal text-serif-m layout-padded\">\u2013 Men samtidig m\u00e5 vi finne v\u00e5r vei. Det m\u00e5 ikke bli noen bl\u00e5kopi av andre. men vi m\u00e5 unng\u00e5 de \u00e5penbare feilene som Norge gjorde i VM 1994 og delvis 1998. Ved at vi enten trener for hardt eller havner i noen s\u00f8ppelsekkers\u00f8ppelsekkerNorge forberedte seg p\u00e5 varmen i USA-VM i 1994 ved \u00e5 trene if\u00f8rt s\u00f8ppelsekker.. De fellene skal vi ikke g\u00e5 i, lover han. <\/p>\n<p><img alt=\"S\u00d8PPELSEKK: Slik forberedte Jan \u00c5ge Fj\u00f8rtoft og Norge seg p\u00e5 varmen i USA-VM 1994.  Foto: Morten Holm \/ NTB\" class=\"_image_qp4xg_65 layout-component layout-normal\" data-fullscreen- data-track-element-type=\"Article image fullscreen\" data-track-name=\"ImageFullscreen\" decoding=\"async\" loading=\"lazy\" height=\"2374\" itemprop=\"image\"  src=\"https:\/\/www.europesays.com\/no\/wp-content\/uploads\/2025\/11\/2a8e7724-29d2-474b-88f9-fbc64bb0fb72\"  style=\"object-position:0% 0%\" width=\"2776\"\/>S\u00d8PPELSEKK: Slik forberedte Jan \u00c5ge Fj\u00f8rtoft og Norge seg p\u00e5 varmen i USA-VM 1994.  Foto: Morten Holm \/ NTB<\/p>\n<p class=\"_paragraph_o9xde_4 _paragraph_xtcu6_10 layout-component text-serif-m layout-normal text-serif-m layout-padded\">St\u00e5le Solbakken er sv\u00e6rt opptatt av at ledende spillere som Haaland og Martin \u00d8degaard skal f\u00e5 en ny formtopp i USA.<\/p>\n<p class=\"_paragraph_o9xde_4 _paragraph_xtcu6_10 layout-component text-serif-m layout-normal text-serif-m layout-padded\">\u2013 Mesterskap handler om spillere som har v\u00e6rt gjennom en lang sesong. Da m\u00e5 man bygge opp en ny fysisk f\u00f8lelse av fysisk overskudd. Det m\u00e5 vi se p\u00e5. Alle sier at ikke England presterer p\u00e5 sitt beste i mesterskap fordi de har v\u00e6rt gjennom en lang sesong i Premier League. V\u00e5re beste spillere holder til der, poengterer han.<\/p>\n<p class=\"_paragraph_o9xde_4 _paragraph_xtcu6_10 layout-component text-serif-m layout-normal text-serif-m layout-padded\"><strong class=\"_strong_o9xde_25\">Solbakken mener Norge st\u00f8rste stjerner trenger et spesielt opplegg.<\/strong><\/p>\n<p><img alt=\"Foto: Bj\u00f8rn S. Delebekk \/ VG\" class=\"_image_qp4xg_65 layout-component layout-normal\" data-fullscreen- data-track-element-type=\"Article image fullscreen\" data-track-name=\"ImageFullscreen\" decoding=\"async\" loading=\"lazy\" height=\"1160\" itemprop=\"image\"  src=\"https:\/\/www.europesays.com\/no\/wp-content\/uploads\/2025\/11\/32f98a23-efe3-4655-989b-9cc0300a0926\"  style=\"object-position:0% 0%\" width=\"1740\"\/>Foto: Bj\u00f8rn S. Delebekk \/ VG<\/p>\n<p class=\"_paragraph_o9xde_4 _paragraph_xtcu6_10 layout-component text-serif-m layout-normal text-serif-m layout-padded\">\u2013 Vi m\u00e5 se p\u00e5 hvordan vi skaper overskudd for de som er hardest belastet, forklarer han.<\/p>\n<p class=\"_paragraph_o9xde_4 _paragraph_xtcu6_10 layout-component text-serif-m layout-normal text-serif-m layout-padded\">\u2013 Vi skal heller ikke ha for mye utenomsportslig fokus. Reisene m\u00e5 v\u00e6re s\u00e5 lite som belastende som mulig. Spillerne m\u00e5 v\u00e6re i en atmosf\u00e6re hvor de f\u00e5r luft. Mange slike ting. Fasiliteter spiller en veldig stor rolle.<\/p>\n<p class=\"_paragraph_o9xde_4 _paragraph_xtcu6_10 layout-component text-serif-m layout-normal text-serif-m layout-padded\">\u2013 Dere legger opp til at spillerne kan ha bes\u00f8k av sine familier?<\/p>\n<p class=\"_paragraph_o9xde_4 _paragraph_xtcu6_10 layout-component text-serif-m layout-normal text-serif-m layout-padded\">\u2013 Det har vi ikke planlagt i detalj. Men det vil v\u00e6re naturlig at vi kanskje legger opp til det. F\u00f8rst m\u00e5 vi se trekningen. Men vi skal klare \u00e5 flette inn det. S\u00e6rlig hvis vi er dyktige og g\u00e5r videre fra gruppespillet.<\/p>\n<p class=\"_paragraph_o9xde_4 _paragraph_xtcu6_10 layout-component text-serif-m layout-normal text-serif-m layout-padded\">\u2013 Er det noe \u00e5 hente av erfaring fra Olympiatoppen og andre i Norge?<\/p>\n<p class=\"_paragraph_o9xde_4 _paragraph_xtcu6_10 layout-component text-serif-m layout-normal text-serif-m layout-padded\">\u2013 Ja, det kan fort v\u00e6re at vi trenger ekspertise p\u00e5 \u00e5 spille i h\u00f8yden eller i ekstrem varme. Mye kommer til \u00e5 v\u00e6re annerledes langt borte fra Norge.<\/p>\n<p class=\"_paragraph_o9xde_4 _paragraph_xtcu6_10 layout-component text-serif-m layout-normal text-serif-m layout-padded\">Det ble tirsdag kjent at <a href=\"https:\/\/www.vg.no\/sport\/i\/5Em1KX\/norges-landslag-vil-moete-toppnasjon-foer-vm-jobber-knallhardt-for-det\" data-track-element-type=\"Link\" data-track-id=\"link:5Em1KX\" class=\"_link_o9xde_39\" rel=\"nofollow noopener\" target=\"_blank\">Nederland kan bli Norges <\/a>motstander i en av to aktuelle perioderto aktuelle perioder23. til 31. mars og 1. til 9. juni. for landskamper f\u00f8r VM.<\/p>\n<p class=\"_paragraph_o9xde_4 _paragraph_xtcu6_10 layout-component text-serif-m layout-normal text-serif-m layout-padded\">\u2013 Vi jobber hardt med Nederland og tror det g\u00e5r i orden, sier Solbakken.<\/p>\n<p class=\"_paragraph_o9xde_4 _paragraph_xtcu6_10 layout-component text-serif-m layout-normal text-serif-m layout-padded\"><strong class=\"_strong_o9xde_25\">Han \u00f8nsker \u00e5 flest mulig kamper i banken f\u00f8r det braker l\u00f8s.<\/strong><\/p>\n<p class=\"_paragraph_o9xde_4 _paragraph_xtcu6_10 layout-component text-serif-m layout-normal text-serif-m layout-padded\">\u2013 I utgangspunktet to i mars og to i juni her i Europa. S\u00e5 f\u00e5r vi se om det ogs\u00e5 blir en treningskamp ogs\u00e5 etter at vi har dratt over. Jeg tenker at det garantert blir fire og maksimum fem kamper f\u00f8r VM.<\/p>\n<p class=\"_paragraph_o9xde_4 _paragraph_xtcu6_10 layout-component text-serif-m layout-normal text-serif-m layout-padded\">\u2013 Vil dere m\u00f8te andre nasjoner p\u00e5 tilsvarende niv\u00e5 som Nederland?<\/p>\n<p class=\"_paragraph_o9xde_4 _paragraph_xtcu6_10 layout-component text-serif-m layout-normal text-serif-m layout-padded\">\u2013 Ja, vi satser p\u00e5 at vi f\u00e5r noen gode motstandere frem mot VM. Det tror jeg skal g\u00e5. Vi er attraktive n\u00e5. Det er mange som vil m\u00f8te oss, sier Solbakken.<\/p>\n<p class=\"_paragraph_o9xde_4 _paragraph_xtcu6_10 layout-component text-serif-m layout-normal text-serif-m layout-padded\">\u2013 Dere har allerede gode alternativer?<\/p>\n<p class=\"_paragraph_o9xde_4 _paragraph_xtcu6_10 layout-component text-serif-m layout-normal text-serif-m layout-padded\">\u2013 Ja, det er jo slik at noen land allerede er klare og s\u00e5 skal noen ut i playoff. Are Hokstad Are Hokstad Landslagets adminstrative leder.har veldig god kontroll p\u00e5 det, sier Solbakken. <\/p>\n<p class=\"_paragraph_o9xde_4 _paragraph_xtcu6_10 layout-component text-serif-m layout-normal text-serif-m layout-padded\">I tillegg til Norge og Nederland er England, Tyskland, Spania, Frankrike, Portugal, Frankrike, Sveits, Belgia, Skottland og \u00d8sterrike VM-klare fra Europa.<\/p>\n<p class=\"_paragraph_o9xde_4 _paragraph_xtcu6_10 layout-component text-serif-m layout-normal text-serif-m layout-padded\">\u2013 Kan VM-trekningen bety noe for hvilke lag dere m\u00f8ter?<\/p>\n<p class=\"_paragraph_o9xde_4 _paragraph_xtcu6_10 layout-component text-serif-m layout-normal text-serif-m layout-padded\">\u2013 Ja, men ikke mye. Det kan hende at vi i juni vil m\u00f8te en motstander lik et av lagene vi m\u00f8ter i gruppespillet.<\/p>\n<p class=\"_paragraph_o9xde_4 _paragraph_xtcu6_10 layout-component text-serif-m layout-normal text-serif-m layout-padded\"><strong class=\"_strong_o9xde_25\">Solbakken er opptatt av at han selv skal g\u00e5 til VM-perioden med fulladet batteri.<\/strong><\/p>\n<p class=\"_paragraph_o9xde_4 _paragraph_xtcu6_10 layout-component text-serif-m layout-normal text-serif-m layout-padded\">\u2013 Jeg skal f\u00e5 planlagt det slik at jeg f\u00e5r litt ferie i l\u00f8pet av vinteren, sier han.<\/p>\n<p class=\"_paragraph_o9xde_4 _paragraph_xtcu6_10 layout-component text-serif-m layout-normal text-serif-m layout-padded\">Solbakken har utmerket seg med stor energi i VM-kvaliken. Norge var i praksis klar for VM f\u00f8r Italia ble sl\u00e5tt 4\u20131 i Milano. Men Solbakken var p\u00e5skrudd f\u00f8r kamp og<a href=\"https:\/\/www.vg.no\/sport\/i\/JbP0zb\/solbakkens-siste-beskjed-til-spillerne-da-klikker-det-for-meg\" data-track-element-type=\"Link\" data-track-id=\"link:JbP0zb\" class=\"_link_o9xde_39\" rel=\"nofollow noopener\" target=\"_blank\"> ga l\u00f8rdag spillerne beskjed om at han ville klikke hvis noen falt ut av lagets rammer.<\/a><\/p>\n<p class=\"_paragraph_o9xde_4 _paragraph_xtcu6_10 layout-component text-serif-m layout-normal text-serif-m layout-padded\">\u2013 Den energien skal jeg klare \u00e5 beholde, lover han.<\/p>\n","protected":false},"excerpt":{"rendered":"Landslagssjef St\u00e5le Solbakken forbereder Norges f\u00f8rste VM p\u00e5 28 \u00e5r. Han deler sin tanker om VM-forbertdelsene med VG.&hellip;\n","protected":false},"author":2,"featured_media":91201,"comment_status":"","ping_status":"","sticky":false,"template":"","format":"standard","meta":{"footnotes":""},"categories":[59],"tags":[92,4472,3163,30,28,29,83,82,1387],"class_list":{"0":"post-91200","1":"post","2":"type-post","3":"status-publish","4":"format-standard","5":"has-post-thumbnail","7":"category-sport","8":"tag-fotball","9":"tag-fotball-vm","10":"tag-herrelandslaget-fotball","11":"tag-no","12":"tag-norge","13":"tag-norway","14":"tag-sport","15":"tag-sports","16":"tag-stale-solbakken"},"share_on_mastodon":{"url":"https:\/\/pubeurope.com\/@no\/115577507305952221","error":""},"_links":{"self":[{"href":"https:\/\/www.europesays.com\/no\/wp-json\/wp\/v2\/posts\/91200","targetHints":{"allow":["GET"]}}],"collection":[{"href":"https:\/\/www.europesays.com\/no\/wp-json\/wp\/v2\/posts"}],"about":[{"href":"https:\/\/www.europesays.com\/no\/wp-json\/wp\/v2\/types\/post"}],"author":[{"embeddable":true,"href":"https:\/\/www.europesays.com\/no\/wp-json\/wp\/v2\/users\/2"}],"replies":[{"embeddable":true,"href":"https:\/\/www.europesays.com\/no\/wp-json\/wp\/v2\/comments?post=91200"}],"version-history":[{"count":0,"href":"https:\/\/www.europesays.com\/no\/wp-json\/wp\/v2\/posts\/91200\/revisions"}],"wp:featuredmedia":[{"embeddable":true,"href":"https:\/\/www.europesays.com\/no\/wp-json\/wp\/v2\/media\/91201"}],"wp:attachment":[{"href":"https:\/\/www.europesays.com\/no\/wp-json\/wp\/v2\/media?parent=91200"}],"wp:term":[{"taxonomy":"category","embeddable":true,"href":"https:\/\/www.europesays.com\/no\/wp-json\/wp\/v2\/categories?post=91200"},{"taxonomy":"post_tag","embeddable":true,"href":"https:\/\/www.europesays.com\/no\/wp-json\/wp\/v2\/tags?post=91200"}],"curies":[{"name":"wp","href":"https:\/\/api.w.org\/{rel}","templated":true}]}}