{"id":91212,"date":"2025-11-19T17:44:19","date_gmt":"2025-11-19T17:44:19","guid":{"rendered":"https:\/\/www.europesays.com\/no\/91212\/"},"modified":"2025-11-19T17:44:19","modified_gmt":"2025-11-19T17:44:19","slug":"usa-foreslar-at-ukraina-gir-fra-seg-land","status":"publish","type":"post","link":"https:\/\/www.europesays.com\/no\/91212\/","title":{"rendered":"USA foresl\u00e5r at Ukraina gir fra seg land"},"content":{"rendered":"\n<p class=\"_lead_o9xde_2 _lead_xtcu6_50 layout-component text-serif-m layout-normal text-serif-l layout-component layout-wide layout-padded _wide_17hqh_1 layout-padded\">Forslaget skal ogs\u00e5 inneb\u00e6re \u00e5 kutte i Ukrainas forsvar. <\/p>\n<p><img alt=\" Foto: SHAWN THEW \/ EPA \/ NTB\" class=\"_image_qp4xg_65 layout-component layout-wide\" data-fullscreen- data-track-element-type=\"Article image fullscreen\" data-track-name=\"ImageFullscreen\" fetchpriority=\"high\" decoding=\"sync\" loading=\"eager\" height=\"4472\" itemprop=\"image\"  src=\"https:\/\/www.europesays.com\/no\/wp-content\/uploads\/2025\/11\/d9b49e8d-a81e-400d-99f9-c60a1585969a\"  style=\"object-position:0% 0%\" width=\"6704\"\/> Foto: SHAWN THEW \/ EPA \/ NTB<\/p>\n<ul aria-hidden=\"true\" class=\"_images_18f0k_111\">\n<li><a class=\"_link_18f0k_116\" href=\"https:\/\/www.vg.no\/forfatter\/hedda-kurseth\" style=\"z-index:1\" title=\"Hedda Kurseth\" rel=\"nofollow noopener\" target=\"_blank\"><img alt=\"Bilde av Hedda Kurseth\" class=\"_image_18f0k_93\" fetchpriority=\"low\" loading=\"lazy\" decoding=\"async\" itemprop=\"image\"  src=\"https:\/\/www.europesays.com\/no\/wp-content\/uploads\/2025\/11\/1763574256_772_b6ad06ce-2f4e-4492-9dd9-7cfbdae81f6d\"  width=\"480\"\/><\/a><\/li>\n<\/ul>\n<p> Oppdatert onsdag 19. november kl. 18:20     <\/p>\n<p class=\"_paragraph_o9xde_4 _paragraph_xtcu6_10 layout-component text-serif-m layout-normal text-serif-m layout-padded\">If\u00f8lge Reuters har USA signalisert til Ukrainas president Zelenskyj at de m\u00e5 godta USAs forslag for \u00e5 en slutt p\u00e5 Russlands krigf\u00f8ring.<\/p>\n<p class=\"_paragraph_o9xde_4 _paragraph_xtcu6_10 layout-component text-serif-m layout-normal text-serif-m layout-padded\">To ikke-navngitte kilder opplyser til nyhetsbyr\u00e5et at forslaget inneb\u00e6rer \u00e5 kutte i Ukrainas forsvar og gi opp territorium. <\/p>\n<p class=\"_paragraph_o9xde_4 _paragraph_xtcu6_10 layout-component text-serif-m layout-normal text-serif-m layout-padded\">Financial Times\u00b4 Ukraina-korrespondent Christoffer Miller skriver p\u00e5 X om det samme forslaget: <\/p>\n<p class=\"_paragraph_o9xde_4 _paragraph_xtcu6_10 layout-component text-serif-m layout-normal text-serif-m layout-padded\">\u2013 Jeg kan bekreftet at forslaget fra USA og Russland blir sent til ukrainerne, skriver han og legger til at forslaget underbygger Kremls krav. <\/p>\n<p class=\"_paragraph_o9xde_4 _paragraph_xtcu6_10 layout-component text-serif-m layout-normal text-serif-m layout-padded\">If\u00f8lge han inneb\u00e6rer dette at Ukrainas forsvar blir halvert, at Ukraina gir fra seg noen typer v\u00e5pen og at landet gir fra seg Donbas-regionen. <\/p>\n<p class=\"_paragraph_o9xde_4 _paragraph_xtcu6_10 layout-component text-serif-m layout-normal text-serif-m layout-padded\">Dette skal v\u00e6re USAs betingelser for en fredsavtale mellom Russland og Ukraina. <\/p>\n<p class=\"_paragraph_o9xde_4 _paragraph_xtcu6_10 layout-component text-serif-m layout-normal text-serif-m layout-padded\">I forslaget fra USA skal det ogs\u00e5 v\u00e6re snakk om flere punkter enn de som er kjent.  <\/p>\n<p class=\"_paragraph_o9xde_4 _paragraph_xtcu6_10 layout-component text-serif-m layout-normal text-serif-m layout-padded\">Russland fullskalainvasjon av Ukraina har p\u00e5g\u00e5tt siden februar 2022. <a href=\"https:\/\/www.vg.no\/nyheter\/i\/M7wgOK\/polen-stenger-to-flyplasser-midlertidig-etter-russiske-angrep-paa-ukraina\" data-track-element-type=\"Link\" data-track-id=\"link:M7wgOK\" class=\"_link_o9xde_39\" rel=\"nofollow noopener\" target=\"_blank\">Natt til onsdag ble en boligblokk truffet av droner i Kharkiv.<\/a> Til sammen ble ni personer drept. <\/p>\n<p>    <img decoding=\"async\" alt=\"Tips oss illustrasjon\" src=\"https:\/\/www.europesays.com\/no\/wp-content\/uploads\/2025\/10\/pssst-small.webp.webp\"\/>    <\/p>\n<p class=\"title-serif-s\">Har du tips?<\/p>\n<p class=\"text-sans-m\">Send oss informasjon, bilder eller video.<\/p>\n<p>  <a href=\"https:\/\/www.vg.no\/tips-oss\" rel=\"nofollow noopener\" target=\"_blank\"> Tips oss <\/a>      <\/p>\n","protected":false},"excerpt":{"rendered":"Forslaget skal ogs\u00e5 inneb\u00e6re \u00e5 kutte i Ukrainas forsvar. Foto: SHAWN THEW \/ EPA \/ NTB Oppdatert onsdag&hellip;\n","protected":false},"author":2,"featured_media":91213,"comment_status":"","ping_status":"","sticky":false,"template":"","format":"standard","meta":{"footnotes":""},"categories":[12],"tags":[31,20,21,55,24,25,15,179,22,23,13,30,28,29,14,16,188,26,27,489,50,42,43,44,45],"class_list":{"0":"post-91212","1":"post","2":"type-post","3":"status-publish","4":"format-standard","5":"has-post-thumbnail","7":"category-verden","8":"tag-breaking","9":"tag-breaking-news","10":"tag-breakingnews","11":"tag-donald-trump","12":"tag-featured-news","13":"tag-featurednews","14":"tag-headlines","15":"tag-krigen-i-ukraina","16":"tag-latest-news","17":"tag-latestnews","18":"tag-news","19":"tag-no","20":"tag-norge","21":"tag-norway","22":"tag-nyheter","23":"tag-overskrifter","24":"tag-russland","25":"tag-top-stories","26":"tag-topstories","27":"tag-ukraina","28":"tag-usa","29":"tag-verden","30":"tag-world","31":"tag-world-news","32":"tag-worldnews"},"share_on_mastodon":{"url":"https:\/\/pubeurope.com\/@no\/115577609916973483","error":""},"_links":{"self":[{"href":"https:\/\/www.europesays.com\/no\/wp-json\/wp\/v2\/posts\/91212","targetHints":{"allow":["GET"]}}],"collection":[{"href":"https:\/\/www.europesays.com\/no\/wp-json\/wp\/v2\/posts"}],"about":[{"href":"https:\/\/www.europesays.com\/no\/wp-json\/wp\/v2\/types\/post"}],"author":[{"embeddable":true,"href":"https:\/\/www.europesays.com\/no\/wp-json\/wp\/v2\/users\/2"}],"replies":[{"embeddable":true,"href":"https:\/\/www.europesays.com\/no\/wp-json\/wp\/v2\/comments?post=91212"}],"version-history":[{"count":0,"href":"https:\/\/www.europesays.com\/no\/wp-json\/wp\/v2\/posts\/91212\/revisions"}],"wp:featuredmedia":[{"embeddable":true,"href":"https:\/\/www.europesays.com\/no\/wp-json\/wp\/v2\/media\/91213"}],"wp:attachment":[{"href":"https:\/\/www.europesays.com\/no\/wp-json\/wp\/v2\/media?parent=91212"}],"wp:term":[{"taxonomy":"category","embeddable":true,"href":"https:\/\/www.europesays.com\/no\/wp-json\/wp\/v2\/categories?post=91212"},{"taxonomy":"post_tag","embeddable":true,"href":"https:\/\/www.europesays.com\/no\/wp-json\/wp\/v2\/tags?post=91212"}],"curies":[{"name":"wp","href":"https:\/\/api.w.org\/{rel}","templated":true}]}}