{"id":91214,"date":"2025-11-19T17:46:13","date_gmt":"2025-11-19T17:46:13","guid":{"rendered":"https:\/\/www.europesays.com\/no\/91214\/"},"modified":"2025-11-19T17:46:13","modified_gmt":"2025-11-19T17:46:13","slug":"nyheter-strom-kaldere-vaer-ga-dyrere-strom","status":"publish","type":"post","link":"https:\/\/www.europesays.com\/no\/91214\/","title":{"rendered":"Nyheter, Str\u00f8m | Kaldere v\u00e6r ga dyrere str\u00f8m"},"content":{"rendered":"\n<p>Kj\u00f8ligere v\u00e6r bidro til et h\u00f8yere nordisk kraftforbruk enn uka f\u00f8r, skriver Norges vassdrags- og energidirektorat (NVE) i ukas <a rel=\"noopener nofollow\" href=\"https:\/\/www.nve.no\/nytt-fra-nve\/rapporter-kraftsituasjonen\/kraftsituasjonen-veke-46-2025\/\" target=\"_blank\">kraftsituasjonsrapport<\/a>.<\/p>\n<p>Det \u00f8kte str\u00f8mforbruket f\u00f8rte ogs\u00e5 til h\u00f8yere str\u00f8mproduksjon, s\u00e6rlig fra vindkraft, men ogs\u00e5 vannkraft.<\/p>\n<p>S\u00e6rlig i Nord-Norge \u00f8kte snittprisen forrige uke. Tidlig i uka var det lite vind og lav vindkraftproduksjon, noe som f\u00f8rte til h\u00f8yere priser. I Danmark og nord p\u00e5 kontinentet gikk ukesprisene ned som f\u00f8lge av mer vindkraftproduksjon.<\/p>\n<p>S\u00e6rlig mellom tirsdag og torsdag var vindkraftproduksjonen h\u00f8y i Europa.<\/p>\n","protected":false},"excerpt":{"rendered":"Kj\u00f8ligere v\u00e6r bidro til et h\u00f8yere nordisk kraftforbruk enn uka f\u00f8r, skriver Norges vassdrags- og energidirektorat (NVE) i&hellip;\n","protected":false},"author":2,"featured_media":91215,"comment_status":"","ping_status":"","sticky":false,"template":"","format":"standard","meta":{"footnotes":""},"categories":[10],"tags":[36,20,21,24,25,15,22,23,13,30,28,29,14,16,572,1510,243,26,27],"class_list":{"0":"post-91214","1":"post","2":"type-post","3":"status-publish","4":"format-standard","5":"has-post-thumbnail","7":"category-norge","8":"tag-art","9":"tag-breaking-news","10":"tag-breakingnews","11":"tag-featured-news","12":"tag-featurednews","13":"tag-headlines","14":"tag-latest-news","15":"tag-latestnews","16":"tag-news","17":"tag-no","18":"tag-norge","19":"tag-norway","20":"tag-nyheter","21":"tag-overskrifter","22":"tag-okonomi","23":"tag-story","24":"tag-strom","25":"tag-top-stories","26":"tag-topstories"},"share_on_mastodon":{"url":"https:\/\/pubeurope.com\/@no\/115577617610478050","error":""},"_links":{"self":[{"href":"https:\/\/www.europesays.com\/no\/wp-json\/wp\/v2\/posts\/91214","targetHints":{"allow":["GET"]}}],"collection":[{"href":"https:\/\/www.europesays.com\/no\/wp-json\/wp\/v2\/posts"}],"about":[{"href":"https:\/\/www.europesays.com\/no\/wp-json\/wp\/v2\/types\/post"}],"author":[{"embeddable":true,"href":"https:\/\/www.europesays.com\/no\/wp-json\/wp\/v2\/users\/2"}],"replies":[{"embeddable":true,"href":"https:\/\/www.europesays.com\/no\/wp-json\/wp\/v2\/comments?post=91214"}],"version-history":[{"count":0,"href":"https:\/\/www.europesays.com\/no\/wp-json\/wp\/v2\/posts\/91214\/revisions"}],"wp:featuredmedia":[{"embeddable":true,"href":"https:\/\/www.europesays.com\/no\/wp-json\/wp\/v2\/media\/91215"}],"wp:attachment":[{"href":"https:\/\/www.europesays.com\/no\/wp-json\/wp\/v2\/media?parent=91214"}],"wp:term":[{"taxonomy":"category","embeddable":true,"href":"https:\/\/www.europesays.com\/no\/wp-json\/wp\/v2\/categories?post=91214"},{"taxonomy":"post_tag","embeddable":true,"href":"https:\/\/www.europesays.com\/no\/wp-json\/wp\/v2\/tags?post=91214"}],"curies":[{"name":"wp","href":"https:\/\/api.w.org\/{rel}","templated":true}]}}