{"id":91216,"date":"2025-11-19T17:47:15","date_gmt":"2025-11-19T17:47:15","guid":{"rendered":"https:\/\/www.europesays.com\/no\/91216\/"},"modified":"2025-11-19T17:47:15","modified_gmt":"2025-11-19T17:47:15","slug":"lover-fortsatt-kamp-mot-stoltenberg","status":"publish","type":"post","link":"https:\/\/www.europesays.com\/no\/91216\/","title":{"rendered":"Lover fortsatt kamp mot Stoltenberg"},"content":{"rendered":"<p class=\"kicker \" style=\"\">Etikkbr\u00e5ket om oljefondet:<\/p>\n<p>  Lars Haltbrekken (SV) er skremt av at kontrollkomiteen ikke stiller sp\u00f8rsm\u00e5l ved finansministerens h\u00e5ndtering av oljefondets etikk-retningslinjer.<\/p>\n<p>    Kort fortalt<\/p>\n<p lang=\"nb-NO\">Kontrollkomiteen avviste tirsdag \u00e5 sp\u00f8rre finansminister Jens Stoltenberg hvorfor oljefondets nye etikkrammeverk ikke ble sendt p\u00e5 h\u00f8ring.<\/p>\n<p lang=\"nb-NO\">Lars Haltbrekken (SV) vil fortsatt utfordre regjeringen om oljefondet gjennom Stortinget. Han er bekymret for svekkelsen av etiske verkt\u00f8y i forvaltningen.<\/p>\n<p lang=\"nb-NO\">MDG-leder Arild Hermstad har n\u00e5 f\u00e5tt svar p\u00e5 sitt sp\u00f8rsm\u00e5l til finansministeren. Han synes det virker som Stoltenberg har handlet i panikk.<\/p>\n<p lang=\"nb-NO\">Sammendraget er laget av ChatGPT og godkjent av B\u00f8rsen.<\/p>\n<p>      Vis mer<br \/>\n      Vis mindre<\/p>\n<p>Lars Haltbrekken (SV) nekter \u00e5 kaste inn h\u00e5ndkleet i striden om oljefondets etikkrammeverk.<\/p>\n<p>&#8211; Vi vil forf\u00f8lge saken opp mot regjeringen, gjennom andre kanaler i Stortinget, og stille sp\u00f8rsm\u00e5l til finansministeren, og reise debatter, sier Haltbrekken p\u00e5 telefon fra Brasil.<\/p>\n<p>Han deltar p\u00e5 Klimatoppm\u00f8tet, og var derfor ikke til stede p\u00e5 tirsdagens m\u00f8te i kontrollkomiteen p\u00e5 Stortinget.<\/p>\n<p>Der gikk SV, R\u00f8dt og MDG p\u00e5 en smell, da kontroll- og konstitusjonskomiteen sa nei til \u00e5 sp\u00f8rre finansministeren om hvorfor oljefondets nye etikkrammeverk ikke ble sendt p\u00e5 h\u00f8ring.<\/p>\n<p>&#8211; Skremmende\t<\/p>\n<p>Selv om lederen Per-Willy Amundsen (FrP) <a href=\"https:\/\/borsen.dagbladet.no\/nyheter\/svaert-alvorlig\/83864080\" rel=\"nofollow noopener\" target=\"_blank\">telte p\u00e5 knappene<\/a>, endte han og komit\u00e9flertallet opp med \u00e5 <a href=\"https:\/\/borsen.dagbladet.no\/nyheter\/apner-ikke-kontrollsak-mot-stoltenberg\/83868301\" rel=\"nofollow noopener\" target=\"_blank\">droppe kritiske sp\u00f8rsm\u00e5l<\/a> til finansminister Jens Stoltenberg.<\/p>\n<p>Til Dagbladet sier Haltbrekken at han er b\u00e5de \u00aboverrasket\u00bb og \u00abskuffet\u00bb.<\/p>\n<p>          <img loading=\"lazy\" decoding=\"async\" src=\"https:\/\/www.europesays.com\/no\/wp-content\/uploads\/2025\/11\/83874605.webp\" width=\"686\" height=\"460\" title=\"OVERRASKET OG SKUFFET: Kontrollkomit\u00e9-medlem Lars Haltbrekken er denne uka p\u00e5 klimatoppm\u00f8te i Brasil, og fikk ikke deltatt p\u00e5 tirsdagens komit\u00e9m\u00f8te i Stortinget. Foto: Privat\" alt=\"\" class=\"\" style=\"--aspect-ratio-image: 1.49; \"\/><\/p>\n<p>\n          OVERRASKET OG SKUFFET: Kontrollkomit\u00e9-medlem Lars Haltbrekken er denne uka p\u00e5 klimatoppm\u00f8te i Brasil, og fikk ikke deltatt p\u00e5 tirsdagens komit\u00e9m\u00f8te i Stortinget. Foto: Privat\n      <\/p>\n<p class=\"font-weight-bold m-font-weight-bold\" data-lab-font_weight=\"font-weight-bold\">&#8211; At Arbeiderpartiet,\u00a0 Fremskrittspartiet og\u00a0H\u00f8yre tar s\u00e5 lett p\u00e5 en s\u00e5 stor svekkelse av det etiske arbeidet knyttet til oljefondets investeringer, er skremmende, sier Haltbrekken.<\/p>\n<p>Noe av det som bekymrer ham, er at det uavhengige Etikkr\u00e5det i en mellomperiode ikke skal gi anbefalinger om \u00e5 utelukke selskaper fra oljefondet.<\/p>\n<p>Det har f\u00e5tt et av r\u00e5dets medlemmer, Cecilie Hellestveit, <a href=\"https:\/\/www.dagbladet.no\/nyheter\/cecilie-hellestveit-trekker-seg-fra-etikkradet\/83831695\" rel=\"nofollow noopener\" target=\"_blank\">til \u00e5 trekke seg<\/a>.<\/p>\n<p>&#8211; Svekket verkt\u00f8yene\t<\/p>\n<p>Haltbrekken frykter dessuten at det blir vanskelig \u00e5 trekke fondet raskt ut av selskaper for eksempel n\u00e5r det bryter ut krig &#8211; slik Stortinget ba om den 4. november &#8211; med de <a href=\"https:\/\/www.regjeringen.no\/contentassets\/879dc6845c314ddfb04fd54ca6772f97\/midlertidige-etiske-retningslinjer.pdf\" rel=\"nofollow noopener\" target=\"_blank\">midlertidige etiske retningslinjene<\/a> som gjelder n\u00e5.<\/p>\n<p>Disse fastsatte Finansdepartementet bare tre dager etter Stortingets vedtak &#8211; uten \u00e5 sende dem p\u00e5 h\u00f8ring.\u00a0 R\u00f8dts kontrollkomit\u00e9-medlem Hege Bae Nyholt har overfor Dagbladet kalt dette et \u00abdemokratisk problem\u00bb.<\/p>\n<p>          <img loading=\"lazy\" decoding=\"async\" src=\"https:\/\/www.europesays.com\/no\/wp-content\/uploads\/2025\/11\/83874643.webp\" width=\"980\" height=\"559\" title=\"F\u00c5R IKKE FRED: \u00abTuttifrutti-partiene\u00bb SV og MDG har ikke tenkt \u00e5 la finansminister Jens Stoltenberg i fred, etter hans lynaksjon for \u00e5 endre etikkrammeverk i oljefondet. Foto: Lars Eivind Bones\/Dagbladet\" alt=\"\" class=\"\" style=\"--aspect-ratio-image: 1.75; \"\/><\/p>\n<p>\n          F\u00c5R IKKE FRED: \u00abTuttifrutti-partiene\u00bb SV og MDG har ikke tenkt \u00e5 la finansminister Jens Stoltenberg i fred, etter hans lynaksjon for \u00e5 endre etikkrammeverk i oljefondet. Foto: Lars Eivind Bones\/Dagbladet\n      <\/p>\n<p class=\"font-weight-bold m-font-weight-bold\" data-lab-font_weight=\"font-weight-bold\">&#8211; N\u00e5r man har svekket de verkt\u00f8yene som skal sikre at fondet ikke er investert i ting som gj\u00f8r stor skade p\u00e5 mennesker og milj\u00f8, frykter jeg at de kommer til \u00e5 bruke lang tid p\u00e5 \u00e5 selge seg ut, sier Haltbrekken.<\/p>\n<p class=\"italic m-italic\" data-lab-italic=\"italic\">&#8211; Men Norges Bank kan jo bestemme at fondet skal selge seg ut, uten en anbefaling fra Etikkr\u00e5det?<\/p>\n<p>&#8211; Ja, men n\u00e5r man setter r\u00e5dets arbeid p\u00e5 pause, svekkes arbeidet med \u00e5 sjekke disse selskapene, og vi kan ikke bare forvente at Norges Bank skal overta den jobben i like stor grad, sier Lars Haltbrekken til Dagbladet.<\/p>\n<p>    <a itemprop=\"url\" href=\"https:\/\/borsen.dagbladet.no\/nyheter\/apner-ikke-kontrollsak-mot-stoltenberg\/83868301\" rel=\"nofollow noopener\" target=\"_blank\"><\/p>\n<p>      <img loading=\"lazy\" decoding=\"async\" src=\"https:\/\/www.europesays.com\/no\/wp-content\/uploads\/2025\/11\/83869194.webp\" width=\"980\" height=\"441\" title=\"\u00c5pner ikke kontrollsak mot Stoltenberg\" alt=\"\" class=\"lazyload\" style=\"--aspect-ratio-image: 2.22; \"\/><\/p>\n<p>        \u00c5pner ikke kontrollsak mot Stoltenberg<\/p>\n<p>    <\/a><\/p>\n<p>Fikk svar fra Jens\t<\/p>\n<p>Tirsdagens vedtak i kontrollkomiteen kom etter at fem organisasjoner i et brev ba komiteen unders\u00f8ke om finansministeren hadde fulgt loven da de midlertidige retningslinjene og et endret mandat ikke ble sendt p\u00e5 h\u00f8ring.<\/p>\n<p>&#8211; I brevet peker vi p\u00e5 flere forhold som tyder p\u00e5 at <a href=\"https:\/\/borsen.dagbladet.no\/nyheter\/kan-ha-brutt-loven\/83848119\" rel=\"nofollow noopener\" target=\"_blank\">forvaltningsloven ikke har blitt fulgt<\/a>, skrev Redd Barnas Gunvor Knag Fylkesnes til Dagbladet sist torsdag. <\/p>\n<p>Finansdepartementet avviste dette i et svar til Dagbladet i samme artikkel.<\/p>\n<p>Dagen f\u00f8r hadde MDGs leder Arild Hermstad bedt finansminister Jens Stoltenberg <a href=\"https:\/\/www.stortinget.no\/no\/Saker-og-publikasjoner\/Sporsmal\/Skriftlige-sporsmal-og-svar\/Skriftlig-sporsmal\/?qnid=112336\" rel=\"nofollow noopener\" target=\"_blank\">om en begrunnelse<\/a> for at etikkrammeverket ikke ble sendt p\u00e5 h\u00f8ring.\u00a0<\/p>\n<p>N\u00e5 foreligger <a href=\"https:\/\/www.stortinget.no\/no\/Saker-og-publikasjoner\/Sporsmal\/Skriftlige-sporsmal-og-svar\/Skriftlig-sporsmal\/?qnid=112336\" rel=\"nofollow noopener\" target=\"_blank\">svaret fra Stoltenberg<\/a>.<\/p>\n<p>    <a itemprop=\"url\" href=\"https:\/\/borsen.dagbladet.no\/nyheter\/kan-ha-brutt-loven\/83848119\" rel=\"nofollow noopener\" target=\"_blank\"><\/p>\n<p>      <img loading=\"lazy\" decoding=\"async\" src=\"https:\/\/www.europesays.com\/no\/wp-content\/uploads\/2025\/11\/1763574434_776_83848681.webp\" width=\"980\" height=\"441\" title=\"- Kan ha brutt loven\" alt=\"\" class=\"lazyload\" style=\"--aspect-ratio-image: 2.22; \"\/><\/p>\n<p>        &#8211; Kan ha brutt loven<\/p>\n<p>    <\/a><\/p>\n<p>\u00abI panikk\u00bb\t<\/p>\n<p>Der st\u00e5r det at departementet mente at saken m\u00e5tte \u00abeffektueres raskt for \u00e5 ivareta stortingsvedtakets angivelse av at Etikkr\u00e5dets tilr\u00e5dinger skulle stilles i bero, og at Norges Bank \u00abikke [skulle ta] beslutninger etter &laquo;retningslinjer for observasjon og utelukkelse av selskaper fra Statens pensjonsfond utland&raquo;, inntil et nytt etisk rammeverk er besluttet.\u00bb\u00bb<\/p>\n<p>Hermstad er ikke forn\u00f8yd med svaret.<\/p>\n<p>    <a itemprop=\"url\" href=\"https:\/\/borsen.dagbladet.no\/nyheter\/mener-stoltenberg-brot-instruks\/83830715\" rel=\"nofollow noopener\" target=\"_blank\"><\/p>\n<p>      <img loading=\"lazy\" decoding=\"async\" src=\"https:\/\/www.europesays.com\/no\/wp-content\/uploads\/2025\/11\/1763574435_508_83807126.webp\" width=\"980\" height=\"441\" title=\"Mener Stoltenberg br\u00f8t instruks\" alt=\"\" class=\"lazyload\" style=\"--aspect-ratio-image: 2.22; \"\/><\/p>\n<p>        Mener Stoltenberg br\u00f8t instruks<\/p>\n<p>    <\/a><\/p>\n<p>\u00abDet virker som Jens har handlet i panikk\u00bb, skriver han i en tekstmelding til Dagbladet. Han fortsetter: \u00abDet er fortsatt ingen begrunnelse her for at dette m\u00e5tte skje p\u00e5 sekundet.\u00bb<\/p>\n<p class=\"font-weight-bold m-font-weight-bold\" data-lab-font_weight=\"font-weight-bold\">Ogs\u00e5 MDG ypper til fortsatt strid:<\/p>\n<p class=\"font-weight-bold m-font-weight-bold\" data-lab-font_weight=\"font-weight-bold\">\u00abVi kommer ikke til \u00e5 gi oss med dette. Vi kommer ogs\u00e5 til \u00e5 ta opp forhold knyttet til fondet i forhandlingene fremover\u00bb, skriver Arild Hermstad.<\/p>\n","protected":false},"excerpt":{"rendered":"Etikkbr\u00e5ket om oljefondet: Lars Haltbrekken (SV) er skremt av at kontrollkomiteen ikke stiller sp\u00f8rsm\u00e5l ved finansministerens h\u00e5ndtering av&hellip;\n","protected":false},"author":2,"featured_media":91217,"comment_status":"","ping_status":"","sticky":false,"template":"","format":"standard","meta":{"footnotes":""},"categories":[5],"tags":[499,2472,20,21,24,25,15,19,240,11939,9551,22,23,17,18,13,30,28,29,14,761,16,333,947,26,27],"class_list":{"0":"post-91216","1":"post","2":"type-post","3":"status-publish","4":"format-standard","5":"has-post-thumbnail","7":"category-overskrifter","8":"tag-arbeiderpartiet","9":"tag-arild-hermstad","10":"tag-breaking-news","11":"tag-breakingnews","12":"tag-featured-news","13":"tag-featurednews","14":"tag-headlines","15":"tag-hovedoppslag","16":"tag-jens-stoltenberg","17":"tag-kontrollkomiteen","18":"tag-lars-haltbrekken","19":"tag-latest-news","20":"tag-latestnews","21":"tag-main-news","22":"tag-mainnews","23":"tag-news","24":"tag-no","25":"tag-norge","26":"tag-norway","27":"tag-nyheter","28":"tag-oljefondet","29":"tag-overskrifter","30":"tag-stortinget","31":"tag-sv","32":"tag-top-stories","33":"tag-topstories"},"share_on_mastodon":{"url":"https:\/\/pubeurope.com\/@no\/115577621437433713","error":""},"_links":{"self":[{"href":"https:\/\/www.europesays.com\/no\/wp-json\/wp\/v2\/posts\/91216","targetHints":{"allow":["GET"]}}],"collection":[{"href":"https:\/\/www.europesays.com\/no\/wp-json\/wp\/v2\/posts"}],"about":[{"href":"https:\/\/www.europesays.com\/no\/wp-json\/wp\/v2\/types\/post"}],"author":[{"embeddable":true,"href":"https:\/\/www.europesays.com\/no\/wp-json\/wp\/v2\/users\/2"}],"replies":[{"embeddable":true,"href":"https:\/\/www.europesays.com\/no\/wp-json\/wp\/v2\/comments?post=91216"}],"version-history":[{"count":0,"href":"https:\/\/www.europesays.com\/no\/wp-json\/wp\/v2\/posts\/91216\/revisions"}],"wp:featuredmedia":[{"embeddable":true,"href":"https:\/\/www.europesays.com\/no\/wp-json\/wp\/v2\/media\/91217"}],"wp:attachment":[{"href":"https:\/\/www.europesays.com\/no\/wp-json\/wp\/v2\/media?parent=91216"}],"wp:term":[{"taxonomy":"category","embeddable":true,"href":"https:\/\/www.europesays.com\/no\/wp-json\/wp\/v2\/categories?post=91216"},{"taxonomy":"post_tag","embeddable":true,"href":"https:\/\/www.europesays.com\/no\/wp-json\/wp\/v2\/tags?post=91216"}],"curies":[{"name":"wp","href":"https:\/\/api.w.org\/{rel}","templated":true}]}}