{"id":91243,"date":"2025-11-19T18:16:13","date_gmt":"2025-11-19T18:16:13","guid":{"rendered":"https:\/\/www.europesays.com\/no\/91243\/"},"modified":"2025-11-19T18:16:13","modified_gmt":"2025-11-19T18:16:13","slug":"sport-fotball-strand-larsen-vekker-oppsikt-i-italia-angrer-apenbart","status":"publish","type":"post","link":"https:\/\/www.europesays.com\/no\/91243\/","title":{"rendered":"Sport, Fotball | Strand Larsen vekker oppsikt i Italia: \u2013 Angrer \u00e5penbart"},"content":{"rendered":"\n<p>(<a href=\"www.na.no\" rel=\"Follow\">Nettavisen<\/a>) J\u00f8rgen Strand Larsen l\u00f8p gjennom det italienske forsvaret og satte inn Norges fjerde m\u00e5l p\u00e5 San Siro s\u00f8ndag kveld.<\/p>\n<p>Spissen m\u00e5 t\u00e5le \u00e5 spille andrefiolin bak Erling Braut Haaland p\u00e5 landslaget, men da han fikk sjansen i sluttminuttene av den avgj\u00f8rende VM-kvalifiseringskampen, viste haldenseren at Norge har flere strenger \u00e5 spille p\u00e5 n\u00e5r VM sparkes i gang neste sommer.<\/p>\n<p>I kj\u00f8lvannet av kampen vekker Wolverhampton-spissens utvikling oppsikt i st\u00f8vellandet.<\/p>\n<p><a href=\"https:\/\/www.gazzetta.it\/Calcio\/Serie-A\/Milan\/17-11-2025\/strand-larsen-era-al-milan-con-la-primavera-il-bomber-della-norvegia-non-fu-preso.shtml?refresh_ce\" rel=\"Follow nofollow noopener\" target=\"_blank\">Sportsavisen Gazzetta dello Sport<\/a> tar nemlig for seg den 1.93 meter h\u00f8ye 25-\u00e5ringen i en kommentar mandag denne uke.<\/p>\n<p>\u00abMannen som scoret Norges fjerde m\u00e5l spilte for AC Milan\u00bb, er overskriften til Gazzetta-journalist Marco Passotto.<\/p>\n<p>Han sikter til at Premier League-proffen i 2017\/18-sesongen var p\u00e5 l\u00e5n fra Sarpsborg 08 til den italienske gigantklubben. Strand Larsen, da 17 \u00e5r gammel, var p\u00e5 ungdomslaget til AC Milan i denne perioden og klubben skal ogs\u00e5 ha hatt en opsjon p\u00e5 en permanent overgang, skriver avisen.<\/p>\n<p>Kunne f\u00e5tt Norge-stjernen for dr\u00f8ye 2 millioner<\/p>\n<p>Den avtalte prisen hevdes \u00e5 v\u00e6re p\u00e5 rundt 200.000 euro \u2013 rundt 2,35 millioner norske kroner.<\/p>\n<p>\u2013 Etter \u00e5 ha sett Strand Larsen i aksjon for Norge mot Italia p\u00e5 San Siro er angeren \u00e5penbart stor, skriver journalisten.<\/p>\n<p>\u2013 Det var ikke n\u00f8dvendigvis et midlertidig trekk fra AC Milans side for \u00e5tte \u00e5r siden. Han kom p\u00e5 l\u00e5n fra Sarpsborg med en opsjon p\u00e5 kj\u00f8p. Han skulle f\u00e5 en sesong med \u00abRossoneris\u00bb ungdomslag for \u00e5 se hvordan det utviklet seg, med Meazza som det endelige m\u00e5let.<\/p>\n<p>Da han spilte i Italia ble den norske spissen f\u00f8rst trent av n\u00e5v\u00e6rende Italia-sjef Gennaro Gattuso, f\u00f8r Alessandro Lupi overtok ansvaret for laget. Nordmannen scoret fem m\u00e5l p\u00e5 1260 minutter med spilletid fordelt p\u00e5 30 kamper totalt for klubben.<\/p>\n<p>\u2013 Ikke et str\u00e5lende m\u00e5lsnitt, men han var \u00e5penbart et talent \u00e5 satse p\u00e5 og investere i, mener Gazzetta dello Sport.<\/p>\n<p>   <img decoding=\"async\" width=\"1023\" height=\"575\" fetchpriority=\"low\"  loading=\"lazy\"  src=\"https:\/\/www.europesays.com\/no\/wp-content\/uploads\/2025\/11\/Strand+Larsen+%2817%29+fikk+trene+med+Milans+A-lag%3A+-+Fikk+sjokk+da+jeg+s+hvor+fort+det+gikk.bin\" alt=\"\" class=\"brick-c-cFOWSL\" style=\"--brick-image-ratio: 1023 \/ 575;\"\/><\/p>\n<p>      I ITALIA: J\u00f8rgen Strand Larsen var bare 17 \u00e5r da han dro til storklubben AC Milan.<br \/>\n      Foto: Privat\n    <\/p>\n<p>Wolverhampton-profilen skal angivelig ikke helt ha funnet tonen med trener Lupi under oppholdet.<\/p>\n<p>\u2013 Han slet med \u00e5 gj\u00f8re seg bemerket under Lupi. Men planen var likevel \u00e5 kj\u00f8pe ham, siden prisen bare var p\u00e5 200.000 euro. Unggutten hadde integrert seg godt, han var h\u00f8flig og profesjonell. Han l\u00e6rte seg ogs\u00e5 italiensk umiddelbart, p\u00e5peker Passotto.<\/p>\n<p>\u2013 Men da det ble endringer i klubbledelsen, vendte de oppmerksomheten mot andre og J\u00f8rgen dro tilbake til hjembyen.<\/p>\n<p>Skr\u00e5sikker p\u00e5 at AC Milan angrer p\u00e5 avgj\u00f8relsen<\/p>\n<p>Spissen returnerte alts\u00e5 til Sarpsborg 08, f\u00f8r han senere dro til Groningen i Nederland, Celta Vigo i Spania og Wolves i England.<\/p>\n<p>\u2013 Mitt f\u00f8rste \u00e5r med fotball i Italia er over. Jeg kom til et flott lag og en gruppe med gode spillere. \u00c9n ting jeg har l\u00e6rt, er \u00e5 aldri gi opp. Jeg er fortsatt veldig takknemlig for en flott opplevelse, skrev nordmannen selv etter oppholdet i AC Milan.<\/p>\n<p>Etter en solid f\u00f8rstesesong i Premier League ble Strand Larsen sterkt koblet med en overgang til Newcastle i sommer. Da var det snakk om en sv\u00e6rt solid overgangssum og Tyneside-klubben skal if\u00f8lge rapporter ha f\u00e5tt avsl\u00e5tt et bud p\u00e5 55 millioner pund.<\/p>\n<p>Det er for \u00f8vrig rundt 747 millioner norske kroner.<\/p>\n<p>\u2013 S\u00f8ndag viste Strand Larsen fram kvalitetene sine p\u00e5 San Siro og det er vanskelig \u00e5 ikke kalle ham et anger i \u00abRossonieri\u00bb-kretser, et lag som i \u00e5revis har lett desperat etter en midtspiss til \u00e5 bygge angrepsspillet sitt rundt, mener Passotto.<\/p>\n","protected":false},"excerpt":{"rendered":"(Nettavisen) J\u00f8rgen Strand Larsen l\u00f8p gjennom det italienske forsvaret og satte inn Norges fjerde m\u00e5l p\u00e5 San Siro&hellip;\n","protected":false},"author":2,"featured_media":91244,"comment_status":"","ping_status":"","sticky":false,"template":"","format":"standard","meta":{"footnotes":""},"categories":[59],"tags":[36,92,2066,30,28,29,83,82,1510],"class_list":{"0":"post-91243","1":"post","2":"type-post","3":"status-publish","4":"format-standard","5":"has-post-thumbnail","7":"category-sport","8":"tag-art","9":"tag-fotball","10":"tag-jorgen-strand-larsen","11":"tag-no","12":"tag-norge","13":"tag-norway","14":"tag-sport","15":"tag-sports","16":"tag-story"},"share_on_mastodon":{"url":"https:\/\/pubeurope.com\/@no\/115577735441548905","error":""},"_links":{"self":[{"href":"https:\/\/www.europesays.com\/no\/wp-json\/wp\/v2\/posts\/91243","targetHints":{"allow":["GET"]}}],"collection":[{"href":"https:\/\/www.europesays.com\/no\/wp-json\/wp\/v2\/posts"}],"about":[{"href":"https:\/\/www.europesays.com\/no\/wp-json\/wp\/v2\/types\/post"}],"author":[{"embeddable":true,"href":"https:\/\/www.europesays.com\/no\/wp-json\/wp\/v2\/users\/2"}],"replies":[{"embeddable":true,"href":"https:\/\/www.europesays.com\/no\/wp-json\/wp\/v2\/comments?post=91243"}],"version-history":[{"count":0,"href":"https:\/\/www.europesays.com\/no\/wp-json\/wp\/v2\/posts\/91243\/revisions"}],"wp:featuredmedia":[{"embeddable":true,"href":"https:\/\/www.europesays.com\/no\/wp-json\/wp\/v2\/media\/91244"}],"wp:attachment":[{"href":"https:\/\/www.europesays.com\/no\/wp-json\/wp\/v2\/media?parent=91243"}],"wp:term":[{"taxonomy":"category","embeddable":true,"href":"https:\/\/www.europesays.com\/no\/wp-json\/wp\/v2\/categories?post=91243"},{"taxonomy":"post_tag","embeddable":true,"href":"https:\/\/www.europesays.com\/no\/wp-json\/wp\/v2\/tags?post=91243"}],"curies":[{"name":"wp","href":"https:\/\/api.w.org\/{rel}","templated":true}]}}