{"id":91250,"date":"2025-11-19T18:22:22","date_gmt":"2025-11-19T18:22:22","guid":{"rendered":"https:\/\/www.europesays.com\/no\/91250\/"},"modified":"2025-11-19T18:22:22","modified_gmt":"2025-11-19T18:22:22","slug":"verdens-mest-verdifulle-selskap-slipper-nye-tall-i-kveld","status":"publish","type":"post","link":"https:\/\/www.europesays.com\/no\/91250\/","title":{"rendered":"Verdens mest verdifulle selskap slipper nye tall i kveld"},"content":{"rendered":"<p><b>Farten i b\u00f8rsfallet ser ut til \u00e5 ha avtatt noe det siste d\u00f8gnet.\u00a0<\/b>Det er fremdeles litt \u00abvent-og-se-stemning\u00bb, og en viktig katalysator for veien videre kommer i kveld via Nvidias tall for tredje kvartal. Nvidia er per i dag priset som verdens mest verdifulle selskap, men det inneb\u00e6rer ogs\u00e5 en viss fallh\u00f8yde om tallene skulle skuffe. De siste ukenes kursutvikling har tatt vekk all oppgangen fra andre kvartalstallene ble publisert, og er s\u00e5nn sett et godt symbol p\u00e5 at markedet har et behov for \u00e5 se selskapene faktisk levere i tr\u00e5d med forventning. Om det er en KI-boble som sprekker eller ikke f\u00e5r vi nok ikke svar p\u00e5 i dag, men tallene for hvordan Nvidia har prestert siste kvartal publiseres i kveld.<\/p>\n<p><b>Om du ikke allerede sover d\u00e5rlig p\u00e5 grunn av en potensiell KI-boble, kan Private Credit v\u00e6re et godt s\u00f8keord for deg.\u00a0<\/b>Det er et stadig \u00f8kende fokus p\u00e5 utl\u00e5ning til bedrifter via det som p\u00e5 engelsk kalles NFIBs (non-bank financial institutions). I praksis er dette direkteutl\u00e5n fra ikke-banker som er underlagt mindre strenge regler og har muligheten til \u00e5 dekke et utl\u00e5nsbehov som har blitt vrient \u00e5 dekke etter Basel III. Det er i utgangspunktet en god ting, men h\u00f8y vekst og risikotaking i en sektor uten tilstrekkelig ettersyn eller regulering kan ogs\u00e5 f\u00f8re til store tap. I og med at banksektoren har en viss eksponering mot NFIBer, har flere flagget at dette i ytterste konsekvens kan bli starten p\u00e5 en mer omfattende krise. Forel\u00f8pig ser imidlertid ikke eksponeringen i banksektoren til \u00e5 v\u00e6re av en st\u00f8rrelse som gir umiddelbar grunn til s\u00f8vnl\u00f8se netter, men stadig flere tegn p\u00e5 at kredittkvaliteten er svak, har kommet.<\/p>\n<p><b>Spesielt p\u00e5trengende blir disse bekymringene n\u00e5r utl\u00e5nstapene kommer.\u00a0<\/b>Vi har tidligere i \u00e5r hatt et par tilfeller (Tricolor Holdings og First Brands Group). S\u00e5 sent som for en m\u00e5ned siden skrev vi om\u00a0<a href=\"https:\/\/eur04.safelinks.protection.outlook.com\/?url=https%3A%2F%2Fwww.dnb.no%2Fseg-fundamental%2Ffundamentalweb%2Fgetreport.aspx%3Ffile%3DMRP_259853.pdf%26uid%3D552%26auth%3DfvCK5RMJbEV3ukUxiDaCQWMwx9A%253d&amp;data=05%7C02%7Cthomas.strzelecki%40dnb.no%7Cc86d7bda05ea4179b8da08de27365911%7C4cbfea0ab87247f0b51c1c64953c3f0b%7C0%7C1%7C638991311538999833%7CUnknown%7CTWFpbGZsb3d8eyJFbXB0eU1hcGkiOnRydWUsIlYiOiIwLjAuMDAwMCIsIlAiOiJXaW4zMiIsIkFOIjoiTWFpbCIsIldUIjoyfQ%3D%3D%7C0%7C%7C%7C&amp;sdata=6ogiYogwhP7q1hSvy7cKEAw%2FSG8tgostTDWevbnsxuo%3D&amp;reserved=0\" rel=\"nofollow noopener\" target=\"_blank\">nye l\u00e5netap og frykt for kredittkvalitet<\/a>. Mandag denne uken ble det klart at det skal gj\u00f8res unders\u00f8kelser om svindel i forbindelse med at BlackRock sitt selskap HPS Investment Plans opplevde utl\u00e5nstap.<\/p>\n<p><b>Trump hintet i g\u00e5r om at han allerede kan ha bestemt seg for hvem som skal bli ny Fed-sjef.\u00a0<\/b>Det kom fram under en sesjon i Det hvite hus i g\u00e5r, der Trump ble spurt om saken. Av kandidatene som jobben skal st\u00e5 mellom, har Scott Bessent kommet ned i en liste p\u00e5 fem navn. Waller og Bowman er i komiteen n\u00e5, Warsh har tidligere sittet der. I tillegg skal Hasset, direkt\u00f8r for Economic Councel i Det hvite hus og BlackRocks Rick Rieder v\u00e6re kandidater. Trump understreket at han gjerne skulle ha erstattet Powell allerede n\u00e5, men blir holdt tilbake. \u00abDet er noen overraskende navn og noen standard navn p\u00e5 listen\u00bb, sa Trump. \u00abDet er mulig vi g\u00e5r for en standardl\u00f8sning\u00bb. Det kan peke mot at Waller og Bowman er de aller heteste kandidatene. En beslutning er ventet \u00e5 komme f\u00f8r jul.<\/p>\n<p><b>I tillegg til kveldens viktige tall fra Nvidia, kommer det ogs\u00e5 referat fra Feds forrige rentem\u00f8te klokken 20:00.\u00a0<\/b>Utover dette er det kun britisk inflasjon av viktige n\u00f8kkeltall i dag. I morgen tar det seg imidlertid opp, med nonfarm payrolls (ja, p\u00e5 en torsdag) for september, i f\u00f8lge med en rekke andre tall for det amerikanske arbeidsmarkedet. <\/p>\n","protected":false},"excerpt":{"rendered":"Farten i b\u00f8rsfallet ser ut til \u00e5 ha avtatt noe det siste d\u00f8gnet.\u00a0Det er fremdeles litt \u00abvent-og-se-stemning\u00bb, og&hellip;\n","protected":false},"author":2,"featured_media":91251,"comment_status":"","ping_status":"","sticky":false,"template":"","format":"standard","meta":{"footnotes":""},"categories":[5],"tags":[20,21,185,24,25,15,19,22,23,17,18,740,739,13,30,28,29,14,16,26,27],"class_list":{"0":"post-91250","1":"post","2":"type-post","3":"status-publish","4":"format-standard","5":"has-post-thumbnail","7":"category-overskrifter","8":"tag-breaking-news","9":"tag-breakingnews","10":"tag-dnb-carnegie","11":"tag-featured-news","12":"tag-featurednews","13":"tag-headlines","14":"tag-hovedoppslag","15":"tag-latest-news","16":"tag-latestnews","17":"tag-main-news","18":"tag-mainnews","19":"tag-makro","20":"tag-morgenrapport","21":"tag-news","22":"tag-no","23":"tag-norge","24":"tag-norway","25":"tag-nyheter","26":"tag-overskrifter","27":"tag-top-stories","28":"tag-topstories"},"share_on_mastodon":{"url":"https:\/\/pubeurope.com\/@no\/115577759062422471","error":""},"_links":{"self":[{"href":"https:\/\/www.europesays.com\/no\/wp-json\/wp\/v2\/posts\/91250","targetHints":{"allow":["GET"]}}],"collection":[{"href":"https:\/\/www.europesays.com\/no\/wp-json\/wp\/v2\/posts"}],"about":[{"href":"https:\/\/www.europesays.com\/no\/wp-json\/wp\/v2\/types\/post"}],"author":[{"embeddable":true,"href":"https:\/\/www.europesays.com\/no\/wp-json\/wp\/v2\/users\/2"}],"replies":[{"embeddable":true,"href":"https:\/\/www.europesays.com\/no\/wp-json\/wp\/v2\/comments?post=91250"}],"version-history":[{"count":0,"href":"https:\/\/www.europesays.com\/no\/wp-json\/wp\/v2\/posts\/91250\/revisions"}],"wp:featuredmedia":[{"embeddable":true,"href":"https:\/\/www.europesays.com\/no\/wp-json\/wp\/v2\/media\/91251"}],"wp:attachment":[{"href":"https:\/\/www.europesays.com\/no\/wp-json\/wp\/v2\/media?parent=91250"}],"wp:term":[{"taxonomy":"category","embeddable":true,"href":"https:\/\/www.europesays.com\/no\/wp-json\/wp\/v2\/categories?post=91250"},{"taxonomy":"post_tag","embeddable":true,"href":"https:\/\/www.europesays.com\/no\/wp-json\/wp\/v2\/tags?post=91250"}],"curies":[{"name":"wp","href":"https:\/\/api.w.org\/{rel}","templated":true}]}}