{"id":91258,"date":"2025-11-19T18:28:10","date_gmt":"2025-11-19T18:28:10","guid":{"rendered":"https:\/\/www.europesays.com\/no\/91258\/"},"modified":"2025-11-19T18:28:10","modified_gmt":"2025-11-19T18:28:10","slug":"helse-krim-naboer-skal-ha-hort-mannens-skrik-var-fastklemt-og-alvorlig-skadet","status":"publish","type":"post","link":"https:\/\/www.europesays.com\/no\/91258\/","title":{"rendered":"Helse, Krim | Naboer skal ha h\u00f8rt mannens skrik. Var fastklemt og alvorlig skadet"},"content":{"rendered":"\n<p>N\u00f8detatene har rykket ut til Ammerud, hvor en person skal v\u00e6re fastklemt under en minigraver.<\/p>\n<p>\u2013 Sj\u00e5f\u00f8r skal v\u00e6re bevisst, men skadeomfanget er ukjent, skriver operasjonsleder \u00d8yvind Hammervold klokken 17.13.<\/p>\n<p><b>Klokken 17.29 melder han at personen er frigjort. Vedkommende er vurdert til \u00e5 v\u00e6re alvorlig skadd.<\/b><\/p>\n<p>Det skal dreie seg om en arbeidsulykke, men per n\u00e5 er det ukjent hva som er \u00e5rsaken til ulykken.<\/p>\n<p>Politiet opplyser at de jobber med \u00e5 hente inn vitneopplysninger p\u00e5 stedet.<\/p>\n<p>\u2013 Det eneste vi vet at at naboer har h\u00f8rt noe skriking p\u00e5 stedet og s\u00e5 oppdaget personen som l\u00e5 under minigraveren, forteller operasjonsleder \u00d8yvind Hammervold.<\/p>\n<p>Forel\u00f8pig vet de ikke s\u00e5 mye mer om hendelsesforl\u00f8pet. Det h\u00e5per de \u00e5 finne ut av n\u00e5r mannen er frisk nok til \u00e5 la seg avh\u00f8re.<\/p>\n<p>Den fastklemte mannen skal v\u00e6re i 60-\u00e5rene.<\/p>\n<p>Brannvesenet bisto politi og ambulanse p\u00e5 stedet.<\/p>\n<p>\u2013 Vi har f\u00e5tt frigjort ham slik at ambulanse fikk tatt ham med seg, sier innsatsleder Trond Lang\u00f8y i brannvesenet.<\/p>\n<p>Ulykken p\u00e5 Ammerud var en av flere hendelser i et kort tidsrom som n\u00f8detatene m\u00e5tte rykke ut p\u00e5 onsdag kveld.<\/p>\n<p>   <img decoding=\"async\" width=\"4032\" height=\"3024\" fetchpriority=\"low\"  loading=\"lazy\"  src=\"https:\/\/www.europesays.com\/no\/wp-content\/uploads\/2025\/11\/photo+%2872%29.jpg\" alt=\"\" class=\"brick-c-cFOWSL\" style=\"--brick-image-ratio: 4032 \/ 3024;\"\/><\/p>\n<p>      Trond Lang\u00f8y ledet brannvesenets innsats med \u00e5 frigj\u00f8re mannen som var fastklemt under minigraveren.<br \/>\n      Foto: Malin Noem \/ Avisa Oslo\n    <\/p>\n<p>  <a href=\"https:\/\/www.ao.no\/5-128-1196668\" class=\"related-teaser default-story-teaser article--c-eRUmMG article--c-eRUmMG-jKCPdD-design-default article--c-eRUmMG-kpKLOW-cv\" rel=\"nofollow noopener\" target=\"_blank\"><\/p>\n<p>\n            Les ogs\u00e5<\/p>\n<p>              Ulykke etter ulykke. M\u00e5 rykke ut flere steder samtidig\n        <\/p>\n<p>  <\/a><\/p>\n","protected":false},"excerpt":{"rendered":"N\u00f8detatene har rykket ut til Ammerud, hvor en person skal v\u00e6re fastklemt under en minigraver. \u2013 Sj\u00e5f\u00f8r skal&hellip;\n","protected":false},"author":2,"featured_media":91259,"comment_status":"","ping_status":"","sticky":false,"template":"","format":"standard","meta":{"footnotes":""},"categories":[10],"tags":[36,20,21,24,25,15,736,983,22,23,13,30,28,29,14,636,16,1510,26,27],"class_list":{"0":"post-91258","1":"post","2":"type-post","3":"status-publish","4":"format-standard","5":"has-post-thumbnail","7":"category-norge","8":"tag-art","9":"tag-breaking-news","10":"tag-breakingnews","11":"tag-featured-news","12":"tag-featurednews","13":"tag-headlines","14":"tag-helse","15":"tag-krim","16":"tag-latest-news","17":"tag-latestnews","18":"tag-news","19":"tag-no","20":"tag-norge","21":"tag-norway","22":"tag-nyheter","23":"tag-oslo","24":"tag-overskrifter","25":"tag-story","26":"tag-top-stories","27":"tag-topstories"},"share_on_mastodon":{"url":"https:\/\/pubeurope.com\/@no\/115577782740091675","error":""},"_links":{"self":[{"href":"https:\/\/www.europesays.com\/no\/wp-json\/wp\/v2\/posts\/91258","targetHints":{"allow":["GET"]}}],"collection":[{"href":"https:\/\/www.europesays.com\/no\/wp-json\/wp\/v2\/posts"}],"about":[{"href":"https:\/\/www.europesays.com\/no\/wp-json\/wp\/v2\/types\/post"}],"author":[{"embeddable":true,"href":"https:\/\/www.europesays.com\/no\/wp-json\/wp\/v2\/users\/2"}],"replies":[{"embeddable":true,"href":"https:\/\/www.europesays.com\/no\/wp-json\/wp\/v2\/comments?post=91258"}],"version-history":[{"count":0,"href":"https:\/\/www.europesays.com\/no\/wp-json\/wp\/v2\/posts\/91258\/revisions"}],"wp:featuredmedia":[{"embeddable":true,"href":"https:\/\/www.europesays.com\/no\/wp-json\/wp\/v2\/media\/91259"}],"wp:attachment":[{"href":"https:\/\/www.europesays.com\/no\/wp-json\/wp\/v2\/media?parent=91258"}],"wp:term":[{"taxonomy":"category","embeddable":true,"href":"https:\/\/www.europesays.com\/no\/wp-json\/wp\/v2\/categories?post=91258"},{"taxonomy":"post_tag","embeddable":true,"href":"https:\/\/www.europesays.com\/no\/wp-json\/wp\/v2\/tags?post=91258"}],"curies":[{"name":"wp","href":"https:\/\/api.w.org\/{rel}","templated":true}]}}