{"id":91266,"date":"2025-11-19T18:36:10","date_gmt":"2025-11-19T18:36:10","guid":{"rendered":"https:\/\/www.europesays.com\/no\/91266\/"},"modified":"2025-11-19T18:36:10","modified_gmt":"2025-11-19T18:36:10","slug":"bil-kjorte-inn-i-husvegg-i-oslo-sentrum","status":"publish","type":"post","link":"https:\/\/www.europesays.com\/no\/91266\/","title":{"rendered":"Bil kj\u00f8rte inn i husvegg i Oslo sentrum"},"content":{"rendered":"<p class=\"extendedContent hyperion-css-eyn926\" data-test-tag=\"lead-text\">Ulykken skjedde i Waldermar Thranes gate.<\/p>\n<p><img decoding=\"async\" class=\"image-asset hyperion-css-u06ts1\" data-test-tag=\"image-asset\" src=\"https:\/\/www.europesays.com\/no\/wp-content\/uploads\/2025\/11\/6ef4594f-0186-4f67-ac05-77a5b7ad5407\"  alt=\"Samira Alavinasab-Jara og s\u00f8nnen Gabriel Bomgren f\u00f8lger redningsmannskapet mens bilen deres blir l\u00f8ftet bort fra murveggen.\"  loading=\"eager\" fetchpriority=\"high\" style=\"aspect-ratio:2048 \/ 1366\"\/>Samira Alavinasab-Jara og s\u00f8nnen Gabriel Bomgren f\u00f8lger redningsmannskapet mens bilen deres blir l\u00f8ftet bort fra murveggen. Foto: Tomm Wilgaard S. Christiansen<\/p>\n<p class=\"paywall hyperion-css-1j42uic\">Onsdag kveld rykket politiet ut til Waldermar Thranes gate, der en bil hadde kj\u00f8rt inn i en husvegg.<\/p>\n<p class=\"paywall hyperion-css-1j42uic\">Politiet meldte om hendelsen klokken 18.24.<\/p>\n<p class=\"paywall hyperion-css-1j42uic\">De beskriver det som skjedde slik: En bil kom kj\u00f8rende i gaten og kom borti en bil i motg\u00e5ende retning. Det gjorde at bilen traff husveggen.<\/p>\n<p class=\"paywall hyperion-css-1j42uic\"> \u2013 Jeg skulle hente meg et glass vann, samboeren min var p\u00e5 soverommet, og s\u00f8nnen min s\u00e5 p\u00e5 TV. Plutselig ropte samboeren min at noen hadde kj\u00f8rt inn i veggen, sier Samira Alavinasab-Jara. Hun bor i leiligheten som fikk bilen i veggen. <\/p>\n<p class=\"paywall hyperion-css-1j42uic\">Det virker ikke som det er alvorlige personskader, if\u00f8lge politiet. De involverte personene f\u00e5r hjelp av helsepersonell.<\/p>\n<p class=\"paywall hyperion-css-1j42uic\">Mye trafikk g\u00e5r gjennom Waldermar Thranes gate, som g\u00e5r fra Alexander Kiellands plass til nedsiden av St. Hanshaugen.<\/p>\n<p class=\"paywall hyperion-css-1j42uic\">\u2013 Det har v\u00e6rt en liten frykt, nesten et slags mareritt. Vi bor jo ved en av Oslos mest trafikkerte veier, og vi bor i f\u00f8rste etasje, sier Alavinasab-Jara. <\/p>\n","protected":false},"excerpt":{"rendered":"Ulykken skjedde i Waldermar Thranes gate. Samira Alavinasab-Jara og s\u00f8nnen Gabriel Bomgren f\u00f8lger redningsmannskapet mens bilen deres blir&hellip;\n","protected":false},"author":2,"featured_media":91267,"comment_status":"","ping_status":"","sticky":false,"template":"","format":"standard","meta":{"footnotes":""},"categories":[12],"tags":[20,21,24,25,15,22,23,13,30,28,29,14,16,26,27,42,43,44,45],"class_list":{"0":"post-91266","1":"post","2":"type-post","3":"status-publish","4":"format-standard","5":"has-post-thumbnail","7":"category-verden","8":"tag-breaking-news","9":"tag-breakingnews","10":"tag-featured-news","11":"tag-featurednews","12":"tag-headlines","13":"tag-latest-news","14":"tag-latestnews","15":"tag-news","16":"tag-no","17":"tag-norge","18":"tag-norway","19":"tag-nyheter","20":"tag-overskrifter","21":"tag-top-stories","22":"tag-topstories","23":"tag-verden","24":"tag-world","25":"tag-world-news","26":"tag-worldnews"},"share_on_mastodon":{"url":"https:\/\/pubeurope.com\/@no\/115577814238154280","error":""},"_links":{"self":[{"href":"https:\/\/www.europesays.com\/no\/wp-json\/wp\/v2\/posts\/91266","targetHints":{"allow":["GET"]}}],"collection":[{"href":"https:\/\/www.europesays.com\/no\/wp-json\/wp\/v2\/posts"}],"about":[{"href":"https:\/\/www.europesays.com\/no\/wp-json\/wp\/v2\/types\/post"}],"author":[{"embeddable":true,"href":"https:\/\/www.europesays.com\/no\/wp-json\/wp\/v2\/users\/2"}],"replies":[{"embeddable":true,"href":"https:\/\/www.europesays.com\/no\/wp-json\/wp\/v2\/comments?post=91266"}],"version-history":[{"count":0,"href":"https:\/\/www.europesays.com\/no\/wp-json\/wp\/v2\/posts\/91266\/revisions"}],"wp:featuredmedia":[{"embeddable":true,"href":"https:\/\/www.europesays.com\/no\/wp-json\/wp\/v2\/media\/91267"}],"wp:attachment":[{"href":"https:\/\/www.europesays.com\/no\/wp-json\/wp\/v2\/media?parent=91266"}],"wp:term":[{"taxonomy":"category","embeddable":true,"href":"https:\/\/www.europesays.com\/no\/wp-json\/wp\/v2\/categories?post=91266"},{"taxonomy":"post_tag","embeddable":true,"href":"https:\/\/www.europesays.com\/no\/wp-json\/wp\/v2\/tags?post=91266"}],"curies":[{"name":"wp","href":"https:\/\/api.w.org\/{rel}","templated":true}]}}