{"id":91270,"date":"2025-11-19T18:38:13","date_gmt":"2025-11-19T18:38:13","guid":{"rendered":"https:\/\/www.europesays.com\/no\/91270\/"},"modified":"2025-11-19T18:38:13","modified_gmt":"2025-11-19T18:38:13","slug":"usa-foreslar-at-ukraina-gir-fra-seg-land-og-reduserer-haeren","status":"publish","type":"post","link":"https:\/\/www.europesays.com\/no\/91270\/","title":{"rendered":"USA foresl\u00e5r at Ukraina gir fra seg land og reduserer h\u00e6ren"},"content":{"rendered":"<p class=\"extendedContent hyperion-css-eyn926\" data-test-tag=\"lead-text\">For at Russland skal stanse angrepskrigen i Ukraina, m\u00e5 Ukraina gir fra seg land, v\u00e5pen og kutte i h\u00e6ren. Det skal v\u00e6re USAs forslag til betingelser for en fredsavtale, melder if\u00f8lge Reuters og andre medier. <\/p>\n<p><img decoding=\"async\" class=\"image-asset hyperion-css-u06ts1\" data-test-tag=\"image-asset\" src=\"https:\/\/www.europesays.com\/no\/wp-content\/uploads\/2025\/11\/37d2b7cf-c8b2-4344-8631-531eed54c2ce\"  alt=\"Volodymyr Zelenskyj presses av USA, if\u00f8lge Reuters. Her er Zelenskyj sammen med USAs president Donald Trump under et bes\u00f8k i Det hvite hus i august. \"  loading=\"eager\" fetchpriority=\"high\" style=\"aspect-ratio:2048 \/ 1366\"\/>Volodymyr Zelenskyj presses av USA, if\u00f8lge Reuters. Her er Zelenskyj sammen med USAs president Donald Trump under et bes\u00f8k i Det hvite hus i august. Foto: Nora Savosnick \/ Aftenposten<\/p>\n<p class=\"paywall hyperion-css-1j42uic\">USA og Russland har i hemmelighet diskutert en plan for \u00e5 gj\u00f8re slutt p\u00e5 Ukraina-krigen, opplyser russiske og amerikanske kilder til flere medier. <\/p>\n<p class=\"paywall hyperion-css-1j42uic\"><a aria-label=\"If\u00f8lge nettstedet Axios\u00a0\" class=\"breaking-short hyperion-css-1raymq9\" href=\"https:\/\/www.axios.com\/2025\/11\/19\/ukraine-peace-plan-trump-russia-witkoff\" target=\"_blank\" rel=\"noopener nofollow noreferrer\" data-test-tag=\"external-link\">If\u00f8lge nettstedet Axios\u00a0<\/a>dreier det seg om en plan i 28 punkter som er inspirert av Trump-administrasjonens s\u00e5kalte fredsplan for Gazastripen.<\/p>\n<p class=\"paywall hyperion-css-1j42uic\"><strong>If\u00f8lge Reuters inneholder forslaget at Ukraina gir fra seg landomr\u00e5der og noen v\u00e5pen. <\/strong><\/p>\n<p class=\"paywall hyperion-css-1j42uic\">I tillegg skal det v\u00e6re et forslag om at de reduserer milit\u00e6ret. Planen skal ogs\u00e5 inneholde flere andre punkter.<\/p>\n<p class=\"paywall hyperion-css-1j42uic\">Reuters, som er et anerkjent nyhetsbyr\u00e5, sier de har informasjonen fra to personer \u00abmed kjennskap\u00bb til saken.<\/p>\n<p>Russland forn\u00f8yde<\/p>\n<p class=\"paywall hyperion-css-1j42uic\">Financial Times-reporteren\u00a0<a aria-label=\"Christopher Miller skriver p\u00e5 X\" class=\"breaking-short hyperion-css-1raymq9\" href=\"https:\/\/x.com\/ChristopherJM\/status\/1991185889796428128\" target=\"_blank\" rel=\"noopener nofollow noreferrer\" data-test-tag=\"external-link\">Christopher Miller skriver p\u00e5 X<\/a>\u00a0at forslaget inneb\u00e6rer at Ukraina m\u00e5 halvere sine v\u00e6pnede styrker og overlate Donbas-regionen til Russland.<\/p>\n<p class=\"paywall hyperion-css-1j42uic\">Ukrainas president Volodymyr Zelenskyj misliker if\u00f8lge Miller planen, som Trumps spesialutsending Steve Witkoff har lagt frem for Ukrainas nasjonale sikkerhetsr\u00e5dgiver Rustem Umerov. Det samme melder Axios.<\/p>\n<p class=\"paywall hyperion-css-1j42uic\">Russlands spesialutsending Kirill Dmitrijev sier at han har tro p\u00e5 den amerikanske planen.<\/p>\n<p class=\"paywall hyperion-css-1j42uic\">\u2013 Det f\u00f8les som at det russiske standpunktet virkelig blir h\u00f8rt, sa han til Axios mandag.<\/p>\n<p class=\"paywall hyperion-css-1j42uic\">I en uttalelse onsdag kveld sier en talsperson for myndighetene i Moskva at de er \u00ab\u00e5pne for samtaler om Ukraina\u00bb, if\u00f8lge Reuters. <\/p>\n<p class=\"paywall hyperion-css-1j42uic\">Storbritannias utenriksdepartement sier de st\u00f8tter Trumps \u00f8nske om \u00e5 avslutte krigen. De legger til at Russland kunne endt krigen \u00f8yeblikkelig, om de bare trakk troppene ut av Ukraina.<\/p>\n<p><img decoding=\"async\" class=\"image-asset hyperion-css-u06ts1\" data-test-tag=\"image-asset\" src=\"https:\/\/www.europesays.com\/no\/wp-content\/uploads\/2025\/11\/1203c2ce-6754-4f83-a2e6-ccb4a8963c6b\"  alt=\"Putins angrepskrig i Ukraina har kostet hundretusenvis av liv. N\u00e5 gir hans n\u00e6re r\u00e5dgivere uttrykk for at de f\u00e5r st\u00f8tte fra USA i synet p\u00e5 hvordan de vil at krigen skal ende. \"  loading=\"eager\" fetchpriority=\"high\" style=\"aspect-ratio:2048 \/ 1366\"\/>Putins angrepskrig i Ukraina har kostet hundretusenvis av liv. N\u00e5 gir hans n\u00e6re r\u00e5dgivere uttrykk for at de f\u00e5r st\u00f8tte fra USA i synet p\u00e5 hvordan de vil at krigen skal ende. Foto: Vyacheslav Prokofyev \/ AP \/ NTBLegger press p\u00e5 Zelenskyj<\/p>\n<p class=\"paywall hyperion-css-1j42uic\">USA skal ha signalisert til Ukrainas president Volodymyr Zelenskyj at han m\u00e5 akseptere rammeverket og dets hovedpunkter. <\/p>\n<p class=\"paywall hyperion-css-1j42uic\">USA har v\u00e6rt en avgj\u00f8rende v\u00e5penleverand\u00f8r til Ukraina, og avhengigheten av amerikanske v\u00e5pen, s\u00e6rlig luftforsvar, gj\u00f8r at amerikanere kan legge press p\u00e5 Zelenskyj-administrasjonen. <\/p>\n<p class=\"paywall hyperion-css-1j42uic\">Russland <a data-test-tag=\"internal-link\" href=\"https:\/\/www.aftenposten.no\/verden\/i\/8Q1dJE\/stort-russisk-angrep-mot-ukraina\" class=\"hyperion-css-1raymq9\" rel=\"nofollow noopener\" target=\"\" aria-label=\"gikk til fullskala angrep \" theme=\"breaking-short\">gikk til fullskala angrep <\/a>p\u00e5 Ukraina i februar 2022. Da hadde landet allerede v\u00e6rt involvert i krigf\u00f8ringen i \u00d8st-Ukraina i \u00e5tte \u00e5r, og annektert Krymhalv\u00f8ya i strid med folkeretten. <\/p>\n<p class=\"paywall hyperion-css-1j42uic\">Hundretusenvis av mennesker er drept som f\u00f8lge av Russlands angrepskrig, som er den st\u00f8rste milit\u00e6re konflikten i Europa siden 2. verdenskrig. <\/p>\n<p class=\"paywall hyperion-css-1j42uic\">Senest onsdag <a data-test-tag=\"internal-link\" href=\"https:\/\/www.aftenposten.no\/verden\/i\/8plw2E\/minst-25-drept-etter-russiske-angrep-over-hele-ukraina-polen-stenger-to-flyplasser-midlertidig\" class=\"hyperion-css-1raymq9\" rel=\"nofollow noopener\" target=\"\" aria-label=\"ble minst 25 mennesker drept\" theme=\"breaking-short\">ble minst 25 mennesker drept<\/a> i russiske luftangrep mot sivile m\u00e5l i Ukraina. <\/p>\n<p><img decoding=\"async\" class=\"image-asset hyperion-css-u06ts1\" data-test-tag=\"image-asset\" src=\"https:\/\/www.europesays.com\/no\/wp-content\/uploads\/2025\/11\/22f66f31-0edf-4d28-8e4d-21117a038fa1\"  alt=\"Redningsarbeidere leter etter ofre etter nattens russiske angrep p\u00e5 boligblokker i Ternopil. \"  loading=\"eager\" fetchpriority=\"high\" style=\"aspect-ratio:2048 \/ 1365\"\/>Redningsarbeidere leter etter ofre etter nattens russiske angrep p\u00e5 boligblokker i Ternopil. Foto: Vlad Kravchuk \/ AP \/ NTB<\/p>\n","protected":false},"excerpt":{"rendered":"For at Russland skal stanse angrepskrigen i Ukraina, m\u00e5 Ukraina gir fra seg land, v\u00e5pen og kutte i&hellip;\n","protected":false},"author":2,"featured_media":91271,"comment_status":"","ping_status":"","sticky":false,"template":"","format":"standard","meta":{"footnotes":""},"categories":[5],"tags":[20,21,24,25,15,19,22,23,17,18,13,30,28,29,14,16,26,27],"class_list":{"0":"post-91270","1":"post","2":"type-post","3":"status-publish","4":"format-standard","5":"has-post-thumbnail","7":"category-overskrifter","8":"tag-breaking-news","9":"tag-breakingnews","10":"tag-featured-news","11":"tag-featurednews","12":"tag-headlines","13":"tag-hovedoppslag","14":"tag-latest-news","15":"tag-latestnews","16":"tag-main-news","17":"tag-mainnews","18":"tag-news","19":"tag-no","20":"tag-norge","21":"tag-norway","22":"tag-nyheter","23":"tag-overskrifter","24":"tag-top-stories","25":"tag-topstories"},"share_on_mastodon":{"url":"https:\/\/pubeurope.com\/@no\/115577822328367588","error":""},"_links":{"self":[{"href":"https:\/\/www.europesays.com\/no\/wp-json\/wp\/v2\/posts\/91270","targetHints":{"allow":["GET"]}}],"collection":[{"href":"https:\/\/www.europesays.com\/no\/wp-json\/wp\/v2\/posts"}],"about":[{"href":"https:\/\/www.europesays.com\/no\/wp-json\/wp\/v2\/types\/post"}],"author":[{"embeddable":true,"href":"https:\/\/www.europesays.com\/no\/wp-json\/wp\/v2\/users\/2"}],"replies":[{"embeddable":true,"href":"https:\/\/www.europesays.com\/no\/wp-json\/wp\/v2\/comments?post=91270"}],"version-history":[{"count":0,"href":"https:\/\/www.europesays.com\/no\/wp-json\/wp\/v2\/posts\/91270\/revisions"}],"wp:featuredmedia":[{"embeddable":true,"href":"https:\/\/www.europesays.com\/no\/wp-json\/wp\/v2\/media\/91271"}],"wp:attachment":[{"href":"https:\/\/www.europesays.com\/no\/wp-json\/wp\/v2\/media?parent=91270"}],"wp:term":[{"taxonomy":"category","embeddable":true,"href":"https:\/\/www.europesays.com\/no\/wp-json\/wp\/v2\/categories?post=91270"},{"taxonomy":"post_tag","embeddable":true,"href":"https:\/\/www.europesays.com\/no\/wp-json\/wp\/v2\/tags?post=91270"}],"curies":[{"name":"wp","href":"https:\/\/api.w.org\/{rel}","templated":true}]}}