{"id":91274,"date":"2025-11-19T18:45:31","date_gmt":"2025-11-19T18:45:31","guid":{"rendered":"https:\/\/www.europesays.com\/no\/91274\/"},"modified":"2025-11-19T18:45:31","modified_gmt":"2025-11-19T18:45:31","slug":"toyota-har-sikret-seg-flere-hundre-bz4x-for-nyttar-motor-no","status":"publish","type":"post","link":"https:\/\/www.europesays.com\/no\/91274\/","title":{"rendered":"Toyota: Har sikret seg \u00abflere hundre\u00bb bZ4X f\u00f8r nytt\u00e5r &#8211; Motor.no"},"content":{"rendered":"<ol>\n<li><a href=\"https:\/\/news.google.com\/rss\/articles\/CBMijwFBVV95cUxNS3Q0VjVQV25BSDNhaC1QUTJoc0l1aHFLdW9rRGxEMnN2dlZlQURDS1E4STBZX2t1NU1SSmswY1NOc3hjUmtGUEwwS1dXV2NUaWRBYmtKTnQ0S1BIOHdJNkhSZDVfUFozbGY5bFRTS1FGRjVuZkhyREdpRVRJMzEySEE0Yld3QmxRVXpHb2hnaw?oc=5\" target=\"_blank\" rel=\"nofollow noopener\">Toyota: Har sikret seg \u00abflere hundre\u00bb bZ4X f\u00f8r nytt\u00e5r<\/a>&nbsp;&nbsp;Motor.no<\/li>\n<li><a href=\"https:\/\/news.google.com\/rss\/articles\/CBMidEFVX3lxTE9uN1lac0JwYTdmdzNzTUtyOGh5QVMxNmNXOFVXUFZZY214enNuZEUyTlNKVzZJdW9uYXdONTB5NW5QYlRDSktmT3VTNU9RV252dmlnTF9BV0hzNU05N1NTbDFqRDZIaGJnZWlSTF9EWi0ySXM1?oc=5\" target=\"_blank\" rel=\"nofollow noopener\">Toyota bZ4X: Har f\u00e5tt tak i et hundretalls biler f\u00f8r moms\u00f8kningen<\/a>&nbsp;&nbsp;TV2.no<\/li>\n<li><a href=\"https:\/\/news.google.com\/rss\/articles\/CBMidEFVX3lxTE4xWGJ5a3RsMmR0WldtNVJjY3dlN20yM0ppd0x1c2stWXBNcXdSeXd1SzRnYXZ0ZkhSb3NmN2xDQW1mMFpBWHVIdjdNRmNudHFuWWRxbG1iYy1pSTJhdS1nYTNQdXRrOTg2dVk3V3NuVVExYTlN?oc=5\" target=\"_blank\" rel=\"nofollow noopener\">Vasser i bestillinger og sikrer stadig nye leveranser<\/a>&nbsp;&nbsp;Bilnytt.no<\/li>\n<li><a href=\"https:\/\/news.google.com\/rss\/articles\/CBMiXEFVX3lxTE9wN2RCbXBEdlUyYWF6SmNGbmNFOHBVTkhpV29OQUJoUnE2NnY2WGdRbE1aQjh3SGN0cWdQUnpIZ21TM3pMbUlGaGRUc05XdG1UUHpyd3FqS0VrMkcy?oc=5\" target=\"_blank\" rel=\"nofollow noopener\">F\u00e5r en ny last med Toyota bZ4X<\/a>&nbsp;&nbsp;Bil24<\/li>\n<li><a href=\"https:\/\/news.google.com\/rss\/articles\/CBMiVkFVX3lxTE5NSVJUem1ubHBJYjNEMFRyZjNwWnV4SHlzS0h3LWt6ZVlPd1NOVjlLcmJEZGlzZmExRVdVUzEyOGtNQlRoZzRwdUVSUjZMWF9sZXNld0ZR?oc=5\" target=\"_blank\" rel=\"nofollow noopener\">Toyota sikrer seg ytterligere flere hundre biler f\u00f8r nytt\u00e5r<\/a>&nbsp;&nbsp;Bilbransje24<\/li>\n<\/ol>\n","protected":false},"excerpt":{"rendered":"Toyota: Har sikret seg \u00abflere hundre\u00bb bZ4X f\u00f8r nytt\u00e5r&nbsp;&nbsp;Motor.no Toyota bZ4X: Har f\u00e5tt tak i et hundretalls biler&hellip;\n","protected":false},"author":2,"featured_media":91275,"comment_status":"","ping_status":"","sticky":false,"template":"","format":"standard","meta":{"footnotes":""},"categories":[56],"tags":[60,61,62,30,28,29],"class_list":{"0":"post-91274","1":"post","2":"type-post","3":"status-publish","4":"format-standard","5":"has-post-thumbnail","7":"category-naeringsliv","8":"tag-business","9":"tag-economy","10":"tag-naeringsliv","11":"tag-no","12":"tag-norge","13":"tag-norway"},"share_on_mastodon":{"url":"https:\/\/pubeurope.com\/@no\/115577849327288799","error":""},"_links":{"self":[{"href":"https:\/\/www.europesays.com\/no\/wp-json\/wp\/v2\/posts\/91274","targetHints":{"allow":["GET"]}}],"collection":[{"href":"https:\/\/www.europesays.com\/no\/wp-json\/wp\/v2\/posts"}],"about":[{"href":"https:\/\/www.europesays.com\/no\/wp-json\/wp\/v2\/types\/post"}],"author":[{"embeddable":true,"href":"https:\/\/www.europesays.com\/no\/wp-json\/wp\/v2\/users\/2"}],"replies":[{"embeddable":true,"href":"https:\/\/www.europesays.com\/no\/wp-json\/wp\/v2\/comments?post=91274"}],"version-history":[{"count":0,"href":"https:\/\/www.europesays.com\/no\/wp-json\/wp\/v2\/posts\/91274\/revisions"}],"wp:featuredmedia":[{"embeddable":true,"href":"https:\/\/www.europesays.com\/no\/wp-json\/wp\/v2\/media\/91275"}],"wp:attachment":[{"href":"https:\/\/www.europesays.com\/no\/wp-json\/wp\/v2\/media?parent=91274"}],"wp:term":[{"taxonomy":"category","embeddable":true,"href":"https:\/\/www.europesays.com\/no\/wp-json\/wp\/v2\/categories?post=91274"},{"taxonomy":"post_tag","embeddable":true,"href":"https:\/\/www.europesays.com\/no\/wp-json\/wp\/v2\/tags?post=91274"}],"curies":[{"name":"wp","href":"https:\/\/api.w.org\/{rel}","templated":true}]}}