{"id":91281,"date":"2025-11-19T18:57:12","date_gmt":"2025-11-19T18:57:12","guid":{"rendered":"https:\/\/www.europesays.com\/no\/91281\/"},"modified":"2025-11-19T18:57:12","modified_gmt":"2025-11-19T18:57:12","slug":"elitemote-hos-milliardaer","status":"publish","type":"post","link":"https:\/\/www.europesays.com\/no\/91281\/","title":{"rendered":"Elitem\u00f8te hos milliard\u00e6r"},"content":{"rendered":"<p>  Finansminister Jens Stoltenberg er blant gjestene som onsdag kveld har ankommet hjemmet til industri- og finansmannen\u00a0Johan H. Andresen.<\/p>\n<p>\n    RIKINGER ANKOMMER: Den nygifte styrelederen i Orkla, Stein Erik Hagen, er blant gjestene som onsdag kveld ankom til elitem\u00f8tet i villaen til milliard\u00e6ren Johan H. Andresen p\u00e5 Bygd\u00f8y i Oslo. Foto: Lars Martin Gimse\/ Dagbladet\n  <\/p>\n<p>Onsdag kveld str\u00f8mmer b\u00e5de norske og svenske milliard\u00e6rer hjem til industri- og finansmannen Johan H. Andresen, som ligger p\u00e5 sjetteplass p\u00e5 <a href=\"https:\/\/www.finansavisen.no\/kapital-index\/norges-400-rikeste?zephr_sso_ott=G4glWK\" rel=\"nofollow noopener\" target=\"_blank\">Kapitals liste<\/a> over Norges 400 rikeste og st\u00e5r bak holdingselskapet Ferd.\u00a0<\/p>\n<p> P\u00e5 en bakketopp p\u00e5 den store, inngjerdede eiendommen troner Andresen-familiens villa p\u00e5 Bygd\u00f8y i Oslo.<\/p>\n<p>Stoltenberg ankommet\t<\/p>\n<p>Dagbladets reporter p\u00e5 stedet observerer blant annet den <a href=\"https:\/\/borsen.dagbladet.no\/nyheter\/giftet-seg\/83856174\" rel=\"nofollow noopener\" target=\"_blank\">nygifte styrelederen i Orkla, Stein Erik Hagen<\/a>, ankomme til den herskapelige villaen i privatbil, godt synlig i forsetet.<\/p>\n<p>Klokka 17.25 ankom finansminister Jens Stoltenberg bak sotede ruter. Like etter gled porten til innkj\u00f8ringen, som hadde st\u00e5tt \u00e5pen fram til da, igjen.<\/p>\n<p>          <img loading=\"lazy\" decoding=\"async\" src=\"https:\/\/www.europesays.com\/no\/wp-content\/uploads\/2025\/11\/83875188.webp\" width=\"686\" height=\"419\" title=\"LUKKET PORT: Like etter at finansminister Jens Stoltenberg ankom Bygd\u00f8y-villaen ble porten lukket. Foto: Lars Martin Gimse\/ Dagbladet\" alt=\"\" class=\"\" style=\"--aspect-ratio-image: 1.64; \"\/><\/p>\n<p>\n          LUKKET PORT: Like etter at finansminister Jens Stoltenberg ankom Bygd\u00f8y-villaen ble porten lukket. Foto: Lars Martin Gimse\/ Dagbladet\n      <\/p>\n<p>Gjestene kan ta seg helt opp til villaen i bil, og slipper dermed \u00e5 gi seg til kjenne for de framm\u00f8tte journalistene, som st\u00e5r parkert utenfor eiendommen.<\/p>\n<p>Statsministere som talere\t<\/p>\n<p>En gruppe p\u00e5 omtrent 40\u00a0konsernsjefer og\u00a0styreledere for noen av de st\u00f8rste selskapene i Norge og Sverige skal ved kveldens anledning m\u00f8tes for \u00e5 diskutere samarbeid p\u00e5 tvers av grensen.<\/p>\n<p>          <img loading=\"lazy\" decoding=\"async\" src=\"https:\/\/www.europesays.com\/no\/wp-content\/uploads\/2025\/11\/83875189.webp\" width=\"686\" height=\"392\" title=\"ELITEM\u00d8TE: I villaen p\u00e5 bakketoppen i m\u00f8rket arrangerer Andresen et norsk-svensk elitem\u00f8te med andre konsernsjefer og styreledere. Foto: Lars Martin Gimse\/ Dagbladet\" alt=\"\" class=\"\" style=\"--aspect-ratio-image: 1.75; \"\/><\/p>\n<p>\n          ELITEM\u00d8TE: I villaen p\u00e5 bakketoppen i m\u00f8rket arrangerer Andresen et norsk-svensk elitem\u00f8te med andre konsernsjefer og styreledere. Foto: Lars Martin Gimse\/ Dagbladet\n      <\/p>\n<p>Sist m\u00f8tet ble avholdt, var det den svenske industrimannen Marcus Wallenberg som var vert. Da var det den svenske statsministeren\u00a0Ulf Kristersson som holdt talen under middagen, kommer det fram i en e-post fra Andresen til Stoltenberg som\u00a0Dagbladet har f\u00e5tt innsyn i.<\/p>\n<p>Andresen har ogs\u00e5 tidligere v\u00e6rt arrang\u00f8r av milliard\u00e6rm\u00f8tet. Da var det selveste statsminister Jonas Gahr St\u00f8re som\u00a0var middagstaler.<\/p>\n<p>I invitasjonen til Stoltenberg, som ble sendt i februar i \u00e5r, understreker Andresen at \u00abinvitasjonen er uavhengig av om Stoltenberg er statsr\u00e5d eller ei, invitasjonen er alts\u00e5 ikke til finansministeren som s\u00e5dan, men til Jens Stoltenberg, p\u00e5 grunn av hans utvidede internasjonale erfaring\u00bb.<\/p>\n","protected":false},"excerpt":{"rendered":"Finansminister Jens Stoltenberg er blant gjestene som onsdag kveld har ankommet hjemmet til industri- og finansmannen\u00a0Johan H. Andresen.&hellip;\n","protected":false},"author":2,"featured_media":91282,"comment_status":"","ping_status":"","sticky":false,"template":"","format":"standard","meta":{"footnotes":""},"categories":[10],"tags":[20,21,24,25,15,22,23,13,30,28,29,14,16,26,27],"class_list":{"0":"post-91281","1":"post","2":"type-post","3":"status-publish","4":"format-standard","5":"has-post-thumbnail","7":"category-norge","8":"tag-breaking-news","9":"tag-breakingnews","10":"tag-featured-news","11":"tag-featurednews","12":"tag-headlines","13":"tag-latest-news","14":"tag-latestnews","15":"tag-news","16":"tag-no","17":"tag-norge","18":"tag-norway","19":"tag-nyheter","20":"tag-overskrifter","21":"tag-top-stories","22":"tag-topstories"},"share_on_mastodon":{"url":"https:\/\/pubeurope.com\/@no\/115577896747121897","error":""},"_links":{"self":[{"href":"https:\/\/www.europesays.com\/no\/wp-json\/wp\/v2\/posts\/91281","targetHints":{"allow":["GET"]}}],"collection":[{"href":"https:\/\/www.europesays.com\/no\/wp-json\/wp\/v2\/posts"}],"about":[{"href":"https:\/\/www.europesays.com\/no\/wp-json\/wp\/v2\/types\/post"}],"author":[{"embeddable":true,"href":"https:\/\/www.europesays.com\/no\/wp-json\/wp\/v2\/users\/2"}],"replies":[{"embeddable":true,"href":"https:\/\/www.europesays.com\/no\/wp-json\/wp\/v2\/comments?post=91281"}],"version-history":[{"count":0,"href":"https:\/\/www.europesays.com\/no\/wp-json\/wp\/v2\/posts\/91281\/revisions"}],"wp:featuredmedia":[{"embeddable":true,"href":"https:\/\/www.europesays.com\/no\/wp-json\/wp\/v2\/media\/91282"}],"wp:attachment":[{"href":"https:\/\/www.europesays.com\/no\/wp-json\/wp\/v2\/media?parent=91281"}],"wp:term":[{"taxonomy":"category","embeddable":true,"href":"https:\/\/www.europesays.com\/no\/wp-json\/wp\/v2\/categories?post=91281"},{"taxonomy":"post_tag","embeddable":true,"href":"https:\/\/www.europesays.com\/no\/wp-json\/wp\/v2\/tags?post=91281"}],"curies":[{"name":"wp","href":"https:\/\/api.w.org\/{rel}","templated":true}]}}