{"id":91318,"date":"2025-11-19T19:34:38","date_gmt":"2025-11-19T19:34:38","guid":{"rendered":"https:\/\/www.europesays.com\/no\/91318\/"},"modified":"2025-11-19T19:34:38","modified_gmt":"2025-11-19T19:34:38","slug":"fritt-frem-pa-byen","status":"publish","type":"post","link":"https:\/\/www.europesays.com\/no\/91318\/","title":{"rendered":"Fritt frem p\u00e5 byen"},"content":{"rendered":"<p class=\"kicker \" style=\"\">Tiden er ute for politiet:<\/p>\n<p>  \u00abDet som n\u00e5 skjer rundt Marius Borg H\u00f8iby, stiller norsk politi overfor et sp\u00f8rsm\u00e5l de ikke lenger kan skyve unna. Det har ogs\u00e5 H\u00f8yesterett sl\u00e5tt fast i en ny dom i forrige uke\u00bb.<\/p>\n<p>\n    REAGERER: &#8211; N\u00e5r \u00abtilfeldighetene\u00bb blir s\u00e5 mange, begynner de \u00e5 ligne et m\u00f8nster &#8211; et m\u00f8nster politiet skulle ha tatt p\u00e5 alvor for lenge siden, skriver Se og H\u00f8rs sjefredakt\u00f8r Ulf Andr\u00e9 Andersen. Foto: Terje Bendiksby \/ NTB\n  <\/p>\n<p>Sent onsdag kveld forrige uke m\u00f8tte han eks-kj\u00e6resten nok en gang, og denne gangen p\u00e5 en av Oslos mest synlige barer mens et gyldig bes\u00f8ksforbud fortsatt gjelder. Det er nesten ikke til \u00e5 tro.<\/p>\n<p>Og n\u00e5 skjer det under tre m\u00e5neder f\u00f8r rettssaken der hun skal forklare seg som forn\u00e6rmet. Mens han sitter ansikt til ansikt med kvinnen &#8211; som tiltalt.<\/p>\n<p>Det er for lengst kartlagt at dette ikke et enkeltst\u00e5ende tilfelle. En lang rekke tidligere brudd er allerede en del av tiltalen. At kontakten likevel fortsetter, gj\u00f8r situasjonen enda mer alvorlig.<\/p>\n<p>Et bes\u00f8ksforbud er ikke et formelt p\u00e5legg som ligger i en skuff. Det er et vern mot press. Mot frykt. Mot p\u00e5virkning. Og ikke minst; mot enhver situasjon som kan svekke en forn\u00e6rmet sin rolle som vitne.<\/p>\n<p>    <a itemprop=\"url\" href=\"https:\/\/www.seher.no\/kongelig\/politiet-bekrefter-besoksforbud-til-rettssaken\/83866009\" rel=\"nofollow noopener\" target=\"_blank\"><\/p>\n<p>      <img loading=\"lazy\" decoding=\"async\" src=\"https:\/\/www.europesays.com\/no\/wp-content\/uploads\/2025\/11\/1763580874_198_83798467.webp\" width=\"147\" height=\"100\" title=\"Politiet bekrefter: Bes\u00f8ksforbud til rettssaken\" alt=\"\" class=\"lazyload\" style=\"--aspect-ratio-image: 1.47; \"\/><\/p>\n<p>        Politiet bekrefter: Bes\u00f8ksforbud til rettssaken<\/p>\n<p>    <\/a><\/p>\n<p>N\u00e5r tiltalte og forn\u00e6rmede sitter i fortrolig samtale p\u00e5 et popul\u00e6rt utested f\u00e5 m\u00e5neder f\u00f8r hovedforhandlingen i tingretten, er det nettopp risikoen for vitnep\u00e5virkning som gj\u00f8r situasjonen akutt. Dette er ikke en hypotese. Det er grunnen til at slike forbud finnes.<\/p>\n<p>Derfor er det n\u00e6rmest uvirkelig at bistandsadvokat Mette Yvonne Larsen desperat fors\u00f8ker \u00e5 dempe temperaturen n\u00e5r hun omtaler saken som \u00abhelt ute av proporsjoner\u00bb. Ingen bistandsadvokat &#8211; i noen sak &#8211; kan v\u00e6re komfortabel med at forn\u00e6rmede og tiltalte m\u00f8tes i offentligheten rett f\u00f8r en alvorlig rettssak.<\/p>\n<p>    <a itemprop=\"url\" href=\"https:\/\/www.seher.no\/kongelig\/se-og-hor-avslorer-pa-byen-med-eks-kjaeresten\/83847476\" rel=\"nofollow noopener\" target=\"_blank\"><\/p>\n<p>      <img loading=\"lazy\" decoding=\"async\" src=\"https:\/\/www.europesays.com\/no\/wp-content\/uploads\/2025\/11\/1763580874_5_83848379.webp\" width=\"147\" height=\"98\" title=\"Se og H\u00f8r avsl\u00f8rer: P\u00e5 byen med eks-kj\u00e6resten\" alt=\"\" class=\"lazyload\" style=\"--aspect-ratio-image: 1.50; \"\/><\/p>\n<p>        Se og H\u00f8r avsl\u00f8rer: P\u00e5 byen med eks-kj\u00e6resten<\/p>\n<p>    <\/a><\/p>\n<p>At hun fors\u00f8ker \u00e5 avdramatisere m\u00f8tet fritar selvsagt ikke politiet. Og det endrer ikke realiteten: Forholdet hun selv beskriver som \u00abtilfeldig\u00bb er n\u00f8yaktig det bes\u00f8ksforbudet gj\u00f8r ulovlig.<\/p>\n<p>Og ja, hun sier m\u00f8tene ikke var planlagt. Det kan godt v\u00e6re. Men Se og H\u00f8r sitter p\u00e5 informasjon som viser at dette langt ifra dreier seg om \u00e9n enkelt situasjon. Det har skjedd flere ganger. Og n\u00e5r \u00abtilfeldighetene\u00bb blir s\u00e5 mange, begynner de \u00e5 ligne et m\u00f8nster &#8211; et m\u00f8nster politiet skulle ha tatt p\u00e5 alvor for lenge siden.<\/p>\n<p>        SKJULT HYLLEST: Kronprinsesse Mette-Marit bes\u00f8kte tidligere i \u00e5r motebiblioteket i Oslo, og ogs\u00e5 denne gangen var hun antrukket med en detalj som har en dypere mening. Foto: NTB \/\/ Reporter: Caroline Vagle \/\/ Klipp: H\u00e5vard Bj\u00f8rnerem<\/p>\n<p>Forsvarer Petar Sekulic sier til Se og H\u00f8r i dag at han \u00aber i kontakt med politiet om grunnlaget for bes\u00f8ksforbudet\u00bb. Det er hans rolle.<\/p>\n<p>Men politiets rolle er ikke oppe til diskusjon. P\u00e5talemyndigheten og rettsvesenet har de siste \u00e5rene styrket fokus og skjerpet straffene i saker som omhandler voldtekter, vold i n\u00e6re relasjoner og trusler. Det skulle bare mangle.<\/p>\n<p>    <a itemprop=\"url\" href=\"https:\/\/www.seher.no\/kongelig\/se-og-hor-avsloreri-samme-bar-som-tre-fornaermede\/83850197\" rel=\"nofollow noopener\" target=\"_blank\"><\/p>\n<p>      <img loading=\"lazy\" decoding=\"async\" src=\"https:\/\/www.europesays.com\/no\/wp-content\/uploads\/2025\/11\/83471299.webp\" width=\"147\" height=\"98\" title=\"Se og H\u00f8r avsl\u00f8rer:I samme bar som tre forn\u00e6rmede\" alt=\"\" class=\"lazyload\" style=\"--aspect-ratio-image: 1.50; \"\/><\/p>\n<p>        Se og H\u00f8r avsl\u00f8rer:I samme bar som tre forn\u00e6rmede<\/p>\n<p>    <\/a><\/p>\n<p>Men problemet slik det\u00a0ser ut\u00a0i saken mot kronprinsessens s\u00f8nn og kronprinsens stes\u00f8nn, er hvilken signaleffekt det skaper n\u00e5r alarmen g\u00e5r uten at politiet handler like raskt og effektivt som de ville gjort om det var deg eller meg som var tiltalt.<\/p>\n<p>        LOFOTEN: Under en privat reise med kronprins Haakon, skal en av voldtektene Marius Borg H\u00f8iby er tiltalt for ha skjedd. Video: NTB \/ Instagram: @friflytfilmtour \/\/ Foto: Markus Malmin \/ Lofotposten \/ NTB \/ Se og H\u00f8r \/ Privat \/ Instagram: @trevarefabrikken \/\/ Reporter: H\u00e5vard Bj\u00f8rnerem<\/p>\n<p>Politiet i Oslo har n\u00e5 f\u00e5tt bekreftet at Marius og eks-kj\u00e6resten m\u00f8ttes p\u00e5 byen. N\u00e5r Se og H\u00f8r dokumenterer hendelsen, vitner bekrefter den \u2013 og bistandsadvokaten selv stadfester at m\u00f8tet fant sted \u2013 m\u00e5 politiet gj\u00f8re egne unders\u00f8kelser.<\/p>\n<p>\u00a0Og dersom de lander p\u00e5 samme faktum, m\u00e5 Marius siktes for et nytt brudd. Slik en hvilken som helst annen mann ville blitt.<\/p>\n<p>    <a itemprop=\"url\" href=\"https:\/\/www.seher.no\/kjendis\/forakt-for-retten\/83807525\" rel=\"nofollow noopener\" target=\"_blank\"><\/p>\n<p>      <img loading=\"lazy\" decoding=\"async\" src=\"https:\/\/www.europesays.com\/no\/wp-content\/uploads\/2025\/11\/1763580875_226_83289977.webp\" width=\"147\" height=\"98\" title=\"- Forakt for retten\" alt=\"\" class=\"lazyload\" style=\"--aspect-ratio-image: 1.50; \"\/><\/p>\n<p>        &#8211; Forakt for retten<\/p>\n<p>    <\/a><\/p>\n<p>Senest i forrige uke <a href=\"https:\/\/lovdata.no\/dokument\/HRSTR\/avgjorelse\/hr-2025-2222-u?q=hr-2025-2222-u\" rel=\"nofollow noopener\" target=\"_blank\">slo H\u00f8yesterett hardt ned<\/a> p\u00e5 en frifinnelse som var begrunnet med at kvinnen selv \u00f8nsket kontakt med tiltalte, som var en helt vanlig mann. H\u00f8yesteretts ankeutvalg nullet ut frifinnelsen fordi bes\u00f8ksforbudet beskytter hele samfunnet mot at offer og tiltalt har frivillig kontakt.\u00a0<\/p>\n<p>        EKSKLUSIVT: Se og H\u00f8r har f\u00e5tt tilgang til en video fra natten der Linni Meister skal ha blitt utsatt for et overgrep av Marius Borg H\u00f8iby.<\/p>\n<p>Forbudet skal forhindre fremtidige lovbrudd, og ilegges nettopp der det er gjensidige, psykologiske bindinger mellom partene &#8211; ogs\u00e5 n\u00e5r kvinnen selv \u00f8nsker det av en eller annen grunn.<\/p>\n<p>Og\u00a0praksisen er klar: Ved gjentatte brudd p\u00e5 bes\u00f8ksforbud strammer p\u00e5talemyndigheten inn, for \u00e5 beskytte forn\u00e6rmede og sikre at vitner kan forklare seg uten press eller p\u00e5virkning.<\/p>\n<p>    <a itemprop=\"url\" href=\"https:\/\/www.seher.no\/kongelig\/marius-menn-skyter-vilt-mot-feil-blink\/83819663\" rel=\"nofollow noopener\" target=\"_blank\"><\/p>\n<p>      <img loading=\"lazy\" decoding=\"async\" src=\"https:\/\/www.europesays.com\/no\/wp-content\/uploads\/2025\/11\/1763580876_495_83593817.webp\" width=\"980\" height=\"441\" title=\"Marius' menn skyter vilt - mot feil blink\" alt=\"\" class=\"lazyload\" style=\"--aspect-ratio-image: 2.22; \"\/><\/p>\n<p>        Marius&#8217; menn skyter vilt &#8211; mot feil blink <\/p>\n<p>    <\/a><\/p>\n<p>Varetektsfengsling vurderes i mange slike saker. Elektronisk kontroll &#8211; fotlenke og \u00abomvendt voldsalarm\u00bb &#8211; er et annet virkemiddel som brukes n\u00e5r et ordin\u00e6rt forbud ikke anses tilstrekkelig. Dette er ikke unntak, det er standard praksis i rettssystemet.<\/p>\n<p>Og da m\u00e5 \u00e9n ting sies tydelig: I en lang rekke saker reagerer politiet etter gjentatte brudd. Ofte lenge f\u00f8r fire\u2013fem hendelser.\u00a0<\/p>\n<p>        AVSL\u00d8RT: N\u00e5r Marius Borg H\u00f8iby landet p\u00e5 Gardermoen etter luksusferien til Frankrike, var det en av de andre passasjerene som vekket mest oppsikt. Foto og Video: NTB \/ Privat \/ Da Vinci Yacht \/ Andreas Fadum \/\/ Reporter: H\u00e5vard Bj\u00f8rnerem<\/p>\n<p>Lovens intensjon er helt uten krumspring: Bryter du et bes\u00f8ksforbud gjentatte ganger, skal konsekvensene komme raskt &#8211; b\u00e5de for \u00e5 beskytte forn\u00e6rmede og for \u00e5 markere alvoret.<\/p>\n<p>At slike tiltak forel\u00f8pig uteblir her, skaper et nytt inntrykk av forskjellsbehandling. Ikke n\u00f8dvendigvis gjennom intensjon, men gjennom summen av manglende reaksjon. Og inntrykket betyr noe.\u00a0<\/p>\n<p>I Norge skal loven ikke bare v\u00e6re lik for alle. Den m\u00e5 ogs\u00e5\u00a0se\u00a0lik ut for alle.<\/p>\n<p>    <a itemprop=\"url\" href=\"https:\/\/www.seher.no\/kongelig\/kilder-til-se-og-hor-anklaget-vennene-for-tyveri\/83800488\" rel=\"nofollow noopener\" target=\"_blank\"><\/p>\n<p>      <img loading=\"lazy\" decoding=\"async\" src=\"https:\/\/www.europesays.com\/no\/wp-content\/uploads\/2025\/11\/1763580877_410_83800870.webp\" width=\"147\" height=\"98\" title=\"Kilder til Se og H\u00f8r:- Anklaget vennene for tyveri\" alt=\"\" class=\"lazyload\" style=\"--aspect-ratio-image: 1.50; \"\/><\/p>\n<p>        Kilder til Se og H\u00f8r:- Anklaget vennene for tyveri<\/p>\n<p>    <\/a><\/p>\n<p>Jeg har selv kritisert politiet tidligere for h\u00e5ndteringen av denne saken. Ikke fordi Marius Borg H\u00f8iby er skyldig eller ikke &#8211; han har krav p\u00e5 \u00e5 bli behandlet som uskyldig inntil en dom foreligger. Men fordi politiets respons lenge har st\u00e5tt i kontrast til alvorlighetsgraden de selv beskriver.<\/p>\n<p>De satt tidlig p\u00e5 spaneropptak som viste hvem han omga seg med og hvilke varsellamper som blinket. Likevel kom reaksjonene sent. N\u00e5 risikerer de \u00e5 havne i samme posisjon igjen.<\/p>\n<p>        STERKE REAKSJONER: Etter at statsadvokaten la frem de 32 tiltalepunktene mot Marius Borg H\u00f8iby, vekkes store reaksjoner b\u00e5de i Norge og i utlandet. Video: Se og H\u00f8r \/\/ Foto: NTB \/\/ Reporter: H\u00e5vard Bj\u00f8rnerem \/ Caroline Vagle<\/p>\n<p>Og her m\u00e5 forbeholdet inn: Vi vet ikke sikkert om politiet allerede har iverksatt nye skritt. De har valgt \u00e5 ikke kommentere det. Men dersom noe faktisk er p\u00e5 vei &#8211; er det i s\u00e5 fall p\u00e5 h\u00f8y tid.\u00a0<\/p>\n<p>Denne saken t\u00e5ler ikke stillstand.<\/p>\n<p>Dette er politiets veikryss: Enten reagere som i enhver annen sak. Eller bekrefte, gjennom stillhet, det inntrykket mange allerede sitter med.<\/p>\n<p>    <a itemprop=\"url\" href=\"https:\/\/www.seher.no\/kongelig\/marius-kilder-til-se-og-hor-har-aldri-solgt-narkotika\/83780019\" rel=\"nofollow noopener\" target=\"_blank\"><\/p>\n<p>      <img loading=\"lazy\" decoding=\"async\" src=\"https:\/\/www.europesays.com\/no\/wp-content\/uploads\/2025\/11\/83781693.webp\" width=\"147\" height=\"98\" title=\"Vennene reagerer\" alt=\"\" class=\"lazyload\" style=\"--aspect-ratio-image: 1.50; \"\/><\/p>\n<p>        Vennene reagerer<\/p>\n<p>    <\/a><\/p>\n<p>Det finnes et punkt der en sak slutter \u00e5 handle om brudd, forn\u00e6rmede, tiltalte og paragrafer \u2013 og i stedet handler om politiet selv. Om vurderingene deres.<\/p>\n<p>Om viljen til \u00e5 reagere n\u00e5r reaksjoner er n\u00f8dvendige. Og om evnen til \u00e5 st\u00e5 i det, selv n\u00e5r det bl\u00e5ser fra prominente adresser.<\/p>\n<p>        OVERVELDENDE: I podkasten \u00abPuppen og Lillemor\u00bb med makkeren Mia Gundersen, \u00e5pnet Linni Meister seg om det \u00e5 v\u00e6re et offer i Marius-saken, og den overveldende responsen fra lytterne. Video: H\u00e5vard Bj\u00f8rnerem<\/p>\n<p>Hvis politiet virkelig mener at denne saken er h\u00e5ndtert som enhver annen, st\u00e5r \u00e9n ting igjen: \u00c5 vise det i praksis. For hver dag uten nettopp det, er det ikke Marius Borg H\u00f8iby som taper mest.<\/p>\n<p>Det er politiets egen troverdighet.<\/p>\n","protected":false},"excerpt":{"rendered":"Tiden er ute for politiet: \u00abDet som n\u00e5 skjer rundt Marius Borg H\u00f8iby, stiller norsk politi overfor et&hellip;\n","protected":false},"author":2,"featured_media":91319,"comment_status":"","ping_status":"","sticky":false,"template":"","format":"standard","meta":{"footnotes":""},"categories":[10],"tags":[20,21,4104,24,25,15,479,266,22,23,400,11546,13,30,28,29,14,16,9426,26,27,4283],"class_list":{"0":"post-91318","1":"post","2":"type-post","3":"status-publish","4":"format-standard","5":"has-post-thumbnail","7":"category-norge","8":"tag-breaking-news","9":"tag-breakingnews","10":"tag-eksklusivt","11":"tag-featured-news","12":"tag-featurednews","13":"tag-headlines","14":"tag-kjendis","15":"tag-kommentar","16":"tag-latest-news","17":"tag-latestnews","18":"tag-marius-borg-hoiby","19":"tag-mette-yvonne-larsen","20":"tag-news","21":"tag-no","22":"tag-norge","23":"tag-norway","24":"tag-nyheter","25":"tag-overskrifter","26":"tag-petar-sekulic","27":"tag-top-stories","28":"tag-topstories","29":"tag-ulf-andre-andersen"},"share_on_mastodon":{"url":"https:\/\/pubeurope.com\/@no\/115578042235205115","error":""},"_links":{"self":[{"href":"https:\/\/www.europesays.com\/no\/wp-json\/wp\/v2\/posts\/91318","targetHints":{"allow":["GET"]}}],"collection":[{"href":"https:\/\/www.europesays.com\/no\/wp-json\/wp\/v2\/posts"}],"about":[{"href":"https:\/\/www.europesays.com\/no\/wp-json\/wp\/v2\/types\/post"}],"author":[{"embeddable":true,"href":"https:\/\/www.europesays.com\/no\/wp-json\/wp\/v2\/users\/2"}],"replies":[{"embeddable":true,"href":"https:\/\/www.europesays.com\/no\/wp-json\/wp\/v2\/comments?post=91318"}],"version-history":[{"count":0,"href":"https:\/\/www.europesays.com\/no\/wp-json\/wp\/v2\/posts\/91318\/revisions"}],"wp:featuredmedia":[{"embeddable":true,"href":"https:\/\/www.europesays.com\/no\/wp-json\/wp\/v2\/media\/91319"}],"wp:attachment":[{"href":"https:\/\/www.europesays.com\/no\/wp-json\/wp\/v2\/media?parent=91318"}],"wp:term":[{"taxonomy":"category","embeddable":true,"href":"https:\/\/www.europesays.com\/no\/wp-json\/wp\/v2\/categories?post=91318"},{"taxonomy":"post_tag","embeddable":true,"href":"https:\/\/www.europesays.com\/no\/wp-json\/wp\/v2\/tags?post=91318"}],"curies":[{"name":"wp","href":"https:\/\/api.w.org\/{rel}","templated":true}]}}