{"id":91336,"date":"2025-11-19T19:55:10","date_gmt":"2025-11-19T19:55:10","guid":{"rendered":"https:\/\/www.europesays.com\/no\/91336\/"},"modified":"2025-11-19T19:55:10","modified_gmt":"2025-11-19T19:55:10","slug":"kva-gjer-vi-med-gutar-og-menn-i-vart-likestilte-samfunn","status":"publish","type":"post","link":"https:\/\/www.europesays.com\/no\/91336\/","title":{"rendered":"Kva gjer vi med gutar og menn i v\u00e5rt likestilte samfunn?"},"content":{"rendered":"<p>Sj\u00f8lv har eg mange gonger ytra meg om dette emnet, og f\u00e5tt mykje pepper, men ogs\u00e5 medhald.<\/p>\n<p>Simen Velle, leiar i FrpU tok det opp i ein debatt. Han meinte at samfunnet, som det er i dag, ikkje er tilpassa gutar og unge menn. Han fekk k\u00f8yrd seg, men hadde sett fingeren p\u00e5 noko som ang\u00e5r mange. Han fekk s\u00e5 mange stemmer av unge menn ved valet, at han suste inn p\u00e5 Stortinget som fast representant.<\/p>\n<p>Vi har sett at skulen ikkje passer s\u00e5 godt for gutar. Dei er d\u00e5rlegare enn jentene i fleire fag, og det var f\u00f8rst og framst dette Simen Velle tok opp. Mange gutar er ikkje klare til \u00e5 byrje i skulen og sitje stille fr\u00e5 dei er 6 \u00e5r, eller kanskje berre 5 \u00e5r.<\/p>\n<p>Ikkje berre det. Seinare dropper dei ut av skulen, og s\u00e5 starter utanforskapen. S\u00e5 blir dei valt bort av jentene, kjenner seg mislukka, g\u00e5r ikkje ut, men vert sitjande p\u00e5 guterommet og \u00abgame\u00bb og skrive negative kommentarar p\u00e5 sosiale media.<\/p>\n<p><a href=\"https:\/\/www.fvn.no\/mening\/kommentar\/i\/LMyX7J\/mannsroller-til-aa-le-og-graate-av\" rel=\"nofollow noopener\" target=\"_blank\"> <img decoding=\"async\" src=\"data:image\/gif;base64,R0lGODlhEAAJAIAAAP\/\/\/wAAACH5BAEAAAAALAAAAAAQAAkAAAIKhI+py+0Po5yUFQA7\" alt=\"\"\/>   Manns\u00adroller til \u00e5 le og gr\u00e5te av  <\/a> <\/p>\n<p>I fortvilinga s\u00f8kjer dei damer p\u00e5 nettet, noko som gjerne ender med at dei pengene dei satsar, forsvinn til kjeltringar som driv i denne \u00abbransjen\u00bb.<\/p>\n<p>Serien \u00ab\u00d8lhunden Berit\u00bb, f\u00e5r fram denne geskjeften p\u00e5 ein interessant m\u00e5te.<\/p>\n<p>Parallelt med dette s\u00e5 f\u00e5r vi ei historie om ein mann som er fanga i sin egen heim av ei kravfull kone. Han er i \u00absin del\u00bb av svangerskapspermisjonen, og sj\u00f8lv om han elskar son sin er han deprimert og fortvila. Det blir lite sex p\u00e5 han, for slik er det diverre, at i barseltida har ikkje kvinnene s\u00e5 stor sexlyst. Dei har mykje \u00f8strogen i kroppen, noko som gjev evne til omsorg.<\/p>\n<p>Mennene er proppfulle av testosteron som gjer at dei er mykje meir avhengig av sex, og \u00abi slag\u00bb heile tida. Korleis g\u00e5r det s\u00e5 i dette tilfellet?<\/p>\n<p>Jau, han stikk ut om nettene. Leiter litt her og der, og til slutt ender han opp i ein klubb for homofile.<\/p>\n<p>Eg stoppar her, for alle b\u00f8r se denne fantastiske serien.<\/p>\n<p>S\u00e5 bruker eg dette for \u00e5 rette s\u00f8kjelys p\u00e5 likestillinga. Igjen.<\/p>\n<p>Det viser seg at for mange har den g\u00e5tt altfor langt. For den g\u00e5r inn i heimen, og langt under dyna til folk, og der har staten ikkje noko \u00e5 gjere!<\/p>\n<p>S\u00e5 den tvungne permisjonsdelen til mannen m\u00e5 bort. For min del kan mannen gjerne ta heile permisjonen, men det skal vere frivillig, ikkje bestemmast av staten.<\/p>\n<p>Vi m\u00e5 ikkje fjerne oss fr\u00e5 biologien, for vi slit enn\u00e5 med steinaldergener. Det er ikkje lurt \u00e5 undervurdere skaparverket<\/p>\n","protected":false},"excerpt":{"rendered":"Sj\u00f8lv har eg mange gonger ytra meg om dette emnet, og f\u00e5tt mykje pepper, men ogs\u00e5 medhald. Simen&hellip;\n","protected":false},"author":2,"featured_media":91337,"comment_status":"","ping_status":"","sticky":false,"template":"","format":"standard","meta":{"footnotes":""},"categories":[10],"tags":[20,21,24,25,15,22,23,539,1007,13,30,28,29,14,16,3377,1941,26,27],"class_list":{"0":"post-91336","1":"post","2":"type-post","3":"status-publish","4":"format-standard","5":"has-post-thumbnail","7":"category-norge","8":"tag-breaking-news","9":"tag-breakingnews","10":"tag-featured-news","11":"tag-featurednews","12":"tag-headlines","13":"tag-latest-news","14":"tag-latestnews","15":"tag-likestilling","16":"tag-menn","17":"tag-news","18":"tag-no","19":"tag-norge","20":"tag-norway","21":"tag-nyheter","22":"tag-overskrifter","23":"tag-samfunn","24":"tag-skule","25":"tag-top-stories","26":"tag-topstories"},"share_on_mastodon":{"url":"https:\/\/pubeurope.com\/@no\/115578124768112068","error":""},"_links":{"self":[{"href":"https:\/\/www.europesays.com\/no\/wp-json\/wp\/v2\/posts\/91336","targetHints":{"allow":["GET"]}}],"collection":[{"href":"https:\/\/www.europesays.com\/no\/wp-json\/wp\/v2\/posts"}],"about":[{"href":"https:\/\/www.europesays.com\/no\/wp-json\/wp\/v2\/types\/post"}],"author":[{"embeddable":true,"href":"https:\/\/www.europesays.com\/no\/wp-json\/wp\/v2\/users\/2"}],"replies":[{"embeddable":true,"href":"https:\/\/www.europesays.com\/no\/wp-json\/wp\/v2\/comments?post=91336"}],"version-history":[{"count":0,"href":"https:\/\/www.europesays.com\/no\/wp-json\/wp\/v2\/posts\/91336\/revisions"}],"wp:featuredmedia":[{"embeddable":true,"href":"https:\/\/www.europesays.com\/no\/wp-json\/wp\/v2\/media\/91337"}],"wp:attachment":[{"href":"https:\/\/www.europesays.com\/no\/wp-json\/wp\/v2\/media?parent=91336"}],"wp:term":[{"taxonomy":"category","embeddable":true,"href":"https:\/\/www.europesays.com\/no\/wp-json\/wp\/v2\/categories?post=91336"},{"taxonomy":"post_tag","embeddable":true,"href":"https:\/\/www.europesays.com\/no\/wp-json\/wp\/v2\/tags?post=91336"}],"curies":[{"name":"wp","href":"https:\/\/api.w.org\/{rel}","templated":true}]}}