{"id":91343,"date":"2025-11-19T20:03:16","date_gmt":"2025-11-19T20:03:16","guid":{"rendered":"https:\/\/www.europesays.com\/no\/91343\/"},"modified":"2025-11-19T20:03:16","modified_gmt":"2025-11-19T20:03:16","slug":"fornybarselskap-konkurs-norgespris-var-den-siste-og-den-mest-solide-spikeren-i-kista-mn24-no","status":"publish","type":"post","link":"https:\/\/www.europesays.com\/no\/91343\/","title":{"rendered":"Fornybarselskap konkurs: \u2013 Norgespris var den siste og den mest solide spikeren i kista &#8211; mn24.no"},"content":{"rendered":"<ol>\n<li><a href=\"https:\/\/news.google.com\/rss\/articles\/CBMiuwFBVV95cUxOZFAtY1RJaUNoTklLLUVDLVlmblk5ZjJyVThHSnJBLUhBdGJ2SlZlUnpSeS0zM1ZCbzVwUjlqMzVCR1FMdGVibzJBLWY2OTd6bjFfRUxPdjUtaUF5Wml6UVQ5UnljdXFtblpOVEczT1pZc2l4S3M4S1VBRDNveURIRllLUmVXN0VaamZQbUM5MUZKdHoyODA1dzcyVGRKOHExMmc5MEpHQ3lXbjExZ0NELVgyc1JYN1VheHFZ?oc=5\" target=\"_blank\" rel=\"nofollow noopener\">Fornybarselskap konkurs: \u2013 Norgespris var den siste og den mest solide spikeren i kista<\/a>&nbsp;&nbsp;mn24.no<\/li>\n<li><a href=\"https:\/\/news.google.com\/rss\/articles\/CBMinwFBVV95cUxOdElaeVVMdHdkNlR0WU1CU1RDMFk5b2tNNG9Sc05temVRTUpNeUJJUzYzeDBlZmFKVFg3MW9GYnJ1eVJVSjQteFNpRVMxLWVLdWtET25MVGlDbUtSR0FLS2FuOHJQYlAzSnBaX2VjbEViRFRPcGxsanpaLVpxcWpiX0l6TkVKd2VFejcxTEhIUlZFM0JQRXFzUjZZZFhxQUE?oc=5\" target=\"_blank\" rel=\"nofollow noopener\">Inder\u00f8y, N\u00e6ringsliv | Arne Ivar (61) solgte selskap f\u00f8r det gikk konkurs: \u2013 Politisk flopp<\/a>&nbsp;&nbsp;Tr\u00f8nder-Avisa<\/li>\n<li><a href=\"https:\/\/news.google.com\/rss\/articles\/CBMingFBVV95cUxQSXMwS2lJbmJ1eEFFd3ZTODdWTEtDb19KZEVUSjhNdjZzV3ExOG5LcGE2NVdjN09hMDBOVFZWV0ljY056T2NON2JUNTBoTFV5Z3RMdUlJaDVTdW9OUGRNd1dla1JKYVdkakxHVmZzNHVjYlBzYWsxOHdnWGhJMjQ4SGx4Q3FlRU1ZMTl4aDRsLUhoMjFUbFhIbW1yRDFZUQ?oc=5\" target=\"_blank\" rel=\"nofollow noopener\">Hadde lager i Kristian\u00adsand. N\u00e5 er selskapet konkurs<\/a>&nbsp;&nbsp;fvn.no<\/li>\n<li><a href=\"https:\/\/news.google.com\/rss\/articles\/CBMivgFBVV95cUxNZ3NJbnd6M294bzRPODdCOXZva0RuSVVOZWlSYnlfakFYYjhObHI2ZEhvTTRMY3JjX1dwRGFDQjlWODFRY0JXOFcza3FUQlJwNWZ4YVN5bkhVc012M1dNOHdlVG5sNlloQmpsVjNwYUVxQU5xNGZqMnM3dHBGRDc3eTBidkxzR1VWQjNreWNvaHJPd2xMZXhGM2RZR2RwRzFQR0dqeDk1aHU3QUpMUnhvNHkyMkdrUUxyd2FiQ2VR?oc=5\" target=\"_blank\" rel=\"nofollow noopener\">NTE-eid selskap konkurs: \u2013 Den mest solide spikeren i kista<\/a>&nbsp;&nbsp;steinkjer24.no<\/li>\n<li><a href=\"https:\/\/news.google.com\/rss\/articles\/CBMiqwFBVV95cUxPdTN3SVhJNEpIMVhCSkw2OGJnd0hNc0I0UGI2Y1R4X09wWnQ1QzB4b3Ewa0hmbjRfQi1pajRxLUJnclB0M2xqWXBRYVRJQUVGX3YxS1dWZFNIWHJ3cTAtNVJiZFJTUndlYVZQMXFaV09SYnNqZW5ucGJNWE5iWFRyVndMTHR6VF9XWEdGMXh3ZUtRTXlFaHdaVnJnYk9RaDQzSEZ6Mi1LdDZOUEU?oc=5\" target=\"_blank\" rel=\"nofollow noopener\">Solcelleselskap konkurs: \u2013 Norgespris var spikeren i kista<\/a>&nbsp;&nbsp;MSN<\/li>\n<\/ol>\n","protected":false},"excerpt":{"rendered":"Fornybarselskap konkurs: \u2013 Norgespris var den siste og den mest solide spikeren i kista&nbsp;&nbsp;mn24.no Inder\u00f8y, N\u00e6ringsliv | Arne&hellip;\n","protected":false},"author":2,"featured_media":91344,"comment_status":"","ping_status":"","sticky":false,"template":"","format":"standard","meta":{"footnotes":""},"categories":[5],"tags":[20,21,6746,24,25,15,19,11951,1484,331,22,23,17,18,11396,13,30,28,3333,29,14,16,11950,386,3021,243,26,27,596],"class_list":{"0":"post-91343","1":"post","2":"type-post","3":"status-publish","4":"format-standard","5":"has-post-thumbnail","7":"category-overskrifter","8":"tag-breaking-news","9":"tag-breakingnews","10":"tag-det-gronne-skiftet","11":"tag-featured-news","12":"tag-featurednews","13":"tag-headlines","14":"tag-hovedoppslag","15":"tag-indre-fosen","16":"tag-konkurs","17":"tag-kristiansand","18":"tag-latest-news","19":"tag-latestnews","20":"tag-main-news","21":"tag-mainnews","22":"tag-marked","23":"tag-news","24":"tag-no","25":"tag-norge","26":"tag-norgespris","27":"tag-norway","28":"tag-nyheter","29":"tag-overskrifter","30":"tag-rissa","31":"tag-sol","32":"tag-solenergi","33":"tag-strom","34":"tag-top-stories","35":"tag-topstories","36":"tag-trondheim"},"share_on_mastodon":{"url":"https:\/\/pubeurope.com\/@no\/115578156018496852","error":""},"_links":{"self":[{"href":"https:\/\/www.europesays.com\/no\/wp-json\/wp\/v2\/posts\/91343","targetHints":{"allow":["GET"]}}],"collection":[{"href":"https:\/\/www.europesays.com\/no\/wp-json\/wp\/v2\/posts"}],"about":[{"href":"https:\/\/www.europesays.com\/no\/wp-json\/wp\/v2\/types\/post"}],"author":[{"embeddable":true,"href":"https:\/\/www.europesays.com\/no\/wp-json\/wp\/v2\/users\/2"}],"replies":[{"embeddable":true,"href":"https:\/\/www.europesays.com\/no\/wp-json\/wp\/v2\/comments?post=91343"}],"version-history":[{"count":0,"href":"https:\/\/www.europesays.com\/no\/wp-json\/wp\/v2\/posts\/91343\/revisions"}],"wp:featuredmedia":[{"embeddable":true,"href":"https:\/\/www.europesays.com\/no\/wp-json\/wp\/v2\/media\/91344"}],"wp:attachment":[{"href":"https:\/\/www.europesays.com\/no\/wp-json\/wp\/v2\/media?parent=91343"}],"wp:term":[{"taxonomy":"category","embeddable":true,"href":"https:\/\/www.europesays.com\/no\/wp-json\/wp\/v2\/categories?post=91343"},{"taxonomy":"post_tag","embeddable":true,"href":"https:\/\/www.europesays.com\/no\/wp-json\/wp\/v2\/tags?post=91343"}],"curies":[{"name":"wp","href":"https:\/\/api.w.org\/{rel}","templated":true}]}}