{"id":91347,"date":"2025-11-19T20:12:21","date_gmt":"2025-11-19T20:12:21","guid":{"rendered":"https:\/\/www.europesays.com\/no\/91347\/"},"modified":"2025-11-19T20:12:21","modified_gmt":"2025-11-19T20:12:21","slug":"nyhende-naeringsliv-grunderne-har-flere-store-oppdrag-star-foran-sitt-storste-prosjekt-sa-langt","status":"publish","type":"post","link":"https:\/\/www.europesays.com\/no\/91347\/","title":{"rendered":"Nyhende, N\u00e6ringsliv | Gr\u00fcnderne har flere store oppdrag \u2013 st\u00e5r foran sitt st\u00f8rste prosjekt s\u00e5 langt"},"content":{"rendered":"\n<p>\u2013 Vi pr\u00f8ver \u00e5 skape ting som er litt utenfor boksen og \u00f8nsker \u00e5 fortsette \u00e5 lage litt spetakkel i Ullensvang, sier daglig leder i Br\u00e5kmakar AS, Kim Christer Hylland.<\/p>\n<p><b>Selskapet, som startet som en kreativ hobbyplattform, har vokst til \u00e5 bli en sentral kulturakt\u00f8r i regionen. F\u00f8r \u00e5ret er omme skal \u00abbr\u00e5kmakerne\u00bb st\u00e5 for tre store og ulike produksjoner. Alle i Lindehuset. Odda banker jula inn, Thomas Dybdahl-konsert og Club: Linde.<\/b><\/p>\n<p>Bak <a href=\"https:\/\/www.brakmaker.no\/\" rel=\"Follow nofollow noopener\" target=\"_blank\">Br\u00e5kmakar AS <\/a>st\u00e5r ogs\u00e5 samboeren Camilla Selje Oksnes og broren Kristoffer Hylland Skogheim. Trioen har i tillegg til konserter ogs\u00e5 opparbeidet seg en omfattende portef\u00f8lje av videoproduksjoner for ulike oppdragsgivere. De leverer ogs\u00e5 teknikk og produksjon for Frode Grytten sitt juleshow og jobber tett med musikalene til Oddakonsertene.<\/p>\n<p>\u2013 Br\u00e5kmakar AS var en plattform vi laget fordi den kreative sjelen Kim Christer skulle f\u00e5 litt utl\u00f8p for alle ideene sine. Min rolle er \u00e5 holde rundt det administrative, v\u00e6re en sparringpartner og av til \u00abf\u00e5 han litt ned p\u00e5 jorda\u00bb igjen, smiler Camilla.<\/p>\n<p>   <img decoding=\"async\" width=\"6000\" height=\"4000\" fetchpriority=\"low\"  loading=\"lazy\"  src=\"https:\/\/www.europesays.com\/no\/wp-content\/uploads\/2025\/11\/0C5A4111.JPG\" alt=\"Kim Christer Hylland og Camilla Selje Oksnes i Br\u00e5kmakar AS\" class=\"brick-c-cFOWSL\" style=\"--brick-image-ratio: 6000 \/ 4000;\"\/><\/p>\n<p>      PARTNERE: Kim Christer Hylland og Camilla Selje Oksnes driver Br\u00e5kmakar AS sammen med Kristoffer Hylland.<br \/>\n      Foto: Eivind Dahle Sj\u00e5stad\n    <\/p>\n<p>Henter Dybdahl til Odda<\/p>\n<p>\u00c5rets h\u00f8ydepunkt for de tre gr\u00fcnderne blir trolig konserten med musiker Thomas Dybdahl, som tidligere i \u00e5r ogs\u00e5 fikk vise frem en ny side av seg selv under TV2-sendte Hver gang vi m\u00f8tes.<\/p>\n<p><b>\u2013 Dybdahl er en av mine favorittartister \u2013 en fantastisk l\u00e5tskriver, gitarist og sanger. Jeg har hatt lyst til \u00e5 f\u00e5 ham til Odda lenge, og n\u00e5 klaffet det endelig, sier Hylland.<\/b><\/p>\n<p>   <img decoding=\"async\" width=\"7522\" height=\"5015\" fetchpriority=\"low\"  loading=\"lazy\"  src=\"https:\/\/www.europesays.com\/no\/wp-content\/uploads\/2025\/11\/NTB_kJxBi2pGu3o.jpg\" alt=\"Oslo 20241216. &#10;Thomas Dybdahl portrettert under pressem\u00f8tet med \u00e5rets artister av TV 2-programmet i \u00abHver gang vi m\u00f8tes\u00bb.&#10;Foto: Heiko Junge \/ NTB\" class=\"brick-c-cFOWSL\" style=\"--brick-image-ratio: 7522 \/ 5015;\"\/><\/p>\n<p>      TIL ODDA: Thomas Dybdahl, her portrettert under pressem\u00f8tet med artistene av TV 2-programmet i \u00abHver gang vi m\u00f8tes\u00bb, kommer til Odda f\u00f8r jul.<br \/>\n      Foto: Heiko Junge\/NTB\n    <\/p>\n<p>Konserten finner sted i Lindehuset, en arena Br\u00e5kmakar AS har gjort til sin faste kulturscene. Dybdahl kommer sammen med Vegard Lian Bjerkan p\u00e5 piano til det som blir en klassisk \u00absittekonsert\u00bb.<\/p>\n<p><b>\u2013 Dette er ogs\u00e5 et fors\u00f8k p\u00e5 \u00e5 se hvordan publikum responderer p\u00e5 denne typen artister og om det er grunnlag for \u00e5 hente flere store navn til enkeltarrangement, forklarer Hylland.<\/b><\/p>\n<p>F\u00f8r h\u00f8ytiden ringes inn, skal ogs\u00e5 Odda banke jula inn. Konseptet har blitt arrangert i flere \u00e5r og har ogs\u00e5 p\u00e5ske \u2013 og sommerversjoner.<\/p>\n<p>\u2013 Det er et lekent og hemmelig samlingspunkt for lokale musikere. Ingen vet helt hvem som dukker opp eller hva som skjer, men alle vet at de ikke angrer p\u00e5 \u00e5 g\u00e5. Det blir moro, lekenhet og musikk i f\u00f8rersetet, lover Hylland.<\/p>\n<p>   <img decoding=\"async\" width=\"1600\" height=\"1067\" fetchpriority=\"low\"  loading=\"lazy\"  src=\"https:\/\/www.europesays.com\/no\/wp-content\/uploads\/2025\/11\/ep92bC0w.jpeg\" alt=\"\" class=\"brick-c-cFOWSL\" style=\"--brick-image-ratio: 1600 \/ 1067;\"\/><\/p>\n<p>      SKAL BANKES INN: \u00abBanker inn\u00bb-konseptet skal p\u00e5 ny avholdes i Lindehuset f\u00f8r jul. Slik s\u00e5 det ut da Odda banket sommeren inn under Sus &amp; Dus-festivalen i sommer.<br \/>\n      Foto: Jarle Hovda Moe\n    <\/p>\n<p>   <img decoding=\"async\" width=\"1284\" height=\"642\" fetchpriority=\"low\"  loading=\"lazy\"  src=\"https:\/\/www.europesays.com\/no\/wp-content\/uploads\/2025\/11\/IMG_9594.JPG\" alt=\"\" class=\"brick-c-cFOWSL\" style=\"--brick-image-ratio: 1284 \/ 642;\"\/><\/p>\n<p>      FYR OG FLAMME: Odda banker inn-konseptene er ofte fylt av ulike overraskelser.<br \/>\n      Foto: Jarle Hovda Moe\n    <\/p>\n<p>Club: Linde er et klubbkonsept av Noah Mikkelsen.<\/p>\n<p>\u2013 Sammen med han skal vi legge til litt spetakkel fra Br\u00e5kmakar og gj\u00f8re Lindehuset om til et industrielt \u00abBoiler Room\u00bb. Det g\u00e5r noen dager i rigging for \u00e5 f\u00e5 til alle disse arrangementet, men det er verdt det, sier Hylland.<\/p>\n<p>\u2013 Konsertscene som skiller seg ut<\/p>\n<p>Lindehuset, den tidligere nitrogenfabrikken til Odda smelteverk, har med tiden blitt en viktig arena for Br\u00e5kmakar AS. Hylland legger ikke skjul p\u00e5 entusiasmen sin for lokalene som har sju meters takh\u00f8yde.<\/p>\n<p>\u2013 Jeg har spilt p\u00e5 mange scener rundt i Norge, men Lindehuset skiller seg ut. Det b\u00f8r bli en enda mer aktiv kulturscene, mener han.<\/p>\n<p>   <img decoding=\"async\" width=\"6000\" height=\"4000\" fetchpriority=\"low\"  loading=\"lazy\"  src=\"https:\/\/www.europesays.com\/no\/wp-content\/uploads\/2025\/11\/0C5A3949.JPG\" alt=\"Kim Christer Hylland og Camilla Selje Oksnes i Br\u00e5kmakar AS, Lindehuset\" class=\"brick-c-cFOWSL\" style=\"--brick-image-ratio: 6000 \/ 4000;\"\/><\/p>\n<p>      KONSERTARENA: LIndehuset har blitt brukt som konsertarena flere ganger tidligere i \u00e5r. F\u00f8r jul skal tre nye arrangementer g\u00e5r av stabelen her.<br \/>\n      Foto: Eivind Dahle Sj\u00e5stad\n    <\/p>\n<p>Hvert arrangement krever betydelig innsats i rigging og tilrettelegging: varme, toaletter, scene og utstyr \u2013 alt bygges fra bunnen av.<\/p>\n<p>\u2013 Vi bygger en arena fra ingenting hver gang. Det er mye jobb, men atmosf\u00e6ren er helt unik, sier Hylland og f\u00e5r st\u00f8tte fra samboeren:<\/p>\n<p>\u2013 Det er en fantastisk stemning. Det er veldig kjekt og vi er stolte av \u00e5 kunne ha arrangementet p\u00e5 et sted som dette. Men det er mye jobb. Stedet er som et skall og alt m\u00e5 b\u00e6res inn p\u00e5 nytt. Hver gang, forteller Camilla Selje Oksnes.<\/p>\n<p>\u2013 F\u00e5r dere noen effekter med tanke p\u00e5 rigging denne gangen av tre tette arrangement?<\/p>\n<p>\u2013 Litt, men det er tre ulike konsepter. Blant annet m\u00e5 scenen flyttes fra gang til gang, sier Hylland.<\/p>\n<p>Lindehuset ble ogs\u00e5 brukt under en Pink Floyd-tributekonsert nylig der nesten 300 publikummere samlet seg.<\/p>\n<p>   <img decoding=\"async\" width=\"6000\" height=\"4000\" fetchpriority=\"low\"  loading=\"lazy\"  src=\"https:\/\/www.europesays.com\/no\/wp-content\/uploads\/2025\/11\/0C5A4057.JPG\" alt=\"Kim Christer Hylland og Camilla Selje Oksnes i Br\u00e5kmakar AS\" class=\"brick-c-cFOWSL\" style=\"--brick-image-ratio: 6000 \/ 4000;\"\/><\/p>\n<p>      BR\u00c5KMAKERE: Kim Christer Hylland og Camilla Selje Oksnes liker \u00e5 skape liv og spetakkel.<br \/>\n      Foto: Eivind Dahle Sj\u00e5stad\n    <\/p>\n<p>  Produserer for festivaler<\/p>\n<p>Kim Christer Hylland r\u00f8per ogs\u00e5 at det jobbes med en ny storsatsing kalt Sirkus Odda, et konsept som han beskriver som \u00abstorebroren til Odda banker jula inn\u00bb.<\/p>\n<p><b>Planen er at arrangementet skal vises frem h\u00f8sten neste \u00e5r, ogs\u00e5 dette i Lindehuset. <\/b><\/p>\n<p>\u2013 Navnet Br\u00e5kmakar spiller p\u00e5 den rebelske og kreative skaperen. Det startet som en hobbyplattform utenfor v\u00e5re daglige jobber, for kreative utl\u00f8p og for \u00e5 kunne sette en boks og merkevare rundt det vi driver med og er gode p\u00e5. Det har vokst naturlig og formet seg til et event-, media- og spetakkel-selskap over tid, forteller Hylland.<\/p>\n<p>Selskapet har blant annet v\u00e6rt med Lothepus og moren p\u00e5 tur til Alaska, laget videoer for Boliden Odda, Sus &amp; Dus og Siderfesten, i tillegg til \u00e5 levere teknikk for Frode Grytten og jobbe med musikaler for Oddakonsertene. De har ogs\u00e5 bidratt p\u00e5 Korlevoll-konsertene til Seljestad og R\u00f8ldal l\u00f8ypeselskap der de har st\u00e5tt for servering og bar under konsertene med Vamp og Odd Nordstoga.<\/p>\n<p>\u2013 Vi jobber mye med detaljene og setter sjelden begrensninger eller regler. Det vi ikke kan, det kan vi l\u00e6re oss. Utvikling og nerve gir godt blikk og fokus og resulterer i ting utenfor boksen \u2013 noe folk legger merke til og husker. Vi h\u00e5per folk synes det er spennende og at vi fortsatt f\u00e5r til flere arrangement fremover. M\u00e5let er hvert fall at n\u00e5r du g\u00e5r p\u00e5 et Br\u00e5kmakar-arrangement, ser, eller kj\u00f8per en Br\u00e5kmakar-produksjon s\u00e5 vet du at du f\u00e5r det lille ekstra. Vi gleder oss veldig, avslutter Hylland.<\/p>\n<p>   <img decoding=\"async\" width=\"6000\" height=\"4000\" fetchpriority=\"low\"  loading=\"lazy\"  src=\"https:\/\/www.europesays.com\/no\/wp-content\/uploads\/2025\/11\/0C5A4097.JPG\" alt=\"Kim Christer Hylland og Camilla Selje Oksnes i Br\u00e5kmakar AS\" class=\"brick-c-cFOWSL\" style=\"--brick-image-ratio: 6000 \/ 4000;\"\/><\/p>\n<p>      PARTNERE: Kim Christer Hylland og Camilla Selje Oksnes driver Br\u00e5kmakar AS sammen med Kristoffer Hylland.<br \/>\n      Foto: Eivind Dahle Sj\u00e5stad\n    <\/p>\n","protected":false},"excerpt":{"rendered":"\u2013 Vi pr\u00f8ver \u00e5 skape ting som er litt utenfor boksen og \u00f8nsker \u00e5 fortsette \u00e5 lage litt&hellip;\n","protected":false},"author":2,"featured_media":91348,"comment_status":"","ping_status":"","sticky":false,"template":"","format":"standard","meta":{"footnotes":""},"categories":[58],"tags":[36,71,410,62,30,28,29,4966,1510,72],"class_list":{"0":"post-91347","1":"post","2":"type-post","3":"status-publish","4":"format-standard","5":"has-post-thumbnail","7":"category-underholdning","8":"tag-art","9":"tag-entertainment","10":"tag-kultur","11":"tag-naeringsliv","12":"tag-no","13":"tag-norge","14":"tag-norway","15":"tag-nyhende","16":"tag-story","17":"tag-underholdning"},"share_on_mastodon":{"url":"https:\/\/pubeurope.com\/@no\/115578191669529287","error":""},"_links":{"self":[{"href":"https:\/\/www.europesays.com\/no\/wp-json\/wp\/v2\/posts\/91347","targetHints":{"allow":["GET"]}}],"collection":[{"href":"https:\/\/www.europesays.com\/no\/wp-json\/wp\/v2\/posts"}],"about":[{"href":"https:\/\/www.europesays.com\/no\/wp-json\/wp\/v2\/types\/post"}],"author":[{"embeddable":true,"href":"https:\/\/www.europesays.com\/no\/wp-json\/wp\/v2\/users\/2"}],"replies":[{"embeddable":true,"href":"https:\/\/www.europesays.com\/no\/wp-json\/wp\/v2\/comments?post=91347"}],"version-history":[{"count":0,"href":"https:\/\/www.europesays.com\/no\/wp-json\/wp\/v2\/posts\/91347\/revisions"}],"wp:featuredmedia":[{"embeddable":true,"href":"https:\/\/www.europesays.com\/no\/wp-json\/wp\/v2\/media\/91348"}],"wp:attachment":[{"href":"https:\/\/www.europesays.com\/no\/wp-json\/wp\/v2\/media?parent=91347"}],"wp:term":[{"taxonomy":"category","embeddable":true,"href":"https:\/\/www.europesays.com\/no\/wp-json\/wp\/v2\/categories?post=91347"},{"taxonomy":"post_tag","embeddable":true,"href":"https:\/\/www.europesays.com\/no\/wp-json\/wp\/v2\/tags?post=91347"}],"curies":[{"name":"wp","href":"https:\/\/api.w.org\/{rel}","templated":true}]}}