{"id":91356,"date":"2025-11-19T20:23:10","date_gmt":"2025-11-19T20:23:10","guid":{"rendered":"https:\/\/www.europesays.com\/no\/91356\/"},"modified":"2025-11-19T20:23:10","modified_gmt":"2025-11-19T20:23:10","slug":"politiet-trafikkuhell-ulykke-etter-ulykke-ma-rykke-ut-flere-steder-samtidig","status":"publish","type":"post","link":"https:\/\/www.europesays.com\/no\/91356\/","title":{"rendered":"Politiet, Trafikkuhell | Ulykke etter ulykke. M\u00e5 rykke ut flere steder samtidig"},"content":{"rendered":"\n<p><b>Klokka 17:21 melder politiet:<\/b><\/p>\n<p>\u2013 N\u00f8detatene p\u00e5 vei til Alunsj\u00f8veien p\u00e5 Ammerud. En person skal v\u00e6re fastklemt under en minigraver, opplyser operasjonsleder \u00d8yvind Hammervold i politiet.<\/p>\n<p>Sj\u00e5f\u00f8ren er alvorlig skadd. <a href=\"https:\/\/www.ao.no\/person-skal-vare-fastklemt-under-en-minigraver\/s\/5-128-1196653\" rel=\"Follow nofollow noopener\" target=\"_blank\">Ler mer her.<\/a><\/p>\n<p>  <a href=\"https:\/\/www.ao.no\/5-128-1196653\" class=\"related-teaser has-image default-story-teaser article--c-eRUmMG article--c-eRUmMG-jKCPdD-design-default\" rel=\"nofollow noopener\" target=\"_blank\"><\/p>\n<p>    <img decoding=\"async\" loading=\"lazy\"  src=\"https:\/\/www.europesays.com\/no\/wp-content\/uploads\/2025\/11\/photo+-+2025-11-19T174945.820.jpg\" alt=\"\" class=\"brick-c-cFOWSL\" style=\"\"\/><\/p>\n<p>\n            Les ogs\u00e5<\/p>\n<p>              Naboer skal ha h\u00f8rt mannens skrik. Var fastklemt og alvorlig skadet\n        <\/p>\n<p>  <\/a><\/p>\n<p><b>Klokka 17:43 rykker politi og ambulanse til Karlstadgata p\u00e5 Rodel\u00f8kka.<\/b><\/p>\n<p>\u2013 Det har v\u00e6rt et sammenst\u00f8t mellom bil og elsparkesykkel. Fremst\u00e5r ikke alvorlig skadd, men tilsees av helsepersonell. Per n\u00e5 er det ukjent hendelsesforl\u00f8p.<\/p>\n<p>Bilf\u00f8rer anmeldes for brudd p\u00e5 vikeplikt. Elsparkesyklisten er ikke vurdert til \u00e5 v\u00e6re skadd utover et skrubbs\u00e5r.<\/p>\n<p><b>Bare tre minutter senere, klokka 17:46 kommer det varsel om enda en smell i trafikken.<\/b><\/p>\n<p>\u2013 Politi og ambulanse er i Waldemar Thranes gate hvor det har v\u00e6rt et sammenst\u00f8t mellom fotgjenger og en personbil. Fotgjenger fremst\u00e5r ikke alvorlig skadd.<\/p>\n<p>Fotgjengeren er tatt med til legevakt for sjekk.<\/p>\n<p>Fotgjengeren er en kvinne i 20-\u00e5rene. Politiet besluttet \u00e5 p\u00e5gripe f\u00f8reren av bilen. Han var av utenlandsk opprinnelse, s\u00e5 p\u00e5gripelsen skjedde for \u00e5 sikre at de f\u00e5r avh\u00f8r av mannen.<\/p>\n<p><b>Klokka 17:48, meldes det om en ny kollisjon i Brynstunnelen p\u00e5 E6.<\/b><\/p>\n<p>\u2013 Det har v\u00e6rt sammenst\u00f8t mellom to kj\u00f8ret\u00f8y. Snakk om p\u00e5kj\u00f8rsel bakfra. Innledningsvis ingen tegn p\u00e5 alvorlig personskade. H\u00f8yre felt er per n\u00e5 stengt, melder operasjonsleder Hammervold.<\/p>\n<p>Begge bilene var kj\u00f8rbare etter kollisjonen og har kj\u00f8rt videre fra stedet for utfylling av skademelding.<\/p>\n<p>Klokken 18.39 melder operasjonslederen at den ene f\u00f8reren erkjenner \u00e5 ha sovnet. F\u00f8rerkortet ble tatt i be<\/p>\n<p><b>Klokken 18:24 kom det melding om at en bil har kj\u00f8rt inn i en husvegg. Les mer her:<\/b><\/p>\n<p>  <a href=\"https:\/\/www.ao.no\/5-128-1196693\" class=\"related-teaser has-image default-story-teaser article--c-eRUmMG article--c-eRUmMG-jKCPdD-design-default\" rel=\"nofollow noopener\" target=\"_blank\"><\/p>\n<p>    <img decoding=\"async\" loading=\"lazy\"  src=\"https:\/\/www.europesays.com\/no\/wp-content\/uploads\/2025\/11\/last+ned+(21)_1.png\" alt=\"\" class=\"brick-c-cFOWSL\" style=\"\"\/><\/p>\n<p>\n            Les ogs\u00e5<\/p>\n<p>              Bil kj\u00f8rte inn i husvegg\n        <\/p>\n<p>  <\/a><\/p>\n<p>Saken oppdateres.<\/p>\n","protected":false},"excerpt":{"rendered":"Klokka 17:21 melder politiet: \u2013 N\u00f8detatene p\u00e5 vei til Alunsj\u00f8veien p\u00e5 Ammerud. En person skal v\u00e6re fastklemt under&hellip;\n","protected":false},"author":2,"featured_media":4903,"comment_status":"","ping_status":"","sticky":false,"template":"","format":"standard","meta":{"footnotes":""},"categories":[10],"tags":[36,20,21,24,25,15,22,23,13,30,28,29,14,16,468,1510,26,27,2889,1204],"class_list":{"0":"post-91356","1":"post","2":"type-post","3":"status-publish","4":"format-standard","5":"has-post-thumbnail","7":"category-norge","8":"tag-art","9":"tag-breaking-news","10":"tag-breakingnews","11":"tag-featured-news","12":"tag-featurednews","13":"tag-headlines","14":"tag-latest-news","15":"tag-latestnews","16":"tag-news","17":"tag-no","18":"tag-norge","19":"tag-norway","20":"tag-nyheter","21":"tag-overskrifter","22":"tag-politiet","23":"tag-story","24":"tag-top-stories","25":"tag-topstories","26":"tag-trafikkuhell","27":"tag-ulykker"},"share_on_mastodon":{"url":"https:\/\/pubeurope.com\/@no\/115578234811407088","error":""},"_links":{"self":[{"href":"https:\/\/www.europesays.com\/no\/wp-json\/wp\/v2\/posts\/91356","targetHints":{"allow":["GET"]}}],"collection":[{"href":"https:\/\/www.europesays.com\/no\/wp-json\/wp\/v2\/posts"}],"about":[{"href":"https:\/\/www.europesays.com\/no\/wp-json\/wp\/v2\/types\/post"}],"author":[{"embeddable":true,"href":"https:\/\/www.europesays.com\/no\/wp-json\/wp\/v2\/users\/2"}],"replies":[{"embeddable":true,"href":"https:\/\/www.europesays.com\/no\/wp-json\/wp\/v2\/comments?post=91356"}],"version-history":[{"count":0,"href":"https:\/\/www.europesays.com\/no\/wp-json\/wp\/v2\/posts\/91356\/revisions"}],"wp:featuredmedia":[{"embeddable":true,"href":"https:\/\/www.europesays.com\/no\/wp-json\/wp\/v2\/media\/4903"}],"wp:attachment":[{"href":"https:\/\/www.europesays.com\/no\/wp-json\/wp\/v2\/media?parent=91356"}],"wp:term":[{"taxonomy":"category","embeddable":true,"href":"https:\/\/www.europesays.com\/no\/wp-json\/wp\/v2\/categories?post=91356"},{"taxonomy":"post_tag","embeddable":true,"href":"https:\/\/www.europesays.com\/no\/wp-json\/wp\/v2\/tags?post=91356"}],"curies":[{"name":"wp","href":"https:\/\/api.w.org\/{rel}","templated":true}]}}