{"id":91357,"date":"2025-11-19T20:29:10","date_gmt":"2025-11-19T20:29:10","guid":{"rendered":"https:\/\/www.europesays.com\/no\/91357\/"},"modified":"2025-11-19T20:29:10","modified_gmt":"2025-11-19T20:29:10","slug":"mange-drept-i-ny-israelsk-angrepsbolge-i-gaza","status":"publish","type":"post","link":"https:\/\/www.europesays.com\/no\/91357\/","title":{"rendered":"Mange drept i ny israelsk angrepsb\u00f8lge i Gaza"},"content":{"rendered":"\n<p class=\"_lead_o9xde_2 _lead_xtcu6_50 layout-component text-serif-m layout-normal text-serif-l layout-component layout-wide layout-padded _wide_17hqh_1 layout-padded\">Minst 25 mennesker ble if\u00f8lge palestinsk helsepersonell drept og 77 s\u00e5ret i nye israelske angrep p\u00e5 Gazastripen onsdag, til tross for v\u00e5penhvilen. <\/p>\n<p><img alt=\"N\u00e6rmere 300 mennesker er if\u00f8lge palestinske helsemyndigheter drept i israelske angrep p\u00e5 Gazastripen siden v\u00e5penhvilen tr\u00e5dte i kraft 10. oktober. Ti \u00e5r gamle Shabaan Eid ble drept i et angrep mot flyktningleiren Bureij 29. oktober.  Foto: Abdel Kareem Hana \/ AP \/ NTB\" class=\"_image_qp4xg_65 layout-component layout-wide\" data-fullscreen- data-track-element-type=\"Article image fullscreen\" data-track-name=\"ImageFullscreen\" fetchpriority=\"high\" decoding=\"sync\" loading=\"eager\" height=\"5760\" itemprop=\"image\"  src=\"https:\/\/www.europesays.com\/no\/wp-content\/uploads\/2025\/11\/328fce19-5d6d-4fdc-82dd-17a6ebbb6c6c\"  style=\"object-position:0% 0%\" width=\"8640\"\/>N\u00e6rmere 300 mennesker er if\u00f8lge palestinske helsemyndigheter drept i israelske angrep p\u00e5 Gazastripen siden v\u00e5penhvilen tr\u00e5dte i kraft 10. oktober. Ti \u00e5r gamle Shabaan Eid ble drept i et angrep mot flyktningleiren Bureij 29. oktober.  Foto: Abdel Kareem Hana \/ AP \/ NTB<\/p>\n<ul aria-hidden=\"true\" class=\"_images_18f0k_111\">\n<li><a class=\"_link_18f0k_116\" href=\"https:\/\/www.vg.no\/forfatter\/ntb\" style=\"z-index:1\" title=\"NTB\" rel=\"nofollow noopener\" target=\"_blank\"><img alt=\"Bilde av NTB\" class=\"_image_18f0k_93\" fetchpriority=\"low\" loading=\"lazy\" decoding=\"async\" itemprop=\"image\"  src=\"https:\/\/www.europesays.com\/no\/wp-content\/uploads\/2025\/11\/1763584150_937_c33980b0-5d07-4027-84a1-813f90a7c8d6\"  width=\"480\"\/><\/a><\/li>\n<\/ul>\n<p> Oppdatert onsdag 19. november kl. 20:17    <\/p>\n<ul class=\"_list_o9xde_3 _list_64s2r_85 _unordered_o9xde_106 text-sans-m\">\n<li class=\"_item_o9xde_30\">Minst 25 mennesker ble drept og 77 s\u00e5ret i israelske angrep p\u00e5 Gazastripen onsdag.<\/li>\n<li class=\"_item_o9xde_30\">Tolv ble drept i to angrep mot Gaza by, ti av dem i Zeitoun-omr\u00e5det.<\/li>\n<li class=\"_item_o9xde_30\">H\u00e6ren sier de svarte p\u00e5 brudd p\u00e5 v\u00e5penhvilen ved \u00e5 angripe \u00abterroristm\u00e5l\u00bb.<\/li>\n<li class=\"_item_o9xde_30\">Helsepersonell og \u00f8yenvitner avviser p\u00e5standen.<\/li>\n<\/ul>\n<p>Vis mer <\/p>\n<p class=\"_paragraph_o9xde_4 _paragraph_xtcu6_10 layout-component text-serif-m layout-normal text-serif-m layout-padded\">Tolv mennesker skal ha blitt drept i to angrep mot <a href=\"https:\/\/www.vg.no\/tag\/gaza?utm_source=vg-article&amp;utm_medium=auto-tagger&amp;utm_campaign=2pn3ya\" class=\"_link_o9xde_39\" rel=\"nofollow noopener\" target=\"_blank\">Gaza<\/a> by, ti av dem i Zeitoun-omr\u00e5det og to i forstaden Shejaia.<\/p>\n<p class=\"_paragraph_o9xde_4 _paragraph_xtcu6_10 layout-component text-serif-m layout-normal text-serif-m layout-padded\">13 andre palestinere ble if\u00f8lge helsepersonell drept i to angrep i Khan Younis-omr\u00e5det s\u00f8r p\u00e5 Gazastripen. <\/p>\n<p class=\"_paragraph_o9xde_4 _paragraph_xtcu6_10 layout-component text-serif-m layout-normal text-serif-m layout-padded\">Flere av angrepene var if\u00f8lge \u00f8yenvitner rettet mot bygninger som huset internt fordrevne. <\/p>\n<p>\u2013 Terroristm\u00e5l<\/p>\n<p class=\"_paragraph_o9xde_4 _paragraph_xtcu6_10 layout-component text-serif-m layout-normal text-serif-m layout-padded\"> Den israelske h\u00e6ren <a href=\"https:\/\/x.com\/IDF?ref_src=twsrc%5Egoogle%7Ctwcamp%5Eserp%7Ctwgr%5Eauthor\" class=\"_link_o9xde_39\" rel=\"nofollow\">bekrefter p\u00e5 X<\/a> at det ble gjennomf\u00f8rt flere angrep i Gaza onsdag.<\/p>\n<p class=\"_paragraph_o9xde_4 _paragraph_xtcu6_10 layout-component text-serif-m layout-normal text-serif-m layout-padded\">\u2013 Flere terrorister \u00e5pnet ild mot IDF-soldater som opererte i Khan Younis. Dette var et brudd p\u00e5 v\u00e5penhvilen. Som svar har IDF begynt \u00e5 angripe terroristm\u00e5l over hele Gazastripen, heter det.<\/p>\n<p class=\"_paragraph_o9xde_4 _paragraph_xtcu6_10 layout-component text-serif-m layout-normal text-serif-m layout-padded\">If\u00f8lge h\u00e6ren fors\u00f8kte militante palestinere ogs\u00e5 \u00e5 krysse den s\u00e5kalt gule linjen og ta seg inn p\u00e5 den delen av Gaza som okkuperes av israelske styrker.<\/p>\n<p>Blir avvist<\/p>\n<p class=\"_paragraph_o9xde_4 _paragraph_xtcu6_10 layout-component text-serif-m layout-normal text-serif-m layout-padded\">Dette blir avvist av helsepersonell, \u00f8yenvitner og palestinske medier, som fastholder at angrepene fant sted langt unna den gule linjen. <\/p>\n<p class=\"_paragraph_o9xde_4 _paragraph_xtcu6_10 layout-component text-serif-m layout-normal text-serif-m layout-padded\"><strong class=\"_strong_o9xde_25\">Israel har gjennomf\u00f8rt en rekke angrep p\u00e5 Gazastripen siden v\u00e5penhvilen med Hamas tr\u00e5dte i kraft 10. oktober.<\/strong><\/p>\n<p class=\"_paragraph_o9xde_4 _paragraph_xtcu6_10 layout-component text-serif-m layout-normal text-serif-m layout-padded\">N\u00e6rmere 300 mennesker er if\u00f8lge palestinske helsemyndigheter drept og flere hundre er s\u00e5ret i disse angrepene. <\/p>\n","protected":false},"excerpt":{"rendered":"Minst 25 mennesker ble if\u00f8lge palestinsk helsepersonell drept og 77 s\u00e5ret i nye israelske angrep p\u00e5 Gazastripen onsdag,&hellip;\n","protected":false},"author":2,"featured_media":91358,"comment_status":"","ping_status":"","sticky":false,"template":"","format":"standard","meta":{"footnotes":""},"categories":[12],"tags":[20,21,24,25,53,566,15,52,22,23,13,30,28,29,14,16,26,27,42,43,44,45],"class_list":{"0":"post-91357","1":"post","2":"type-post","3":"status-publish","4":"format-standard","5":"has-post-thumbnail","7":"category-verden","8":"tag-breaking-news","9":"tag-breakingnews","10":"tag-featured-news","11":"tag-featurednews","12":"tag-gaza","13":"tag-hamas","14":"tag-headlines","15":"tag-israel","16":"tag-latest-news","17":"tag-latestnews","18":"tag-news","19":"tag-no","20":"tag-norge","21":"tag-norway","22":"tag-nyheter","23":"tag-overskrifter","24":"tag-top-stories","25":"tag-topstories","26":"tag-verden","27":"tag-world","28":"tag-world-news","29":"tag-worldnews"},"share_on_mastodon":{"url":"https:\/\/pubeurope.com\/@no\/115578258701668802","error":""},"_links":{"self":[{"href":"https:\/\/www.europesays.com\/no\/wp-json\/wp\/v2\/posts\/91357","targetHints":{"allow":["GET"]}}],"collection":[{"href":"https:\/\/www.europesays.com\/no\/wp-json\/wp\/v2\/posts"}],"about":[{"href":"https:\/\/www.europesays.com\/no\/wp-json\/wp\/v2\/types\/post"}],"author":[{"embeddable":true,"href":"https:\/\/www.europesays.com\/no\/wp-json\/wp\/v2\/users\/2"}],"replies":[{"embeddable":true,"href":"https:\/\/www.europesays.com\/no\/wp-json\/wp\/v2\/comments?post=91357"}],"version-history":[{"count":0,"href":"https:\/\/www.europesays.com\/no\/wp-json\/wp\/v2\/posts\/91357\/revisions"}],"wp:featuredmedia":[{"embeddable":true,"href":"https:\/\/www.europesays.com\/no\/wp-json\/wp\/v2\/media\/91358"}],"wp:attachment":[{"href":"https:\/\/www.europesays.com\/no\/wp-json\/wp\/v2\/media?parent=91357"}],"wp:term":[{"taxonomy":"category","embeddable":true,"href":"https:\/\/www.europesays.com\/no\/wp-json\/wp\/v2\/categories?post=91357"},{"taxonomy":"post_tag","embeddable":true,"href":"https:\/\/www.europesays.com\/no\/wp-json\/wp\/v2\/tags?post=91357"}],"curies":[{"name":"wp","href":"https:\/\/api.w.org\/{rel}","templated":true}]}}