{"id":91382,"date":"2025-11-19T20:51:25","date_gmt":"2025-11-19T20:51:25","guid":{"rendered":"https:\/\/www.europesays.com\/no\/91382\/"},"modified":"2025-11-19T20:51:25","modified_gmt":"2025-11-19T20:51:25","slug":"birgit-skarstein-har-kjopt-hus-for-202-millioner-kroner-2","status":"publish","type":"post","link":"https:\/\/www.europesays.com\/no\/91382\/","title":{"rendered":"Birgit Skarstein har kj\u00f8pt hus for 20,2 millioner kroner"},"content":{"rendered":"<p class=\"kicker \" style=\"\">Birgit Skarstein:<\/p>\n<p>  Birgit Skarstein bladde opp for det som vil bli barndomshjemmet til s\u00f8nnen.\u00a0<\/p>\n<p>\n    UNGDOMSKJ\u00c6RESTER: Christian Semb og Birgit Skarstein fant tilbake til hverandre. N\u00e5 er de forlovet og nybakte foreldre. Foto: Instagram @birgitskarstein\n  <\/p>\n<p>I august la Birgit Skarstein (36) <a href=\"https:\/\/www.seher.no\/kjendis\/roper-stor-livsforandring\/83465656\" rel=\"nofollow noopener\" target=\"_blank\">leiligheten sin p\u00e5 Marienlyst i Oslo<\/a> ut til salgs.\u00a0<\/p>\n<p>Skarstein begrunnet leilighetssalget med at livet tok en ny retning, ettersom hun og <a href=\"https:\/\/www.seher.no\/kjendis\/om-bryllupet-skal-ikke-fole-seg-snytt\/83036458\" rel=\"nofollow noopener\" target=\"_blank\">forloveden Christan Semb<\/a> ventet sitt f\u00f8rste barn.<\/p>\n<p>    <a itemprop=\"url\" href=\"https:\/\/www.seher.no\/kjendis\/ikke-gitt-at-det-gar-bra\/83780557\" rel=\"nofollow noopener\" target=\"_blank\"><\/p>\n<p>      <img loading=\"lazy\" decoding=\"async\" src=\"https:\/\/www.europesays.com\/no\/wp-content\/uploads\/2025\/11\/1763585482_369_83780314.webp\" width=\"980\" height=\"441\" title=\"- Ikke gitt at det g\u00e5r bra\" alt=\"\" class=\"lazyload\" style=\"--aspect-ratio-image: 2.22; \"\/><\/p>\n<p>        &#8211; Ikke gitt at det g\u00e5r bra<\/p>\n<p>    <\/a><\/p>\n<p>I september <a href=\"https:\/\/www.seher.no\/kjendis\/deler-gladnyhet\/83260376\" rel=\"nofollow noopener\" target=\"_blank\">kom s\u00f8nnen Christer til verden<\/a>, og ikke lenge etter var den nybakte familien p\u00e5 flyttefot.\u00a0<\/p>\n<p class=\"font-weight-bold m-font-weight-bold\" data-lab-font_weight=\"font-weight-bold\">If\u00f8lge informasjon fra Kartverket ble Skarsteins nye bolig kj\u00f8pt for 20 200 000 kroner. Det er 1,7 millioner over prisantydning.\u00a0<\/p>\n<p>        GRAVID: Birgit Skarstein avsl\u00f8rer at hun m\u00e5tte ha med seg spyposer p\u00e5 direktesending. Reporter: Nora Gulbrandsen Skavhaug \/ Lone Heimdal Gunnerud. Video: Silja Furset<\/p>\n<p>&#8211; Vi gleder oss stort til neste kapittel. Det er hyggelig \u00e5 flytte inn i et sted med hage, og det som kommer til \u00e5 bli barndomshjemmet til s\u00f8nnen v\u00e5r, sier Skarstein til Se og H\u00f8r.\u00a0<\/p>\n<p>Familien f\u00e5r nok av boltreplass, ettersom eneboligen er p\u00e5 251 kvadratmeter. Huset, som er p\u00e5 ett plan, ligger p\u00e5 Vinderen i Oslo i et rolig familiestr\u00f8k.\u00a0<\/p>\n<p>    <a itemprop=\"url\" href=\"https:\/\/www.seher.no\/kjendis\/om-bryllupet-skal-ikke-fole-seg-snytt\/83036458\" rel=\"nofollow noopener\" target=\"_blank\"><\/p>\n<p>      <img loading=\"lazy\" decoding=\"async\" src=\"https:\/\/www.europesays.com\/no\/wp-content\/uploads\/2025\/11\/83037960.webp\" width=\"980\" height=\"441\" title=\"Om bryllupet: - Skal ikke f\u00f8le seg snytt\" alt=\"\" class=\"lazyload\" style=\"--aspect-ratio-image: 2.22; \"\/><\/p>\n<p>        Om bryllupet: &#8211; Skal ikke f\u00f8le seg snytt<\/p>\n<p>    <\/a><\/p>\n<p>Overfor Se og H\u00f8r sier Skarstein at hun har v\u00e6rt p\u00e5 utkikk etter et hus p\u00e5 ett plan i flere \u00e5r, slik at hun slipper \u00e5 m\u00e5tte komme seg opp og ned trapper.\u00a0<\/p>\n<p>Skarstein har v\u00e6rt i rullestol siden 2009, etter at hun som 20-\u00e5ring ble lam fra livet og ned etter en ryggoperasjon.\u00a0<\/p>\n<p>          <img loading=\"lazy\" decoding=\"async\" src=\"https:\/\/www.europesays.com\/no\/wp-content\/uploads\/2025\/11\/83870356.webp\" width=\"686\" height=\"460\" title=\"P\u00c5 R\u00d8D L\u00d8PER: Birgit Skarstein og Christian Semb under Idrettsgallaen 2025. Skarstein la opp som roer i januar. Foto: Ole Martin Wold\/NTB\" alt=\"\" class=\"\" style=\"--aspect-ratio-image: 1.49; \"\/><\/p>\n<p>\n          P\u00c5 R\u00d8D L\u00d8PER: Birgit Skarstein og Christian Semb under Idrettsgallaen 2025. Skarstein la opp som roer i januar. Foto: Ole Martin Wold\/NTB\n      <\/p>\n<p>Til tross for at huset oppfyller kriteriet om \u00e5 v\u00e6re p\u00e5 ett plan, har samboerparet planer om \u00e5 oppgradere boligen.\u00a0<\/p>\n<p>&#8211; Vi m\u00e5 gj\u00f8re et par ting litt raskt, fordi det er trapper inn i huset, og d\u00f8rkarmene er for smale til at jeg kommer inn p\u00e5 bad og toalett, men vi skal gj\u00f8re noen raske og enkle grep for \u00e5 gj\u00f8re det mulig \u00e5 bo i n\u00e5. S\u00e5 h\u00e5per vi \u00e5 f\u00e5 gj\u00f8re litt st\u00f8rre tilpasninger etter hvert for \u00e5 gj\u00f8re det praktisk og funksjonelt for hele familien. <\/p>\n<p>          <img loading=\"lazy\" decoding=\"async\" src=\"https:\/\/www.europesays.com\/no\/wp-content\/uploads\/2025\/11\/83870339.webp\" width=\"686\" height=\"1489\" title=\"NYTT HUS: Kj\u00f8kkenet er ikke det mest moderne. Foto: Snapchat: @birgitskarstein\" alt=\"\" class=\"\" style=\"--aspect-ratio-image: 0.46; \"\/><\/p>\n<p>\n          NYTT HUS: Kj\u00f8kkenet er ikke det mest moderne. Foto: Snapchat: @birgitskarstein\n      <\/p>\n<p>          <img loading=\"lazy\" decoding=\"async\" src=\"https:\/\/www.europesays.com\/no\/wp-content\/uploads\/2025\/11\/83870341.webp\" width=\"686\" height=\"1489\" title=\"NYTT HUS: Birgit Skarstein sier de har planer om \u00e5 pusse opp boligen seinere. Foto: Snapchat: @birgitskarstein\" alt=\"\" class=\"\" style=\"--aspect-ratio-image: 0.46; \"\/><\/p>\n<p>\n          NYTT HUS: Birgit Skarstein sier de har planer om \u00e5 pusse opp boligen seinere. Foto: Snapchat: @birgitskarstein\n      <\/p>\n<p>          <img loading=\"lazy\" decoding=\"async\" src=\"https:\/\/www.europesays.com\/no\/wp-content\/uploads\/2025\/11\/83870342.webp\" width=\"686\" height=\"1489\" title=\"NYTT HUS: Det er flere gamle detaljer i den nye boligen. Foto: Snapchat: @birgitskarstein\" alt=\"\" class=\"\" style=\"--aspect-ratio-image: 0.46; \"\/><\/p>\n<p>\n          NYTT HUS: Det er flere gamle detaljer i den nye boligen. Foto: Snapchat: @birgitskarstein\n      <\/p>\n<p> P\u00e5 Snapchat har Skarstein delt flere bilder og videoer fra flytteprosessen.\u00a0<\/p>\n<p>Boligen er fra 1964 &#8211; noe man kan se p\u00e5 interi\u00f8ret. P\u00e5 grunn av manglende tillatelser m\u00e5tte Skarstein og Semb flytte inn f\u00f8r de fikk pusset opp. <\/p>\n<p>        AVSL\u00d8RES: Da Jan Thomas m\u00f8ter \u00abJakten\u00bb-b\u00f8ndene og frierne deres skal alle kortene p\u00e5 bordet. Video: \u00abJakten p\u00e5 kj\u00e6rligheten\u00bb\/ TV 2\/ R\u00f8d L\u00f8per<\/p>\n<p>&#8211; Det er ikke gjort noe s\u00e6rlig med det siden det ble bygget, s\u00e5 det er sjarmerende og autentisk med typisk utovertiltet kj\u00f8kken med skyved\u00f8rer og st\u00e5lbenkeplate og farget blyglass ved inngangsd\u00f8ren. Ikke spesielt fancy, men veldig nostalgisk. Det er samme type kj\u00f8kken som besteforeldrene mine hadde, og jeg s\u00e5 det faktisk utstilt p\u00e5 Norsk Folkemuseum. Det er jo litt g\u00f8y, avslutter Skarstein.\u00a0<\/p>\n<p>Eiendomsmegler Viktor Wiese i Privatmegleren Dyve &amp; Partnere sier at flere var interesserte i det som ble Skarsteins bolig.\u00a0<\/p>\n<p>&#8211; Dette var en flott bolig og fantastisk eiendom som hadde god interesse. Jeg opplever at b\u00e5de kj\u00f8per og selger er sv\u00e6rt forn\u00f8yde, skriver Wiese i en SMS til Se og H\u00f8r.\u00a0<\/p>\n","protected":false},"excerpt":{"rendered":"Birgit Skarstein: Birgit Skarstein bladde opp for det som vil bli barndomshjemmet til s\u00f8nnen.\u00a0 UNGDOMSKJ\u00c6RESTER: Christian Semb og&hellip;\n","protected":false},"author":2,"featured_media":90430,"comment_status":"","ping_status":"","sticky":false,"template":"","format":"standard","meta":{"footnotes":""},"categories":[10],"tags":[6792,20,21,10145,24,25,15,479,2543,22,23,13,30,28,29,14,16,26,27],"class_list":{"0":"post-91382","1":"post","2":"type-post","3":"status-publish","4":"format-standard","5":"has-post-thumbnail","7":"category-norge","8":"tag-birgit-skarstein","9":"tag-breaking-news","10":"tag-breakingnews","11":"tag-christian-semb","12":"tag-featured-news","13":"tag-featurednews","14":"tag-headlines","15":"tag-kjendis","16":"tag-kjendisdesken","17":"tag-latest-news","18":"tag-latestnews","19":"tag-news","20":"tag-no","21":"tag-norge","22":"tag-norway","23":"tag-nyheter","24":"tag-overskrifter","25":"tag-top-stories","26":"tag-topstories"},"share_on_mastodon":{"url":"https:\/\/pubeurope.com\/@no\/115578345198765310","error":""},"_links":{"self":[{"href":"https:\/\/www.europesays.com\/no\/wp-json\/wp\/v2\/posts\/91382","targetHints":{"allow":["GET"]}}],"collection":[{"href":"https:\/\/www.europesays.com\/no\/wp-json\/wp\/v2\/posts"}],"about":[{"href":"https:\/\/www.europesays.com\/no\/wp-json\/wp\/v2\/types\/post"}],"author":[{"embeddable":true,"href":"https:\/\/www.europesays.com\/no\/wp-json\/wp\/v2\/users\/2"}],"replies":[{"embeddable":true,"href":"https:\/\/www.europesays.com\/no\/wp-json\/wp\/v2\/comments?post=91382"}],"version-history":[{"count":0,"href":"https:\/\/www.europesays.com\/no\/wp-json\/wp\/v2\/posts\/91382\/revisions"}],"wp:featuredmedia":[{"embeddable":true,"href":"https:\/\/www.europesays.com\/no\/wp-json\/wp\/v2\/media\/90430"}],"wp:attachment":[{"href":"https:\/\/www.europesays.com\/no\/wp-json\/wp\/v2\/media?parent=91382"}],"wp:term":[{"taxonomy":"category","embeddable":true,"href":"https:\/\/www.europesays.com\/no\/wp-json\/wp\/v2\/categories?post=91382"},{"taxonomy":"post_tag","embeddable":true,"href":"https:\/\/www.europesays.com\/no\/wp-json\/wp\/v2\/tags?post=91382"}],"curies":[{"name":"wp","href":"https:\/\/api.w.org\/{rel}","templated":true}]}}