{"id":91393,"date":"2025-11-19T21:03:26","date_gmt":"2025-11-19T21:03:26","guid":{"rendered":"https:\/\/www.europesays.com\/no\/91393\/"},"modified":"2025-11-19T21:03:26","modified_gmt":"2025-11-19T21:03:26","slug":"nintendo-beroliger-skal-ikke-blokkere-uoffisielle-dokker-2","status":"publish","type":"post","link":"https:\/\/www.europesays.com\/no\/91393\/","title":{"rendered":"Nintendo beroliger: Skal ikke blokkere uoffisielle dokker"},"content":{"rendered":"<p>(PressFire.no): Nintendo beroliger n\u00e5 Switch 2-eiere og sier de ikke har noen intensjon om \u00e5 blokkere bruken av uoffisielle dokkingstasjoner.<\/p>\n<p>Beskjeden kommer i kj\u00f8lvannet av en fersk systemoppdatering som ser ut til \u00e5 ha skapt problemer for enkelte tredjeparts-alternativer.<\/p>\n<p>Det var etter utrullingen av oppdatering 21.0.0 forrige uke at flere brukere begynte \u00e5 melde om at dokkene deres fra andre produsenter plutselig hadde sluttet \u00e5 fungere.<\/p>\n<p>Dette f\u00f8rte naturlig nok til spekulasjoner om hvorvidt Nintendo bevisst fors\u00f8kte \u00e5 stenge ute det de s\u00e5 p\u00e5 som ikke-lisensiert tilbeh\u00f8r.<\/p>\n<p>I en uttalelse til <a href=\"https:\/\/www.eurogamer.net\/nintendo-has-no-intention-to-hinder-or-invalidate-legal-third-party-dock-compatibility-following-latest-switch-2-update\" target=\"_blank\" rel=\"nofollow noopener\">Eurogamer<\/a> avkrefter selskapet dette blankt.<\/p>\n<p>\u2013 Nintendo har ingen intensjon om \u00e5 hindre eller ugyldiggj\u00f8re kompatibiliteten til tredjeparts-dokker, heter det i uttalelsen.<\/p>\n<p>Mange spillere velger rimeligere dokkingstasjoner fra andre produsenter, enten for reisebruk eller for \u00e5 ha konsollen koblet til flere TV-er. En offisiell dokk fra Nintendo koster tross alt godt over tusenlappen her til lands.<\/p>\n<p>For de som har en dock som ikke fungerer, rapporterer flere i sosiale medier at disse muligens m\u00e5 oppdateres.<\/p>\n","protected":false},"excerpt":{"rendered":"(PressFire.no): Nintendo beroliger n\u00e5 Switch 2-eiere og sier de ikke har noen intensjon om \u00e5 blokkere bruken av&hellip;\n","protected":false},"author":2,"featured_media":91394,"comment_status":"","ping_status":"","sticky":false,"template":"","format":"standard","meta":{"footnotes":""},"categories":[56],"tags":[60,61,62,30,28,29],"class_list":{"0":"post-91393","1":"post","2":"type-post","3":"status-publish","4":"format-standard","5":"has-post-thumbnail","7":"category-naeringsliv","8":"tag-business","9":"tag-economy","10":"tag-naeringsliv","11":"tag-no","12":"tag-norge","13":"tag-norway"},"share_on_mastodon":{"url":"https:\/\/pubeurope.com\/@no\/115578391983537893","error":""},"_links":{"self":[{"href":"https:\/\/www.europesays.com\/no\/wp-json\/wp\/v2\/posts\/91393","targetHints":{"allow":["GET"]}}],"collection":[{"href":"https:\/\/www.europesays.com\/no\/wp-json\/wp\/v2\/posts"}],"about":[{"href":"https:\/\/www.europesays.com\/no\/wp-json\/wp\/v2\/types\/post"}],"author":[{"embeddable":true,"href":"https:\/\/www.europesays.com\/no\/wp-json\/wp\/v2\/users\/2"}],"replies":[{"embeddable":true,"href":"https:\/\/www.europesays.com\/no\/wp-json\/wp\/v2\/comments?post=91393"}],"version-history":[{"count":0,"href":"https:\/\/www.europesays.com\/no\/wp-json\/wp\/v2\/posts\/91393\/revisions"}],"wp:featuredmedia":[{"embeddable":true,"href":"https:\/\/www.europesays.com\/no\/wp-json\/wp\/v2\/media\/91394"}],"wp:attachment":[{"href":"https:\/\/www.europesays.com\/no\/wp-json\/wp\/v2\/media?parent=91393"}],"wp:term":[{"taxonomy":"category","embeddable":true,"href":"https:\/\/www.europesays.com\/no\/wp-json\/wp\/v2\/categories?post=91393"},{"taxonomy":"post_tag","embeddable":true,"href":"https:\/\/www.europesays.com\/no\/wp-json\/wp\/v2\/tags?post=91393"}],"curies":[{"name":"wp","href":"https:\/\/api.w.org\/{rel}","templated":true}]}}