{"id":91411,"date":"2025-11-19T21:22:11","date_gmt":"2025-11-19T21:22:11","guid":{"rendered":"https:\/\/www.europesays.com\/no\/91411\/"},"modified":"2025-11-19T21:22:11","modified_gmt":"2025-11-19T21:22:11","slug":"banana-airlines-vokalist-kai-kiil-er-dod","status":"publish","type":"post","link":"https:\/\/www.europesays.com\/no\/91411\/","title":{"rendered":"Banana Airlines-vokalist Kai Kiil er d\u00f8d"},"content":{"rendered":"\n<p class=\"_lead_o9xde_2 _lead_xtcu6_50 layout-component text-serif-m layout-normal text-serif-l layout-component layout-wide layout-padded _wide_17hqh_1 layout-padded\">Artisten ble 78 \u00e5r gammel<\/p>\n<p><img alt=\"Banana Airlines med Kai Kiil i front\" class=\"_image_qp4xg_65 layout-component layout-wide\" data-fullscreen- data-track-element-type=\"Article image fullscreen\" data-track-name=\"ImageFullscreen\" fetchpriority=\"high\" decoding=\"sync\" loading=\"eager\" height=\"2500\" itemprop=\"image\"  src=\"https:\/\/www.europesays.com\/no\/wp-content\/uploads\/2025\/11\/43b19689-1fad-4cee-9c16-ee12d84dd100\"  style=\"object-position:57.3% 57.74%\" width=\"2500\"\/>Banana Airlines med Kai Kiil i front<\/p>\n<ul aria-hidden=\"true\" class=\"_images_18f0k_111\">\n<li><a class=\"_link_18f0k_116\" href=\"https:\/\/www.vg.no\/forfatter\/gyrid-friis-edland\" style=\"z-index:1\" title=\"Gyrid Friis Edland\" rel=\"nofollow noopener\" target=\"_blank\"><img alt=\"Bilde av Gyrid Friis Edland\" class=\"_image_18f0k_93\" fetchpriority=\"low\" loading=\"lazy\" decoding=\"async\" itemprop=\"image\"  src=\"https:\/\/www.europesays.com\/no\/wp-content\/uploads\/2025\/11\/eda2caeb-5adb-4a95-823f-1f8f04f5c1a3\"  width=\"480\"\/><\/a><\/li>\n<\/ul>\n<p> Oppdatert onsdag 19. november kl. 22:17     <\/p>\n<p class=\"_paragraph_o9xde_4 _paragraph_xtcu6_10 layout-component text-serif-m layout-normal text-serif-m layout-padded\">Kai Kiil sovnet inn natt til 19. november.<\/p>\n<p class=\"_paragraph_o9xde_4 _paragraph_xtcu6_10 layout-component text-serif-m layout-normal text-serif-m layout-padded\">\u2013 Pappa var en virkelig positiv og familiekj\u00e6r mann som tok s\u00e5 godt vare p\u00e5 alle rundt seg. Han sang og plystret uansett hva han gjorde og alltid med et smil p\u00e5 lur. De siste \u00e5rene var han syk med diagnosen Lewy Body Demens. Den rammer b\u00e5de hodet og kroppen, og litt etter litt mistet vi han til sykdommen, skriver datter Iselin Kiil i en melding til VG.<\/p>\n<p class=\"_paragraph_o9xde_4 _paragraph_xtcu6_10 layout-component text-serif-m layout-normal text-serif-m layout-padded\">Kai Kiil var vokalist og frontfigur i bandet Banana Airlines, som er mest kjent for l\u00e5ter som \u00abEn glad calypso om v\u00e5ren\u00bb, \u00abYes We Have No Bananas\u00bb og \u00abNordmenn er gale\u00bb. <\/p>\n<p><img alt=\"Foto: Rune Br\u00e6ck\" class=\"_image_qp4xg_65 layout-component layout-normal\" data-fullscreen- data-track-element-type=\"Article image fullscreen\" data-track-name=\"ImageFullscreen\" decoding=\"async\" loading=\"lazy\" height=\"3024\" itemprop=\"image\"  src=\"https:\/\/www.europesays.com\/no\/wp-content\/uploads\/2025\/11\/35d820bf-1d44-4df2-b941-73acf5911eb3\"  style=\"object-position:0% 0%\" width=\"4032\"\/>Foto: Rune Br\u00e6ck<\/p>\n<p class=\"_paragraph_o9xde_4 _paragraph_xtcu6_10 layout-component text-serif-m layout-normal text-serif-m layout-padded\">De hadde gjerne humoristiske og lettbente tekster, og var popul\u00e6re p\u00e5 dansegulvet.<\/p>\n<p class=\"_paragraph_o9xde_4 _paragraph_xtcu6_10 layout-component text-serif-m layout-normal text-serif-m layout-padded\">Bandet var ogs\u00e5 med i filmen \u00abKill Buljo\u00bb fra 2007.<\/p>\n<p class=\"_paragraph_o9xde_4 _paragraph_xtcu6_10 layout-component text-serif-m layout-normal text-serif-m layout-padded\">\u2013 Han h\u00f8rte p\u00e5 musikk helt til det siste og viste flere ganger at han pr\u00f8vde \u00e5 synge med selv om stemmen var borte. Etter hans bortgang har det str\u00f8mmet p\u00e5 av meldinger fra folk over hele landet som sitter igjen med gode minner og takker oss for at vi delte han med dem, skriver datteren videre.<\/p>\n<p><img alt=\"Banana Airlines i 1983.\u00a0  Foto: Beate Holm Svenning \/ Riksarkivet \/ CC BY-SA\" class=\"_image_qp4xg_65 layout-component layout-normal\" data-fullscreen- data-track-element-type=\"Article image fullscreen\" data-track-name=\"ImageFullscreen\" decoding=\"async\" loading=\"lazy\" height=\"5014\" itemprop=\"image\"  src=\"https:\/\/www.europesays.com\/no\/wp-content\/uploads\/2025\/11\/3209bb28-c2e0-4d9f-8ba6-4336aa48a245\"  style=\"object-position:0% 0%\" width=\"3023\"\/>Banana Airlines i 1983.\u00a0  Foto: Beate Holm Svenning \/ Riksarkivet \/ CC BY-SA<\/p>\n<p class=\"_paragraph_o9xde_4 _paragraph_xtcu6_10 layout-component text-serif-m layout-normal text-serif-m layout-padded\">I 1990 deltok Kai Kiil ogs\u00e5 i den norske Melodi Grand Prix-finalen med l\u00e5ten \u00abCaballero\u00bb.<\/p>\n<p class=\"_paragraph_o9xde_4 _paragraph_xtcu6_10 layout-component text-serif-m layout-normal text-serif-m layout-padded\">Noen husker han kanskje ogs\u00e5 fra TV-serien \u00abVaktmesteren\u00bb, som gikk p\u00e5 NRK p\u00e5 slutten av 1980-tallet, og der Kai Kiil spilte hovedrollen som nettopp vaktmesteren. <\/p>\n<p class=\"_paragraph_o9xde_4 _paragraph_xtcu6_10 layout-component text-serif-m layout-normal text-serif-m layout-padded\">Rune Br\u00e6ck var bookingansvarlig og turn\u00e9leder for Banana Airlines i bandets siste epoke. Han minnes Kiil som en inkluderende mann:<\/p>\n<p class=\"_paragraph_o9xde_4 _paragraph_xtcu6_10 layout-component text-serif-m layout-normal text-serif-m layout-padded\">\u2013 Han var glad i andre mennesker og var en person man kunne sp\u00f8rre om hjelp og r\u00e5d om alt mulig. Han hadde mye kunnskap og var alltid glad for \u00e5 hjelpe til, skriver Br\u00e6ck i en melding til VG.<\/p>\n<p><img alt=\"Kai Kiil, her med musiker Stephen Ackles  Foto: Rune Br\u00e6ck\" class=\"_image_qp4xg_65 layout-component layout-normal\" data-fullscreen- data-track-element-type=\"Article image fullscreen\" data-track-name=\"ImageFullscreen\" decoding=\"async\" loading=\"lazy\" height=\"3024\" itemprop=\"image\"  src=\"https:\/\/www.europesays.com\/no\/wp-content\/uploads\/2025\/11\/a88cab28-fa38-446b-91b8-28aa0befbb78\"  style=\"object-position:53.881448412698404% 34.32539682539682%\" width=\"4032\"\/>Kai Kiil, her med musiker Stephen Ackles  Foto: Rune Br\u00e6ck<\/p>\n<p class=\"_paragraph_o9xde_4 _paragraph_xtcu6_10 layout-component text-serif-m layout-normal text-serif-m layout-padded\">\u2013 Kai har betydd s\u00e5 utrolig mye for folk i landsdelen, kanskje mer enn noen aner. Banana Airlines satt virkelig landsdelen p\u00e5 norgeskartet da den f\u00f8rste utgivelsen kom ut i 1983.<\/p>\n<p class=\"_paragraph_o9xde_4 _paragraph_xtcu6_10 layout-component text-serif-m layout-normal text-serif-m layout-padded\">\u2013 Det var mange som turte \u00e5 \u00abkomme ut av skapet\u00bb som nordlending etter at BA ble popul\u00e6re i hele landet, skriver Br\u00e6ck, og fortsetter.<\/p>\n<p class=\"_paragraph_o9xde_4 _paragraph_xtcu6_10 layout-component text-serif-m layout-normal text-serif-m layout-padded\">\u2013 Kai var ogs\u00e5 samfunnsengasjert og skrev ofte geniale tekstlinjer om det som r\u00f8rte seg i samfunnet.<\/p>\n","protected":false},"excerpt":{"rendered":"Artisten ble 78 \u00e5r gammel Banana Airlines med Kai Kiil i front Oppdatert onsdag 19. november kl. 22:17&hellip;\n","protected":false},"author":2,"featured_media":91412,"comment_status":"","ping_status":"","sticky":false,"template":"","format":"standard","meta":{"footnotes":""},"categories":[5],"tags":[20,21,24,25,15,19,22,23,17,18,13,30,28,29,14,16,26,27],"class_list":{"0":"post-91411","1":"post","2":"type-post","3":"status-publish","4":"format-standard","5":"has-post-thumbnail","7":"category-overskrifter","8":"tag-breaking-news","9":"tag-breakingnews","10":"tag-featured-news","11":"tag-featurednews","12":"tag-headlines","13":"tag-hovedoppslag","14":"tag-latest-news","15":"tag-latestnews","16":"tag-main-news","17":"tag-mainnews","18":"tag-news","19":"tag-no","20":"tag-norge","21":"tag-norway","22":"tag-nyheter","23":"tag-overskrifter","24":"tag-top-stories","25":"tag-topstories"},"share_on_mastodon":{"url":"https:\/\/pubeurope.com\/@no\/115578467025393869","error":""},"_links":{"self":[{"href":"https:\/\/www.europesays.com\/no\/wp-json\/wp\/v2\/posts\/91411","targetHints":{"allow":["GET"]}}],"collection":[{"href":"https:\/\/www.europesays.com\/no\/wp-json\/wp\/v2\/posts"}],"about":[{"href":"https:\/\/www.europesays.com\/no\/wp-json\/wp\/v2\/types\/post"}],"author":[{"embeddable":true,"href":"https:\/\/www.europesays.com\/no\/wp-json\/wp\/v2\/users\/2"}],"replies":[{"embeddable":true,"href":"https:\/\/www.europesays.com\/no\/wp-json\/wp\/v2\/comments?post=91411"}],"version-history":[{"count":0,"href":"https:\/\/www.europesays.com\/no\/wp-json\/wp\/v2\/posts\/91411\/revisions"}],"wp:featuredmedia":[{"embeddable":true,"href":"https:\/\/www.europesays.com\/no\/wp-json\/wp\/v2\/media\/91412"}],"wp:attachment":[{"href":"https:\/\/www.europesays.com\/no\/wp-json\/wp\/v2\/media?parent=91411"}],"wp:term":[{"taxonomy":"category","embeddable":true,"href":"https:\/\/www.europesays.com\/no\/wp-json\/wp\/v2\/categories?post=91411"},{"taxonomy":"post_tag","embeddable":true,"href":"https:\/\/www.europesays.com\/no\/wp-json\/wp\/v2\/tags?post=91411"}],"curies":[{"name":"wp","href":"https:\/\/api.w.org\/{rel}","templated":true}]}}