{"id":91413,"date":"2025-11-19T21:23:09","date_gmt":"2025-11-19T21:23:09","guid":{"rendered":"https:\/\/www.europesays.com\/no\/91413\/"},"modified":"2025-11-19T21:23:09","modified_gmt":"2025-11-19T21:23:09","slug":"har-lyst-til-a-ta-litt-fra-ham","status":"publish","type":"post","link":"https:\/\/www.europesays.com\/no\/91413\/","title":{"rendered":"\u2013 Har lyst til \u00e5 ta litt fra ham"},"content":{"rendered":"\n<p class=\"_lead_o9xde_2 _lead_xtcu6_50 layout-component text-serif-m layout-normal text-serif-l layout-component layout-wide layout-padded _wide_17hqh_1 layout-padded\">Med russerne ute av internasjonale konkurranser, klarer Simen Hegstad Kr\u00fcger (32) knapt \u00e5 nevne en konkurrent han frykter med utenlandsk pass.<\/p>\n<p><img alt=\"Simen Hegstad Kr\u00fcger og Johannes H\u00f8sflot kl\u00e6bo, her under et skirenn i mars i \u00e5r. Foto: Terje Pedersen \/ NTB\" class=\"_image_qp4xg_65 layout-component layout-wide\" data-fullscreen- data-track-element-type=\"Article image fullscreen\" data-track-name=\"ImageFullscreen\" fetchpriority=\"high\" decoding=\"sync\" loading=\"eager\" height=\"4000\" itemprop=\"image\"  src=\"https:\/\/www.europesays.com\/no\/wp-content\/uploads\/2025\/11\/d4dedcac-c899-414f-9a86-1acaefb7d661\"  style=\"object-position:0% 0%\" width=\"6000\"\/>Simen Hegstad Kr\u00fcger og Johannes H\u00f8sflot kl\u00e6bo, her under et skirenn i mars i \u00e5r. Foto: Terje Pedersen \/ NTB<\/p>\n<ul aria-hidden=\"true\" class=\"_images_18f0k_111\">\n<li><a class=\"_link_18f0k_116\" href=\"https:\/\/www.vg.no\/forfatter\/mikal-aaserud\" style=\"z-index:1\" title=\"Mikal Emil Aaserud\" rel=\"nofollow noopener\" target=\"_blank\"><img alt=\"Bilde av Mikal Emil Aaserud\" class=\"_image_18f0k_93\" fetchpriority=\"low\" loading=\"lazy\" decoding=\"async\" itemprop=\"image\"  src=\"https:\/\/www.europesays.com\/no\/wp-content\/uploads\/2025\/11\/1763587389_287_1f4bb18c-b7b1-46ba-9b49-79ae6afd7bbd\"  width=\"480\"\/><\/a><\/li>\n<\/ul>\n<p> Oppdatert onsdag 19. november kl. 21:59    <\/p>\n<ul class=\"_list_o9xde_3 _list_64s2r_85 _unordered_o9xde_106 text-sans-m\">\n<li class=\"_item_o9xde_30\">Simen Hegstad Kr\u00fcger ser nesten ingen utenlandske l\u00f8pere som en stor trussel til \u00e5rets sesong.<\/li>\n<li class=\"_item_o9xde_30\">Han har mest fokus p\u00e5 \u00e5 vippe Johannes H\u00f8sflot Kl\u00e6bo av tronen som langrennskonge denne sesongen.<\/li>\n<li class=\"_item_o9xde_30\">Svenske William Poromaa og finske Iivo Niskanen trekkes frem som utfordrere utenfor Norge.<\/li>\n<li class=\"_item_o9xde_30\">Den norske eliten samles allerede til renn p\u00e5 Beitost\u00f8len denne helgen.<\/li>\n<\/ul>\n<p>Vis mer <\/p>\n<p class=\"_paragraph_o9xde_4 _paragraph_xtcu6_10 layout-component text-serif-m layout-normal text-serif-m layout-padded\">S\u00e5 da sp\u00f8r VG:<\/p>\n<p class=\"_paragraph_o9xde_4 _paragraph_xtcu6_10 layout-component text-serif-m layout-normal text-serif-m layout-padded\"><strong class=\"_strong_o9xde_25\">\u2013 Hvem er det av de norske du tenker p\u00e5 n\u00e5r du st\u00e5r opp om morgenen, skal gj\u00f8re treningsjobben, og har mest lyst til \u00e5 knuse i viktige renn i vinter?<\/strong><\/p>\n<p class=\"_paragraph_o9xde_4 _paragraph_xtcu6_10 layout-component text-serif-m layout-normal text-serif-m layout-padded\">\u2013 Det at <a href=\"https:\/\/www.vg.no\/sport\/i\/0VJPXG\/historisk-gull-til-klaebo-vant-spurten-paa-femmila\" data-track-element-type=\"Link\" data-track-id=\"link:0VJPXG\" class=\"_link_o9xde_39\" rel=\"nofollow noopener\" target=\"_blank\">Johannes (Kl\u00e6bo) klarte \u00e5 ta alle gullene i Trondheim<\/a>, selv om jeg er full av beundring for hva han f\u00e5r til, s\u00e5 har jeg lyst til \u00e5 ta litt fra ham. Jeg skal innr\u00f8mme det. Han har v\u00e6rt mannen \u00e5 sl\u00e5 den siste tiden og jeg regner med han blir det til vinteren ogs\u00e5, sier Kr\u00fcger.<\/p>\n<p class=\"_paragraph_o9xde_4 _paragraph_xtcu6_10 layout-component text-serif-m layout-normal text-serif-m layout-padded\">I <a href=\"https:\/\/www.vg.no\/sport\/i\/ny5Q6d\/stemte-mot-russisk-deltagelse-frem-mot-ol-i-2026\" data-track-element-type=\"Link\" data-track-id=\"link:ny5Q6d\" class=\"_link_o9xde_39\" rel=\"nofollow noopener\" target=\"_blank\">slutten av oktober ble det kjent at russerne igjen<\/a> f\u00e5r nei fra FIS FIS Det internasjonale ski- og sn\u00f8brettforbundet.til \u00e5 delta i verdenscupkonkurranser og OL i Italia i februar under s\u00e5kalt n\u00f8ytralt flagg.<\/p>\n<p class=\"_paragraph_o9xde_4 _paragraph_xtcu6_10 layout-component text-serif-m layout-normal text-serif-m layout-padded\">Dermed venter det \u2013 basert p\u00e5 resultatene i b\u00e5de VM og verdenscupen sist sesong \u2013 trolig nok en sesong med mye norsk dominans p\u00e5 herresiden.<\/p>\n<p class=\"_paragraph_o9xde_4 _paragraph_xtcu6_10 layout-component text-serif-m layout-normal text-serif-m layout-padded\">Den f\u00f8rste muligheten til \u00e5 m\u00e5le krefter med Kl\u00e6bo kommer allerede denne helgen. <\/p>\n<p class=\"_paragraph_o9xde_4 _paragraph_xtcu6_10 layout-component text-serif-m layout-normal text-serif-m layout-padded\">Da samles den norske langrennseliten til renn under den nasjonale \u00e5pningen p\u00e5 Beitost\u00f8len.<\/p>\n<p class=\"_paragraph_o9xde_4 _paragraph_xtcu6_10 layout-component text-serif-m layout-normal text-serif-m layout-padded\">Kr\u00fcger nevner kun svenske William Poromaa \u2013 som tok s\u00f8lv under femmila i VM i Trondheim sist vinter \u2013 da VG sp\u00f8r om noen utenfor Norges grenser kan yppe seg mot det norske herrelandslaget.<\/p>\n<p class=\"_paragraph_o9xde_4 _paragraph_xtcu6_10 layout-component text-serif-m layout-normal text-serif-m layout-padded\">\u2013 Han tok et ganske godt steg i fjor, ga oss god kamp og tar han enda et jafs, s\u00e5 blir han en av de t\u00f8ffeste \u00e5 sl\u00e5. Det trenger sporten. Vi h\u00e5per \u00e5 sl\u00e5 ham, men h\u00e5per han er med og leker. Det hadde v\u00e6rt g\u00f8y.<\/p>\n<p class=\"_paragraph_o9xde_4 _paragraph_xtcu6_10 layout-component text-serif-m layout-normal text-serif-m layout-padded\"><strong class=\"_strong_o9xde_25\">\u2013 Det er rart du bare nevner en\u2026<\/strong><\/p>\n<p class=\"_paragraph_o9xde_4 _paragraph_xtcu6_10 layout-component text-serif-m layout-normal text-serif-m layout-padded\">\u2013 Ja, det kan du si. Det er han jeg f\u00f8ler at stikker seg ut. Hvis Iivo (Niskanen Iivo (NiskanenEn finsk langrennsstjerne som har renn i klassisk stil som sin store styrke.) kommer i godt, gammelt slag\u2026 Det er par \u00e5r siden jeg f\u00f8ler jeg har sett den r\u00e5skapen han har vist enkelte ganger. Men kommer han tilbake p\u00e5 det niv\u00e5et jeg vet han har, s\u00e5 er han knallhard hver gang vi skal g\u00e5 klassisk.<\/p>\n<p class=\"_paragraph_o9xde_4 _paragraph_xtcu6_10 layout-component text-serif-m layout-normal text-serif-m layout-padded\">Harald \u00d8stberg Amundsen var i n\u00e6rheten av Kl\u00e6boAmundsen var i n\u00e6rheten av Kl\u00e6boAmundsen tok bronse p\u00e5 henholdsvis 20 kilometer fellesstart med skibytte og 10 kilometer individuell start under VM i Trondheim sist sesong., han ogs\u00e5, da langrennseliten kjempet om VM-medaljer sist sesong.<\/p>\n<p class=\"_paragraph_o9xde_4 _paragraph_xtcu6_10 layout-component text-serif-m layout-normal text-serif-m layout-padded\">\u2013 Det motiverer meg f\u00f8rst og fremst \u00e5 sl\u00e5 alle de jeg er p\u00e5 lag med. Samtidig, som idrettsut\u00f8ver og konkurransemessig, s\u00e5 skulle man \u00f8nske de beste var p\u00e5 start. Men s\u00e5nn er det bare, sier Amundsen.<\/p>\n<p class=\"_paragraph_o9xde_4 _paragraph_xtcu6_10 layout-component text-serif-m layout-normal text-serif-m layout-padded\">\u2013 Det m\u00e5 vi forholde oss til. Det er mer enn nok gode skil\u00f8pere p\u00e5 det laget her jeg skal pr\u00f8ve \u00e5 sl\u00e5. Vi kan slenge p\u00e5 Poromaa og Anger. Det blir spennende, sier han.<\/p>\n","protected":false},"excerpt":{"rendered":"Med russerne ute av internasjonale konkurranser, klarer Simen Hegstad Kr\u00fcger (32) knapt \u00e5 nevne en konkurrent han frykter&hellip;\n","protected":false},"author":2,"featured_media":91414,"comment_status":"","ping_status":"","sticky":false,"template":"","format":"standard","meta":{"footnotes":""},"categories":[59],"tags":[712,398,30,28,29,11960,83,82,399],"class_list":{"0":"post-91413","1":"post","2":"type-post","3":"status-publish","4":"format-standard","5":"has-post-thumbnail","7":"category-sport","8":"tag-harald-ostberg-amundsen","9":"tag-langrenn","10":"tag-no","11":"tag-norge","12":"tag-norway","13":"tag-simen-hegstad-kruger","14":"tag-sport","15":"tag-sports","16":"tag-vintersport"},"share_on_mastodon":{"url":"https:\/\/pubeurope.com\/@no\/115578470782719743","error":""},"_links":{"self":[{"href":"https:\/\/www.europesays.com\/no\/wp-json\/wp\/v2\/posts\/91413","targetHints":{"allow":["GET"]}}],"collection":[{"href":"https:\/\/www.europesays.com\/no\/wp-json\/wp\/v2\/posts"}],"about":[{"href":"https:\/\/www.europesays.com\/no\/wp-json\/wp\/v2\/types\/post"}],"author":[{"embeddable":true,"href":"https:\/\/www.europesays.com\/no\/wp-json\/wp\/v2\/users\/2"}],"replies":[{"embeddable":true,"href":"https:\/\/www.europesays.com\/no\/wp-json\/wp\/v2\/comments?post=91413"}],"version-history":[{"count":0,"href":"https:\/\/www.europesays.com\/no\/wp-json\/wp\/v2\/posts\/91413\/revisions"}],"wp:featuredmedia":[{"embeddable":true,"href":"https:\/\/www.europesays.com\/no\/wp-json\/wp\/v2\/media\/91414"}],"wp:attachment":[{"href":"https:\/\/www.europesays.com\/no\/wp-json\/wp\/v2\/media?parent=91413"}],"wp:term":[{"taxonomy":"category","embeddable":true,"href":"https:\/\/www.europesays.com\/no\/wp-json\/wp\/v2\/categories?post=91413"},{"taxonomy":"post_tag","embeddable":true,"href":"https:\/\/www.europesays.com\/no\/wp-json\/wp\/v2\/tags?post=91413"}],"curies":[{"name":"wp","href":"https:\/\/api.w.org\/{rel}","templated":true}]}}