{"id":91415,"date":"2025-11-19T21:26:09","date_gmt":"2025-11-19T21:26:09","guid":{"rendered":"https:\/\/www.europesays.com\/no\/91415\/"},"modified":"2025-11-19T21:26:09","modified_gmt":"2025-11-19T21:26:09","slug":"fed-referat-avslorer-uenighet-om-rentekutt-e24","status":"publish","type":"post","link":"https:\/\/www.europesays.com\/no\/91415\/","title":{"rendered":"Fed-referat avsl\u00f8rer uenighet om rentekutt \u2013 E24"},"content":{"rendered":"<p class=\"fullWidthDesktop hyperion-css-71ztg2\" data-test-tag=\"lead-text\">To av medlemmene i den amerikanske rentekomiteen stemte imot avgj\u00f8relsen da Fed satte ned renten i slutten av oktober.<\/p>\n<p><img decoding=\"async\" class=\"image-asset hyperion-css-1x54y8d\" data-test-tag=\"image-asset\" src=\"https:\/\/www.europesays.com\/no\/wp-content\/uploads\/2025\/11\/801331a0-367d-4f0c-a8d9-2fe2a1715e50\"  alt=\"Fed-komit\u00e9medlem Stephen Miran under et intervju med CNBC tidligere i november.\"  loading=\"eager\" fetchpriority=\"high\" style=\"aspect-ratio:1900 \/ 1267\"\/>Fed-komit\u00e9medlem Stephen Miran under et intervju med CNBC tidligere i november. Foto: Brendan McDermid \/ Reuters \/ NTBPublisert: Publisert: <\/p>\n<p>For mindre enn 2 timer siden<\/p>\n<ul class=\"hyperion-css-pte5x0\">\n<li aria-label=\"link\" class=\"narrow-button hyperion-css-1sz7d3n\">Kopier lenke<\/li>\n<li aria-label=\"link\" class=\"wide-button hyperion-css-1sz7d3n\">Kopier lenke<\/li>\n<li aria-label=\"facebook\" class=\"narrow-button hyperion-css-1sz7d3n\">Del p\u00e5 Facebook<\/li>\n<li aria-label=\"facebook\" class=\"wide-button hyperion-css-1sz7d3n\">Del p\u00e5 Facebook<\/li>\n<li aria-label=\"email\" class=\"narrow-button hyperion-css-1sz7d3n\">Del med e-post<\/li>\n<li aria-label=\"email\" class=\"wide-button hyperion-css-1sz7d3n\">Del med e-post<\/li>\n<\/ul>\n<p class=\"hyperion-css-1lemvax\">Renten ble <a data-test-tag=\"internal-link\" href=\"https:\/\/e24.no\/boers-og-finans\/i\/mPG2Wq\/usas-sentralbank-kutter-renten\" class=\"hyperion-css-1rezu2g\" rel=\"nofollow noopener\" target=\"\" aria-label=\"satt ned\">satt ned<\/a> til intervallet 3,75\u20134 prosent den 29. oktober.<\/p>\n<p class=\"hyperion-css-1lemvax\">Samtidig tok to av medlemmene dissens. Stephen Miran \u00f8nsket heller \u00abdobbelt\u00bb rentekutt ned til 3,5\u20133,75, mens Jeffrey Schmid helst s\u00e5 at renten ble holdt i ro.<\/p>\n<p class=\"hyperion-css-1lemvax\"><strong>Samtidig viser <\/strong><a class=\"default hyperion-css-1rezu2g\" href=\"https:\/\/www.federalreserve.gov\/monetarypolicy\/files\/fomcminutes20251029.pdf\" rel=\"noopener nofollow noreferrer\" data-test-tag=\"external-link\" target=\"_blank\"><strong>referatet fra rentem\u00f8tet<\/strong><\/a><strong>, som ble publisert onsdag kveld, at komiteen slett ikke er sikre p\u00e5 at det trengs et ytterligere kutt i desember.<\/strong><\/p>\n<p class=\"hyperion-css-1lemvax\">\u00abFlere deltakere mente at en ytterligere senking av m\u00e5lintervallet for den f\u00f8derale fondsrenten godt kunne v\u00e6re p\u00e5 sin plass i desember\u00bb dersom \u00f8konomien utvikler seg omtrent som forventet i den kommende perioden, heter det i referatet. <\/p>\n<p><a data-test-tag=\"teaser-small:link-internal\" href=\"https:\/\/e24.no\/boers-og-finans\/i\/wgyapd\/bitcoin-ras-har-tapt-momentumet\" class=\"imagePosition-top inline hyperion-css-6238vu\" rel=\"nofollow noopener\" target=\"\" aria-label=\"Bitcoin-ras: \u2013 Har tapt momentumet\"><\/p>\n<p>Les p\u00e5 E24+<\/p>\n<p>Bitcoin-ras: \u2013 Har tapt momentumet<\/p>\n<p><\/a><\/p>\n<p class=\"hyperion-css-1lemvax\">P\u00e5 den annen side:<\/p>\n<p class=\"hyperion-css-1lemvax\">\u00abMange deltakere antydet at det, med tanke p\u00e5 deres \u00f8konomiske utsikter, sannsynligvis ville v\u00e6re passende \u00e5 holde m\u00e5lintervallet uendret resten av \u00e5ret.\u00bb<\/p>\n<p class=\"hyperion-css-1lemvax\">If\u00f8lge <a aria-label=\"CNBC\" class=\"default hyperion-css-1rezu2g\" href=\"https:\/\/www.cnbc.com\/2025\/11\/19\/fed-minutes-october-2025.html\" rel=\"noopener nofollow noreferrer\" data-test-tag=\"external-link\" target=\"_blank\">CNBC<\/a> er \u00abmange\u00bb mer enn \u00abflere\u00bb p\u00e5 Fed-spr\u00e5ket, noe som kan indikere at flertallet vil holde renten i ro. Samtidig er det ikke tydelig hvem som er \u00abdeltakere\u00bb, for det er 19 som deltar p\u00e5 m\u00f8tet, mens 12 av dem har stemmerett.<\/p>\n<p>Tvil<\/p>\n<p class=\"hyperion-css-1lemvax\">\u2013 Det er tvil om det blir et nytt kutt i desember, og rentereferatet fra Feds m\u00f8te i oktober tyder ikke p\u00e5 noe annet. Etter Powells uttalelser under pressekonferansen om at et nytt kutt i desember ikke var garantert, var forventningen ogs\u00e5 at rentereferatet ville vise det, skriver senior\u00f8konom Karine Alsvik i Handelsbanken i en kommentar.<\/p>\n<p class=\"hyperion-css-1lemvax\">Markedet ble dermed ikke overrasket av kommentarer fra flere om at det trolig er passende \u00e5 holde renten i ro ut \u00e5ret, mener hun.<\/p>\n<p><a data-test-tag=\"teaser-small:link-internal\" href=\"https:\/\/e24.no\/internasjonal-oekonomi\/i\/aJ1162\/trump-med-hint-om-ny-fed-sjef\" class=\"imagePosition-top inline hyperion-css-6238vu\" rel=\"nofollow noopener\" target=\"\" aria-label=\"Trump med hint om ny Fed-sjef\"><\/p>\n<p>Les ogs\u00e5<\/p>\n<p>Trump med hint om ny Fed-sjef<\/p>\n<p><\/a><\/p>\n<p class=\"hyperion-css-1lemvax\">\u2013 Markedet har tydelig dempet kuttforventningene i desember. Uttalelser fra Feds Barkin i kveld indikerer ogs\u00e5 at dette p\u00e5 ingen m\u00e5te er avgjort, det er tallene fremover som vil bestemme, sier Alsvik.<\/p>\n<p>Tallene avgj\u00f8r<\/p>\n<p class=\"hyperion-css-1lemvax\">Hun viser til at sysselsettingsrapporten \u00abnonfarm payrolls\u00bb for september kommer i morgen. Den ventes \u00e5 vise en vekst p\u00e5 i overkant av 50.000 stillinger \u2013 i tr\u00e5d med s\u00e5kalt \u00abbreak even\u00bb.<\/p>\n<p class=\"hyperion-css-1lemvax\">\u2013 Men disse tallene er allerede noe utdaterte. Vi har f\u00e5tt ADP-tall for privat sysselsettingsvekst som peker mer mot rentekutt, men de er samtidig mer usikre. Det er tallene fremover som vil avgj\u00f8re og hvis arbeidsmarkedet viser seg \u00e5 holde seg oppe, s\u00e5 vil nok hensynet til inflasjonen gj\u00f8re det krevende \u00e5 kutte renten videre, sier Alsvik.<\/p>\n<p class=\"hyperion-css-1lemvax\">Ogs\u00e5 da komiteen i september <a data-test-tag=\"internal-link\" href=\"https:\/\/e24.no\/boers-og-finans\/i\/zAanO1\/usas-sentralbank-kutter-renten\" class=\"hyperion-css-1rezu2g\" rel=\"nofollow noopener\" target=\"\" aria-label=\"satte ned renten for f\u00f8rste gang\">satte ned renten for f\u00f8rste gang<\/a> siden Donald Trump kom til makten, stemte Miran for et st\u00f8rre kutt.<\/p>\n<p class=\"hyperion-css-1lemvax\">Og Miran er ikke alene om \u00e5 ha v\u00e6rt uenig i \u00e5r. <a data-test-tag=\"internal-link\" href=\"https:\/\/e24.no\/internasjonal-oekonomi\/i\/bmp3Bl\/fed-referat-frykter-oekt-prisvekst-mer-enn-ledighet\" class=\"hyperion-css-1rezu2g\" rel=\"nofollow noopener\" target=\"\" aria-label=\"Tilbake i juli\">Tilbake i juli<\/a>, da Fed holdt renten i ro, stemte to av de tolv medlemmene imot avgj\u00f8relsen. Den gang var det Christopher Waller og Michelle Bowman som ville ha en lavere styringsrente \u2013 noe president Trump hadde etterspurt i lang tid.<\/p>\n","protected":false},"excerpt":{"rendered":"To av medlemmene i den amerikanske rentekomiteen stemte imot avgj\u00f8relsen da Fed satte ned renten i slutten av&hellip;\n","protected":false},"author":2,"featured_media":91416,"comment_status":"","ping_status":"","sticky":false,"template":"","format":"standard","meta":{"footnotes":""},"categories":[56],"tags":[60,61,62,30,28,29],"class_list":{"0":"post-91415","1":"post","2":"type-post","3":"status-publish","4":"format-standard","5":"has-post-thumbnail","7":"category-naeringsliv","8":"tag-business","9":"tag-economy","10":"tag-naeringsliv","11":"tag-no","12":"tag-norge","13":"tag-norway"},"share_on_mastodon":{"url":"https:\/\/pubeurope.com\/@no\/115578482570995667","error":""},"_links":{"self":[{"href":"https:\/\/www.europesays.com\/no\/wp-json\/wp\/v2\/posts\/91415","targetHints":{"allow":["GET"]}}],"collection":[{"href":"https:\/\/www.europesays.com\/no\/wp-json\/wp\/v2\/posts"}],"about":[{"href":"https:\/\/www.europesays.com\/no\/wp-json\/wp\/v2\/types\/post"}],"author":[{"embeddable":true,"href":"https:\/\/www.europesays.com\/no\/wp-json\/wp\/v2\/users\/2"}],"replies":[{"embeddable":true,"href":"https:\/\/www.europesays.com\/no\/wp-json\/wp\/v2\/comments?post=91415"}],"version-history":[{"count":0,"href":"https:\/\/www.europesays.com\/no\/wp-json\/wp\/v2\/posts\/91415\/revisions"}],"wp:featuredmedia":[{"embeddable":true,"href":"https:\/\/www.europesays.com\/no\/wp-json\/wp\/v2\/media\/91416"}],"wp:attachment":[{"href":"https:\/\/www.europesays.com\/no\/wp-json\/wp\/v2\/media?parent=91415"}],"wp:term":[{"taxonomy":"category","embeddable":true,"href":"https:\/\/www.europesays.com\/no\/wp-json\/wp\/v2\/categories?post=91415"},{"taxonomy":"post_tag","embeddable":true,"href":"https:\/\/www.europesays.com\/no\/wp-json\/wp\/v2\/tags?post=91415"}],"curies":[{"name":"wp","href":"https:\/\/api.w.org\/{rel}","templated":true}]}}