{"id":91417,"date":"2025-11-19T21:28:32","date_gmt":"2025-11-19T21:28:32","guid":{"rendered":"https:\/\/www.europesays.com\/no\/91417\/"},"modified":"2025-11-19T21:28:32","modified_gmt":"2025-11-19T21:28:32","slug":"saksoker-staten","status":"publish","type":"post","link":"https:\/\/www.europesays.com\/no\/91417\/","title":{"rendered":"Saks\u00f8ker staten"},"content":{"rendered":"<p>  En livstidsd\u00f8mt australsk fange saks\u00f8ker staten for retten til \u00e5 spise ikonisk p\u00e5legg i fengsel.<\/p>\n<p>\n    STORT SAVN: Vegemite er Australias mest popul\u00e6re p\u00e5legg, men blir ikke servert i fengslene. Foto: Shutterstock\n  <\/p>\n<p>    Kort fortalt<\/p>\n<ul lang=\"nb-NO\">\n<li>En 54 \u00e5r gammel livstidsd\u00f8mt fange i Victoria, Andre McKechnie, saks\u00f8ker staten for retten til \u00e5 spise Vegemite i fengsel.<\/li>\n<li>McKechnie hevder at forbudet mot Vegemite bryter hans kulturelle rettigheter, da det er en sentral del av australsk identitet.<\/li>\n<li>Forbudet ble innf\u00f8rt i 2006 p\u00e5 grunn av risikoen for at gj\u00e6rbaserte produkter kan skjule lukter og brukes til \u00e5 lage alkohol.<\/li>\n<li>Drapsofferets advokat og p\u00e5r\u00f8rende reagerer sterkt p\u00e5 s\u00f8ksm\u00e5let, og saken skal opp for retten i juli neste \u00e5r.<\/li>\n<\/ul>\n<p class=\"italic ai-disclaimer\" data-lab-italic=\"italic\">Sammendraget er laget av ChatGPT og godkjent av Dagbladet.<\/p>\n<p>      Vis mer<br \/>\n      Vis mindre<\/p>\n<p>En 54 \u00e5r gammel livstidsd\u00f8mt fange i Victoria i Australia hevder at fengselets forbud mot det ikoniske p\u00e5legget Vegemite bryter hans kulturelle rettigheter, if\u00f8lge <a href=\"https:\/\/edition.cnn.com\/2025\/11\/18\/australia\/australia-vegemite-prisoner-sues-intl-hnk\" rel=\"nofollow noopener\" target=\"_blank\">CNN<\/a>.<\/p>\n<p class=\"font-weight-bold m-font-weight-bold\" data-lab-font_weight=\"font-weight-bold\">Mannen, Andre McKechnie, mener p\u00e5legget er en s\u00e5 sentral del av australsk identitet at han m\u00e5 f\u00e5 tilgang til det ogs\u00e5 bak murene.<\/p>\n<p>    <a itemprop=\"url\" href=\"https:\/\/www.dagbladet.no\/kjendis\/roper-brudd\/83871523\" rel=\"nofollow noopener\" target=\"_blank\"><\/p>\n<p>      <img loading=\"lazy\" decoding=\"async\" src=\"https:\/\/www.europesays.com\/no\/wp-content\/uploads\/2025\/11\/1763587710_694_83871544.webp\" width=\"147\" height=\"98\" title=\"R\u00f8per brudd\" alt=\"\" class=\"lazyload\" style=\"--aspect-ratio-image: 1.50; \"\/><\/p>\n<p>        R\u00f8per brudd<\/p>\n<p>    <\/a><\/p>\n<p>Myndighetene i delstaten har hatt et forbud siden 2006.\u00a0<\/p>\n<p>\u00c5rsaken er blant annet at den kraftige lukta fra det gj\u00e6rbaserte p\u00e5legget kan brukes til \u00e5 skjule annen lukt ved innsmugling av ulovlige gjenstander.<\/p>\n<p>Innholdet av gj\u00e6r kan gj\u00f8re det mulig \u00e5 framstille enkel alkohol i cellene.<\/p>\n<p class=\"font-weight-bold m-font-weight-bold\" data-lab-font_weight=\"font-weight-bold\">McKechnie, som soner for et drap beg\u00e5tt p\u00e5 1990-tallet, hevder samtidig at han ikke f\u00e5r nok mat til \u00e5 ivareta helsa.<\/p>\n<p>          <img loading=\"lazy\" decoding=\"async\" src=\"https:\/\/www.europesays.com\/no\/wp-content\/uploads\/2025\/11\/83871899.webp\" width=\"686\" height=\"460\" title=\"STERK LUKT: Ristet br\u00f8d sm\u00f8res med Vegemite i Sydney, Australia. Foto: Rick Rycroft \/ AP \/ NTB\" alt=\"\" class=\"\" style=\"--aspect-ratio-image: 1.49; \"\/><\/p>\n<p>\n          STERK LUKT: Ristet br\u00f8d sm\u00f8res med Vegemite i Sydney, Australia. Foto: Rick Rycroft \/ AP \/ NTB\n      <\/p>\n<p>Reagerer kraftig\t<\/p>\n<p> McKechnie ble d\u00f8mt til livstid etter drapet p\u00e5 eiendomsutvikleren Otto Kuhne i Queensland i 1994.\u00a0<\/p>\n<p>If\u00f8lge australske medier knivstakk han den 50 \u00e5r gamle mannen en rekke ganger.\u00a0<\/p>\n<p>McKechnie var 23 \u00e5r da drapet skjedde, og motivet er ikke offentlig kjent.\u00a0<\/p>\n<p>Offerets advokater og p\u00e5r\u00f8rende reagerer kraftig p\u00e5 s\u00f8ksm\u00e5let.\u00a0<\/p>\n<p class=\"font-weight-bold m-font-weight-bold\" data-lab-font_weight=\"font-weight-bold\">&#8211; Det handler alltid om gjerningspersonen, og dette forsterker bare det, sier drapsofferets advokat John Herron til AP.\u00a0<\/p>\n<p>&#8211; Det f\u00f8les som en ekstra fordel som gnir tragedien inn i ansiktet v\u00e5rt.<\/p>\n<p>If\u00f8lge <a href=\"https:\/\/7news.com.au\/news\/vegemite-ban-convicted-murderer-andre-mckechnie-launches-supreme-court-bid-to-allow-iconic-spread-in-victorian-prisons-c-20700393\" rel=\"nofollow noopener\" target=\"_blank\">7News<\/a> gikk McKechnie ogs\u00e5 til sak i 2021 for \u00e5 stoppe staten fra \u00e5 servere ham mat som ikke var tilberedt etter kosher-regler.<\/p>\n<p>Saken om Vegemite-forbudet skal etter planen opp for retten i juli neste \u00e5r.<\/p>\n","protected":false},"excerpt":{"rendered":"En livstidsd\u00f8mt australsk fange saks\u00f8ker staten for retten til \u00e5 spise ikonisk p\u00e5legg i fengsel. STORT SAVN: Vegemite&hellip;\n","protected":false},"author":2,"featured_media":91418,"comment_status":"","ping_status":"","sticky":false,"template":"","format":"standard","meta":{"footnotes":""},"categories":[10],"tags":[20,21,24,25,15,22,23,13,30,28,29,14,16,26,27,412],"class_list":{"0":"post-91417","1":"post","2":"type-post","3":"status-publish","4":"format-standard","5":"has-post-thumbnail","7":"category-norge","8":"tag-breaking-news","9":"tag-breakingnews","10":"tag-featured-news","11":"tag-featurednews","12":"tag-headlines","13":"tag-latest-news","14":"tag-latestnews","15":"tag-news","16":"tag-no","17":"tag-norge","18":"tag-norway","19":"tag-nyheter","20":"tag-overskrifter","21":"tag-top-stories","22":"tag-topstories","23":"tag-utenriks"},"share_on_mastodon":{"url":"https:\/\/pubeurope.com\/@no\/115578490431681687","error":""},"_links":{"self":[{"href":"https:\/\/www.europesays.com\/no\/wp-json\/wp\/v2\/posts\/91417","targetHints":{"allow":["GET"]}}],"collection":[{"href":"https:\/\/www.europesays.com\/no\/wp-json\/wp\/v2\/posts"}],"about":[{"href":"https:\/\/www.europesays.com\/no\/wp-json\/wp\/v2\/types\/post"}],"author":[{"embeddable":true,"href":"https:\/\/www.europesays.com\/no\/wp-json\/wp\/v2\/users\/2"}],"replies":[{"embeddable":true,"href":"https:\/\/www.europesays.com\/no\/wp-json\/wp\/v2\/comments?post=91417"}],"version-history":[{"count":0,"href":"https:\/\/www.europesays.com\/no\/wp-json\/wp\/v2\/posts\/91417\/revisions"}],"wp:featuredmedia":[{"embeddable":true,"href":"https:\/\/www.europesays.com\/no\/wp-json\/wp\/v2\/media\/91418"}],"wp:attachment":[{"href":"https:\/\/www.europesays.com\/no\/wp-json\/wp\/v2\/media?parent=91417"}],"wp:term":[{"taxonomy":"category","embeddable":true,"href":"https:\/\/www.europesays.com\/no\/wp-json\/wp\/v2\/categories?post=91417"},{"taxonomy":"post_tag","embeddable":true,"href":"https:\/\/www.europesays.com\/no\/wp-json\/wp\/v2\/tags?post=91417"}],"curies":[{"name":"wp","href":"https:\/\/api.w.org\/{rel}","templated":true}]}}