{"id":91419,"date":"2025-11-19T21:33:56","date_gmt":"2025-11-19T21:33:56","guid":{"rendered":"https:\/\/www.europesays.com\/no\/91419\/"},"modified":"2025-11-19T21:33:56","modified_gmt":"2025-11-19T21:33:56","slug":"verdal-jobb-ungdommene-strommet-til-veldig-kult","status":"publish","type":"post","link":"https:\/\/www.europesays.com\/no\/91419\/","title":{"rendered":"Verdal, Jobb | Ungdommene str\u00f8mmet til: \u2013 Veldig kult"},"content":{"rendered":"\n<p><b>VERDAL: <\/b>Det str\u00f8mmet til av nysgjerrige og engasjerte elever i Kvislahallen under \u00e5rets utgave av M\u00f8teplassen. Med rundt 70 bedrifter, og i underkant av 2.000 elever i Kvislahallen ble det rekord.<\/p>\n<p>For mange ungdommer er dette stedet det aller f\u00f8rste m\u00f8tet med arbeidslivet i egen region, og denne dagen handler i hovedsak om \u00e5 vise ungdommene at n\u00e6ringslivet p\u00e5 Innherred har et bredt utvalg.<\/p>\n<p>\u2013 Jeg brenner for dette<\/p>\n<p>Ingrid Dahl Furunes er daglig leder i Innherreds N\u00e6ringsforening som er en av akt\u00f8rene som arrangerer M\u00f8teplassen. Hun forteller at dette arrangementet er noe hun brenner for, og mener det er veldig viktig og verdifullt \u00e5 kunne arrangere en slik dag.<\/p>\n<p>\u2013 Dette er ett av de st\u00f8rste \u00f8yeblikkene i l\u00f8pet av et \u00e5r for min del. Jeg synes det er utrolig verdifullt at vi klarer \u00e5 lage et s\u00e5nt arrangement, og jeg er veldig takknemlig for at vi har f\u00e5tt s\u00e5 mange p\u00e5meldinger fra b\u00e5de elever og bedrifter, sier Furunes.<\/p>\n<p>   <img decoding=\"async\" width=\"5568\" height=\"3712\" fetchpriority=\"low\"  loading=\"lazy\"  src=\"https:\/\/www.europesays.com\/no\/wp-content\/uploads\/2025\/11\/DSC_2998_2.JPG\" alt=\"\" class=\"brick-c-cFOWSL\" style=\"--brick-image-ratio: 5568 \/ 3712;\"\/><\/p>\n<p>      VERDIFULLT: Ingrid Dahl Furunes er daglig leder i Innherred N\u00e6ringsforening som er en av arrang\u00f8rene av Industriens uke. Hun mener M\u00f8teplassen et en verdifullt og viktig arrangement, som gir ungdommer en mulighet til \u00e5 m\u00f8te det lokale n\u00e6ringslivet<br \/>\n      Foto: Johannes Troset-Engan\n    <\/p>\n<p>Hun forteller videre at hun tror det er mange ungdommer som ikke kjenner til lokalt n\u00e6ringsliv, og at dette er viktig \u00e5 f\u00e5 fram.<\/p>\n<p>\u2013 Grunnen til at jeg brenner for dette er at jeg tror det er mange ungdommer som synes det er utfordrende \u00e5 kjenne lokalt n\u00e6ringsliv. N\u00e5r man skal ta valgene etter ungdomsskole og videreg\u00e5ende er det veldig verdifullt \u00e5 f\u00e5 m\u00f8te bedrifter, og f\u00e5 pratet med folkene som driver med det. Intensjonen med \u00e5 ha et slikt arrangement er \u00e5 kunne hjelpe ungdommen med \u00e5 ta de riktige valgene, forteller Furunes.<\/p>\n<p>Pr\u00f8ving er l\u00e6ring<\/p>\n<p>Gro Nedberg Gr\u00f8nlid er karriereveileder og formidlingskoordinator p\u00e5 Verdal VGS, og hun er enig i Furunes i at arrangementet er sv\u00e6rt viktig for ungdommen. Hun mener ogs\u00e5 at M\u00f8teplassen blir viktig som en del av karriereveiledningen.<\/p>\n<p>   <img decoding=\"async\" width=\"5568\" height=\"3712\" fetchpriority=\"low\"  loading=\"lazy\"  src=\"https:\/\/www.europesays.com\/no\/wp-content\/uploads\/2025\/11\/DSC_2978_1.JPG\" alt=\"\" class=\"brick-c-cFOWSL\" style=\"--brick-image-ratio: 5568 \/ 3712;\"\/><\/p>\n<p>      Industriens dag 2025<br \/>\nGro Nedberg Gr\u00f8nlid, Karriereveileder og formidlingskoordinator p\u00e5 Verdal VGS<br \/>\n      Foto: Johannes Troset-Engan\n    <\/p>\n<p>\u2013 Det er viktig at elevene vet hva yrkene inneb\u00e6rer. Det er lettere \u00e5 fortelle de hva en t\u00f8mrer er n\u00e5r de har pr\u00f8vd \u00e5 holde i en hammer, s\u00e5 det er jo litt av poenget med \u00e5 ha et s\u00e5nt arrangement.<\/p>\n<p>Ungdommen taler:\u2013 Viktig<\/p>\n<p>Guttegjengen Theo Juliussen (16), Sindre Olsen (16) og Matheus Rekve-Lyng (16) synes det har v\u00e6rt en viktig, informativ og artig dag p\u00e5 Verdal videreg\u00e5ende skole.<\/p>\n<p>\u2013 Det har v\u00e6rt en fin dag. Veldig mye greie folk, mye informasjon om forskjellige yrker, og rett og slett en veldig grei plass \u00e5 v\u00e6re p\u00e5, sier Olsen.<\/p>\n<p>   <img decoding=\"async\" width=\"2316\" height=\"1200\" fetchpriority=\"low\"  loading=\"lazy\"  src=\"https:\/\/www.europesays.com\/no\/wp-content\/uploads\/2025\/11\/FotoJet+(3)_1.jpg\" alt=\"\" class=\"brick-c-cFOWSL\" style=\"--brick-image-ratio: 2316 \/ 1200;\"\/><\/p>\n<p>      Theo Juliussen (16) (f.v.), Sindre Olsen (16) og Matheus Rekve-Lyng (16)<br \/>\n      Foto: Johannes Troset-Engan\n    <\/p>\n<p><b>Synes dere det er viktig med et slikt arrangement?<\/b><\/p>\n<p>\u2013 Ja jeg synes det er ganske viktig \u00e5 f\u00e5 innblikk i andre yrker. Det kan jo hende at man ender opp med \u00e5 endre noen valg, sier Juliussen.<\/p>\n<p>\u2013 Ja, det er ganske interessant fordi her kan du se hva folk innen yrket du er interessert i gj\u00f8r, og ulike ting man kan jobbe med innen det, forteller Lyng.<\/p>\n<p>   <img decoding=\"async\" width=\"2212\" height=\"1200\" fetchpriority=\"low\"  loading=\"lazy\"  src=\"https:\/\/www.europesays.com\/no\/wp-content\/uploads\/2025\/11\/FotoJet+%284%29.jpg\" alt=\"\" class=\"brick-c-cFOWSL\" style=\"--brick-image-ratio: 2212 \/ 1200;\"\/><\/p>\n<p>      Emma Sagvold-Landstad (17) og Kajsa Skrove (17)<br \/>\n      Foto: Johannes Troset-Engan\n    <\/p>\n<p>Elevene Emma Sagvold-Landstad (17) og Kajsa Skrove (17) synes det har v\u00e6rt en morsom dag.<\/p>\n<p>\u2013 Jeg synes det er bra at vi f\u00e5r velge mellom bedrifter, og se litt hva ulike ting i arbeidslivet g\u00e5r ut p\u00e5, sier Emma.<\/p>\n<p>\u2013 Man f\u00e5r jo ogs\u00e5 pr\u00f8vd litt ulike ting innen ulike yrker, som for eksempel m\u00e5le blodsukker, kose med dyr og forskjellig ting, og det synes jeg er veldig kult.<\/p>\n","protected":false},"excerpt":{"rendered":"VERDAL: Det str\u00f8mmet til av nysgjerrige og engasjerte elever i Kvislahallen under \u00e5rets utgave av M\u00f8teplassen. Med rundt&hellip;\n","protected":false},"author":2,"featured_media":91420,"comment_status":"","ping_status":"","sticky":false,"template":"","format":"standard","meta":{"footnotes":""},"categories":[56],"tags":[36,60,61,11961,416,62,30,28,29,1510,6603,132,2133],"class_list":{"0":"post-91419","1":"post","2":"type-post","3":"status-publish","4":"format-standard","5":"has-post-thumbnail","7":"category-naeringsliv","8":"tag-art","9":"tag-business","10":"tag-economy","11":"tag-innherred-naeringsforening","12":"tag-jobb","13":"tag-naeringsliv","14":"tag-no","15":"tag-norge","16":"tag-norway","17":"tag-story","18":"tag-ta-iv","19":"tag-utdanning","20":"tag-verdal"},"share_on_mastodon":{"url":"https:\/\/pubeurope.com\/@no\/115578514283054744","error":""},"_links":{"self":[{"href":"https:\/\/www.europesays.com\/no\/wp-json\/wp\/v2\/posts\/91419","targetHints":{"allow":["GET"]}}],"collection":[{"href":"https:\/\/www.europesays.com\/no\/wp-json\/wp\/v2\/posts"}],"about":[{"href":"https:\/\/www.europesays.com\/no\/wp-json\/wp\/v2\/types\/post"}],"author":[{"embeddable":true,"href":"https:\/\/www.europesays.com\/no\/wp-json\/wp\/v2\/users\/2"}],"replies":[{"embeddable":true,"href":"https:\/\/www.europesays.com\/no\/wp-json\/wp\/v2\/comments?post=91419"}],"version-history":[{"count":0,"href":"https:\/\/www.europesays.com\/no\/wp-json\/wp\/v2\/posts\/91419\/revisions"}],"wp:featuredmedia":[{"embeddable":true,"href":"https:\/\/www.europesays.com\/no\/wp-json\/wp\/v2\/media\/91420"}],"wp:attachment":[{"href":"https:\/\/www.europesays.com\/no\/wp-json\/wp\/v2\/media?parent=91419"}],"wp:term":[{"taxonomy":"category","embeddable":true,"href":"https:\/\/www.europesays.com\/no\/wp-json\/wp\/v2\/categories?post=91419"},{"taxonomy":"post_tag","embeddable":true,"href":"https:\/\/www.europesays.com\/no\/wp-json\/wp\/v2\/tags?post=91419"}],"curies":[{"name":"wp","href":"https:\/\/api.w.org\/{rel}","templated":true}]}}