{"id":91421,"date":"2025-11-19T21:35:11","date_gmt":"2025-11-19T21:35:11","guid":{"rendered":"https:\/\/www.europesays.com\/no\/91421\/"},"modified":"2025-11-19T21:35:11","modified_gmt":"2025-11-19T21:35:11","slug":"ukraina-russland-usa-foreslar-at-ukraina-gir-fra-seg-land-og-reduserer-haeren","status":"publish","type":"post","link":"https:\/\/www.europesays.com\/no\/91421\/","title":{"rendered":"Ukraina, Russland | USA foresl\u00e5r at Ukraina gir fra seg land og reduserer h\u00e6ren"},"content":{"rendered":"\n<p>USA og Russland har i hemmelighet diskutert en plan for \u00e5 gj\u00f8re slutt p\u00e5 Ukraina-krigen, opplyser russiske og amerikanske kilder til flere medier.<\/p>\n<p><a href=\"https:\/\/www.axios.com\/2025\/11\/19\/ukraine-peace-plan-trump-russia-witkoff\" rel=\"noopener nofollow\" target=\"_blank\">If\u00f8lge nettstedet Axios <\/a>dreier det seg om en plan i 28 punkter som er inspirert av Trump-administrasjonens s\u00e5kalte fredsplan for Gazastripen.<\/p>\n<p>USA har if\u00f8lge Reuters signalisert til president Volodymyr Zelenskyj at Ukraina m\u00e5 akseptere det amerikanske utkastet som blant annet inneb\u00e6rer at Kyiv m\u00e5 gi slipp p\u00e5 b\u00e5de territorium og enkelte v\u00e5pensystemer.<\/p>\n<p>If\u00f8lge to kilder Reuters har snakket med inneb\u00e6rer den amerikanske planen blant annet at Ukraina m\u00e5 redusere sine v\u00e6pnede styrker.<\/p>\n<p>    Vil du se neste video?<\/p>\n<p>    <a href=\"https:\/\/www.nettavisen.no\/sport\/her-bryter-kronprins-haakon-inn-nar-prins-sverre-magnus-svarer-pa-italia-sporsmal-fra-norsk-presse\/v\/5-95-2731534\" class=\"recommend-poster\" data-adp-clicklabel=\"video-recommend\" data-adp-clickvalue=\"poster\" rel=\"nofollow noopener\" target=\"_blank\"><br \/>\n      <img decoding=\"async\" width=\"200\" height=\"200\" loading=\"lazy\" src=\"https:\/\/www.europesays.com\/no\/wp-content\/uploads\/2025\/11\/Kronprins+Haakon+til+cue.jpg\" alt=\"\" class=\"brick-c-cFOWSL\" style=\"--brick-image-ratio: 200 \/ 200;\"\/><\/p>\n<p>Her bryter kronprinsen inn0:38<\/p>\n<p>    <\/a><\/p>\n<p>        En ny video av Russlands president Vladimir Putin vekker oppsikt og har g\u00e5tt viralt. For hva skjer med hendene til den russiske lederen?<br \/>\n        Donbas-regionen<\/p>\n<p>Financial Times-reporteren <a href=\"https:\/\/x.com\/ChristopherJM\/status\/1991185889796428128\" rel=\"noopener nofollow\">Christopher Miller skriver p\u00e5 X<\/a> at forslaget inneb\u00e6rer at Ukraina m\u00e5 halvere sine v\u00e6pnede styrker og overlate Donbas-regionen til Russland.<\/p>\n<p>En kilde AFP har snakket med sier at Ukraina m\u00e5 redusere h\u00e6ren til 400.000 soldater, mot dagens rundt 900.000. Landet m\u00e5 if\u00f8lge planen ogs\u00e5 gi slipp p\u00e5 alle langtrekkende v\u00e5pen og anerkjenne Krim-halv\u00f8ya som russisk.<\/p>\n<p>Russland annekterte Krim i 2014. I 2022 annekterte de ogs\u00e5 Donetsk, Luhansk, Zaporizjzja og Kherson i Donbas-regionen, men har ikke full milit\u00e6r kontroll over disse fire fylkene.<\/p>\n<p>Hvilke krav den amerikanske planen eventuelt stiller til Russland er ikke kjent.<\/p>\n<p><b>Les ogs\u00e5: <a class=\"simple-relation related-teaser article--c-eRUmMG article--c-eRUmMG-fZoQSp-design-nettavisen article--c-eRUmMG-gwthdJ-cv\" href=\"https:\/\/www.nettavisen.no\/massiv-klagestorm-mot-nrk-etter-nazimarsj-tittel\/s\/5-95-2733699\" rel=\"nofollow noopener\" target=\"_blank\">Massiv klagestorm mot NRK etter \u00abnazimarsj\u00bb<\/a><\/b><\/p>\n<p>Misliker<\/p>\n<p>Ukrainas president Volodymyr Zelenskyj misliker if\u00f8lge Miller planen, som Trumps spesialutsending Steve Witkoff har lagt fram for Ukrainas nasjonale sikkerhetsr\u00e5dgiver Rustem Umerov. Det samme melder Axios.<\/p>\n<p>Russlands spesialutsending Kirill Dmitrijev sier at han har tro p\u00e5 den amerikanske planen.<\/p>\n<p>\u2013 Det f\u00f8les som at det russiske standpunktet virkelig blir h\u00f8rt, sa han til Axios mandag.<\/p>\n<p>   <img decoding=\"async\" width=\"2471\" height=\"1648\" fetchpriority=\"low\"  loading=\"lazy\"  src=\"https:\/\/www.europesays.com\/no\/wp-content\/uploads\/2025\/11\/NTB_0dA3uEMVJco.jpg\" alt=\"President Vladimir Putin's investment envoy Kirill Dmitriev, left, and U.S. President Donald Trump's special envoy Steve Witkoff walk to attend the talks with Russian President Vladimir Putin in St. Petersburg, Russia, Friday, April 11, 2025. (Vyacheslav Prokofyev, Sputnik, Kremlin Pool Photo via AP)\" class=\"brick-c-cFOWSL\" style=\"--brick-image-ratio: 2471 \/ 1648;\"\/><\/p>\n<p>      DISKUSJONER: USAs spesialutsending Steve Witkoff (t.h.) skal hatt grundige diskusjoner med Russlands spesialutsending Kirill Dmitrijev om en ny fredsplan for Ukraina<br \/>\n      Foto: Vyacheslav Prokofyev \/ AP \/ NTB\n    <\/p>\n<p>  \u2013 Intet nytt<\/p>\n<p>Kreml \u00f8nsket onsdag ikke \u00e5 kommentere opplysningene om den amerikanske planen.<\/p>\n<p>\u2013 I denne saken er det intet nytt som vi kan informere dere om, sa president Vladimir Putins talsperson Dmitrij Peskov.<\/p>\n<p>If\u00f8lge det statlige russiske nyhetsbyr\u00e5et RIA ventes det at Witkoff om kort tid bes\u00f8ker Moskva, men dette har ikke den amerikanske spesialutsendingen bekreftet.<\/p>\n<p>Zelenskyj m\u00f8tte Erdogan<\/p>\n<p>Zelenskyj ankom onsdag Tyrkia, der han m\u00f8tte president Recep Tayyip Erdogan. Det er ikke kjent om Witkoff ogs\u00e5 deltok i samtalen.<\/p>\n<p>   <img decoding=\"async\" width=\"4026\" height=\"2727\" fetchpriority=\"low\"  loading=\"lazy\"  src=\"https:\/\/www.europesays.com\/no\/wp-content\/uploads\/2025\/11\/NTB_MpwVcrBDd3g.jpg\" alt=\"Turkish President Recep Tayyip Erdogan, right, talks to journalists during a joint press conference with Ukrainian President Volodymyr Zelenskyy following their meeting at the presidential palace in Ankara, Wednesday, Nov. 19, 2025. (Yavuz Ozden\/Dia Photo via AP)\" class=\"brick-c-cFOWSL\" style=\"--brick-image-ratio: 4026 \/ 2727;\"\/><\/p>\n<p>      BES\u00d8KTE: Ukrainas president Volodymyr Zelenskyj bes\u00f8kte onsdag Ankara der han diskuterte utsiktene til en fredsl\u00f8sning med Tyrkias president Recep Tayyip Erdogan.<br \/>\n      Foto: Yavuz Ozden \/ AP\n    <\/p>\n<p>\u2013 For \u00e5 stanse blodsutgytelsen og oppn\u00e5 varig fred er det viktig at vi jobber sammen med alle v\u00e5re partnere, og at det amerikanske lederskapet forblir effektivt og sterkt, skrev Zelenskyj p\u00e5 Telegram etter samtalene i Ankara.<\/p>\n<p>President Trump \u00abhar tilstrekkelig styrke\u00bb til \u00e5 f\u00e5 en endelig slutt p\u00e5 krigen, la han til.<\/p>\n<p>Kellogg p\u00e5 vei ut<\/p>\n<p>Samtidig melder <a href=\"https:\/\/www.reuters.com\/world\/europe\/trumps-ukraine-envoy-kellogg-leave-post-january-sources-say-2025-11-19\/?utm_social_handle_id=114050161948682&amp;utm_medium=Social&amp;utm_social_post_id=580375818&amp;utm_source=twitter&amp;utm_medium=Social&amp;utm_source=twitter\" rel=\"Follow nofollow noopener\" target=\"_blank\">Reuters <\/a>at USAs spesialutsending for Ukraina, Keith Kellogg, har fortalt kolleger at han vil forlate stillingen i januar. Fire kilder sier til nyhetsbyr\u00e5et at avgangen betyr at Ukraina mister en av sine viktigste st\u00f8ttespillere i Trump-administrasjonen.<\/p>\n<p>If\u00f8lge Reuters har Kellogg pekt p\u00e5 at spesialutsendinger bare kan sitte 360 dager uten senatsgodkjenning, og at januar derfor er et naturlig sluttpunkt.<\/p>\n<p>Kellogg er av europeiske diplomater og ukrainere blitt sett som en sjelden st\u00f8ttende stemme i en administrasjon som tidvis har lent seg mot Moskvas syn p\u00e5 krigens \u00e5rsaker. Han har ogs\u00e5 ford\u00f8mt russiske angrep p\u00e5 ukrainsk sivil infrastruktur tydeligere enn mange andre i administrasjonen, skriver Reuters.<\/p>\n<p>Nyhetsbyr\u00e5et viser ogs\u00e5 til at han flere ganger har v\u00e6rt i konflikt med Steve Witkoff, som st\u00e5r bak den nye planen Ukraina n\u00e5 har f\u00e5tt presentert.<\/p>\n<p>Witkoff har gjentatt enkelte av Vladimir Putins argumenter og tatt til orde for en territorial byttehandel som mange oppfatter som sv\u00e6rt gunstig for Russland.<\/p>\n","protected":false},"excerpt":{"rendered":"USA og Russland har i hemmelighet diskutert en plan for \u00e5 gj\u00f8re slutt p\u00e5 Ukraina-krigen, opplyser russiske og&hellip;\n","protected":false},"author":2,"featured_media":91422,"comment_status":"","ping_status":"","sticky":false,"template":"","format":"standard","meta":{"footnotes":""},"categories":[12],"tags":[20,21,24,25,15,22,23,13,30,28,29,14,16,26,27,42,43,44,45],"class_list":{"0":"post-91421","1":"post","2":"type-post","3":"status-publish","4":"format-standard","5":"has-post-thumbnail","7":"category-verden","8":"tag-breaking-news","9":"tag-breakingnews","10":"tag-featured-news","11":"tag-featurednews","12":"tag-headlines","13":"tag-latest-news","14":"tag-latestnews","15":"tag-news","16":"tag-no","17":"tag-norge","18":"tag-norway","19":"tag-nyheter","20":"tag-overskrifter","21":"tag-top-stories","22":"tag-topstories","23":"tag-verden","24":"tag-world","25":"tag-world-news","26":"tag-worldnews"},"share_on_mastodon":{"url":"https:\/\/pubeurope.com\/@no\/115578517955723291","error":""},"_links":{"self":[{"href":"https:\/\/www.europesays.com\/no\/wp-json\/wp\/v2\/posts\/91421","targetHints":{"allow":["GET"]}}],"collection":[{"href":"https:\/\/www.europesays.com\/no\/wp-json\/wp\/v2\/posts"}],"about":[{"href":"https:\/\/www.europesays.com\/no\/wp-json\/wp\/v2\/types\/post"}],"author":[{"embeddable":true,"href":"https:\/\/www.europesays.com\/no\/wp-json\/wp\/v2\/users\/2"}],"replies":[{"embeddable":true,"href":"https:\/\/www.europesays.com\/no\/wp-json\/wp\/v2\/comments?post=91421"}],"version-history":[{"count":0,"href":"https:\/\/www.europesays.com\/no\/wp-json\/wp\/v2\/posts\/91421\/revisions"}],"wp:featuredmedia":[{"embeddable":true,"href":"https:\/\/www.europesays.com\/no\/wp-json\/wp\/v2\/media\/91422"}],"wp:attachment":[{"href":"https:\/\/www.europesays.com\/no\/wp-json\/wp\/v2\/media?parent=91421"}],"wp:term":[{"taxonomy":"category","embeddable":true,"href":"https:\/\/www.europesays.com\/no\/wp-json\/wp\/v2\/categories?post=91421"},{"taxonomy":"post_tag","embeddable":true,"href":"https:\/\/www.europesays.com\/no\/wp-json\/wp\/v2\/tags?post=91421"}],"curies":[{"name":"wp","href":"https:\/\/api.w.org\/{rel}","templated":true}]}}