{"id":91423,"date":"2025-11-19T21:36:10","date_gmt":"2025-11-19T21:36:10","guid":{"rendered":"https:\/\/www.europesays.com\/no\/91423\/"},"modified":"2025-11-19T21:36:10","modified_gmt":"2025-11-19T21:36:10","slug":"transplantasjon-sverige-banebrytende-operasjon-i-sverige-transplantasjon-av-hender-gir-lovende-resultater","status":"publish","type":"post","link":"https:\/\/www.europesays.com\/no\/91423\/","title":{"rendered":"Transplantasjon, Sverige | Banebrytende operasjon i Sverige: Transplantasjon av hender gir lovende resultater"},"content":{"rendered":"\n<p>En svensk mann fikk i sommer transplantert to nye hender i en dobbel h\u00e5ndtransplantasjon. Etter en ulykke der han mistet begge hendene.<\/p>\n<p>Operasjonen er sv\u00e6rt sjelden, og er gjennomf\u00f8rt \u00e9n gang tidligere i Sverige i G\u00f6teborg i 2020.<\/p>\n<p>I Norge vegrer kirurger og forskere seg mot \u00e5 gjennomf\u00f8re.<\/p>\n<p>Omfattende oppf\u00f8lging<\/p>\n<p>Dr\u00f8yt tre m\u00e5neder etter operasjonen har den svenske pasienten begynt \u00e5 bruke hendene til \u00e5 skrive og spise med bestikk, skriver S\u00f6dersjukhuset i en pressemelding.<\/p>\n<p><b>Les ogs\u00e5: <a class=\"simple-relation related-teaser article--c-eRUmMG article--c-eRUmMG-fZoQSp-design-nettavisen article--c-eRUmMG-gwthdJ-cv\" href=\"https:\/\/www.nettavisen.no\/reagerer-kraftig-pa-overvekt-kampanje-pa-grensen-av-det-lovlige\/s\/5-95-2730470\" rel=\"nofollow noopener\" target=\"_blank\">Reagerer kraftig p\u00e5 overvekt-kampanje: \u2013 P\u00e5 grensen av det lovlige<\/a><\/b><\/p>\n<p>\u2013 \u00c5 miste hendene betyr stor lidelse. Vi har v\u00e6rt i kontakt med pasienten i flere \u00e5r i forkant av h\u00e5ndtransplantasjonen. N\u00e5 er det fantastisk \u00e5 se hvordan pasienten gradvis gjenvinner funksjon i sine nye hender, noe som er en prosess som tar lang tid og krever omfattende rehabilitering\u00bb, sier Tobias Laurell, operasjonsleder og h\u00e5ndkirurg ved sykehuset.<\/p>\n<p>   <img decoding=\"async\" width=\"4000\" height=\"3195\" fetchpriority=\"low\"  loading=\"lazy\"  src=\"https:\/\/www.europesays.com\/no\/wp-content\/uploads\/2025\/11\/handtransplantation-sodersjukhuset-1-foto-clas-fr%C3%B6hling.jpg\" alt=\"En mann i Sverige fikk transplantert begge hendene.\" class=\"brick-c-cFOWSL\" style=\"--brick-image-ratio: 4000 \/ 3195;\"\/><\/p>\n<p>      OMFATTENDE: Mannen m\u00e5 drive med omfattende rehabilitering og behandling p\u00e5 hendene.<br \/>\n      Foto: Clas Fr\u00f6hling (S\u00f6dersjukhuset)\n    <\/p>\n<p>Hendene har n\u00e5 kommet gjennom de f\u00f8rste kritiske fasene, men det er ikke f\u00f8r noen \u00e5r man vil se det endelige resultatet. Pasienten trenger ogs\u00e5 behandling for resten av livet, for \u00e5 forhindre at hendene blir avst\u00f8tt fra kroppen.<\/p>\n<p><b>Les ogs\u00e5: <a class=\"simple-relation related-teaser article--c-eRUmMG article--c-eRUmMG-fZoQSp-design-nettavisen article--c-eRUmMG-gwthdJ-cv\" href=\"https:\/\/www.nettavisen.no\/ellevill-respons-etter-eia-dokumentar-ma-fa-hemmelig-nummer\/s\/5-95-2721085\" rel=\"nofollow noopener\" target=\"_blank\">Ellevill respons etter Eia-dokumentar: \u2013 M\u00e5 f\u00e5 hemmelig nummer<\/a><\/b><\/p>\n<p>For f\u00e5 pasienter<\/p>\n<p>Ved ortopedisk klinikk p\u00e5 Oslo universitetssykehus, har de fulgt de svenske funnene med interesse. Wender Figved, leder ved klinikken, er imponert over funnene. Han sier det er vanskelig kirurgi svenskene har utf\u00f8rt.<\/p>\n<p>\u2013 Det er stor kirurgi med h\u00f8y risiko, og som de svenske kirurgene skriver, er det en viss fare for avst\u00f8tning og andre komplikasjoner. Vi h\u00e5per selvf\u00f8lgelig at dette g\u00e5r bra, skriver Figved til Nettavisen.<\/p>\n<p><b>Les ogs\u00e5: <a class=\"simple-relation related-teaser article--c-eRUmMG article--c-eRUmMG-fZoQSp-design-nettavisen article--c-eRUmMG-gwthdJ-cv\" href=\"https:\/\/www.nettavisen.no\/norsk-slanke-studie-ryster-eksperten-de-sulter-barna\/s\/5-95-2709048\" rel=\"nofollow noopener\" target=\"_blank\">Norsk slanke-studie ryster eksperten: \u2013 De sulter barna<\/a><\/b><\/p>\n<p>I 2017 var h\u00e5ndtransplantasjon oppe i bestillerforum. Da ble det besluttet at man ikke gikk videre med vurderingen av operasjonen, blant annet som f\u00f8lge av tydelig r\u00e5d fra fagmilj\u00f8et. opplyser Vilde Sundstedt Baugst\u00f8, kommunikasjonsansvarlig i Nye Metoder.<\/p>\n<p>\u2013 Det er snakk om et sv\u00e6rt lite pasientvolum b\u00e5de i norsk og nordisk sammenheng, forklarer hun.<\/p>\n<p>Figved understreker at OUS er et av fem nordiske sykehus som er med i NUA-samarbeidet, en nordisk sykehusallianse med fokus p\u00e5 \u00e5 behandle sjeldne sykdommer.<\/p>\n<p>\u2013 Dersom denne behandlingen viser seg \u00e5 v\u00e6re riktig \u00e5 gj\u00f8re p\u00e5 flere pasienter i fremtiden vil det v\u00e6re naturlig at det samles i ett nordisk land, fremfor at fem land opererer \u00e9n slik pasient per \u00e5r, for eksempel, forklarer Figved.<\/p>\n","protected":false},"excerpt":{"rendered":"En svensk mann fikk i sommer transplantert to nye hender i en dobbel h\u00e5ndtransplantasjon. Etter en ulykke der&hellip;\n","protected":false},"author":2,"featured_media":91424,"comment_status":"","ping_status":"","sticky":false,"template":"","format":"standard","meta":{"footnotes":""},"categories":[10],"tags":[20,21,24,25,15,22,23,13,30,28,29,14,16,26,27],"class_list":{"0":"post-91423","1":"post","2":"type-post","3":"status-publish","4":"format-standard","5":"has-post-thumbnail","7":"category-norge","8":"tag-breaking-news","9":"tag-breakingnews","10":"tag-featured-news","11":"tag-featurednews","12":"tag-headlines","13":"tag-latest-news","14":"tag-latestnews","15":"tag-news","16":"tag-no","17":"tag-norge","18":"tag-norway","19":"tag-nyheter","20":"tag-overskrifter","21":"tag-top-stories","22":"tag-topstories"},"share_on_mastodon":{"url":"https:\/\/pubeurope.com\/@no\/115578521783544994","error":""},"_links":{"self":[{"href":"https:\/\/www.europesays.com\/no\/wp-json\/wp\/v2\/posts\/91423","targetHints":{"allow":["GET"]}}],"collection":[{"href":"https:\/\/www.europesays.com\/no\/wp-json\/wp\/v2\/posts"}],"about":[{"href":"https:\/\/www.europesays.com\/no\/wp-json\/wp\/v2\/types\/post"}],"author":[{"embeddable":true,"href":"https:\/\/www.europesays.com\/no\/wp-json\/wp\/v2\/users\/2"}],"replies":[{"embeddable":true,"href":"https:\/\/www.europesays.com\/no\/wp-json\/wp\/v2\/comments?post=91423"}],"version-history":[{"count":0,"href":"https:\/\/www.europesays.com\/no\/wp-json\/wp\/v2\/posts\/91423\/revisions"}],"wp:featuredmedia":[{"embeddable":true,"href":"https:\/\/www.europesays.com\/no\/wp-json\/wp\/v2\/media\/91424"}],"wp:attachment":[{"href":"https:\/\/www.europesays.com\/no\/wp-json\/wp\/v2\/media?parent=91423"}],"wp:term":[{"taxonomy":"category","embeddable":true,"href":"https:\/\/www.europesays.com\/no\/wp-json\/wp\/v2\/categories?post=91423"},{"taxonomy":"post_tag","embeddable":true,"href":"https:\/\/www.europesays.com\/no\/wp-json\/wp\/v2\/tags?post=91423"}],"curies":[{"name":"wp","href":"https:\/\/api.w.org\/{rel}","templated":true}]}}