{"id":91425,"date":"2025-11-19T21:43:16","date_gmt":"2025-11-19T21:43:16","guid":{"rendered":"https:\/\/www.europesays.com\/no\/91425\/"},"modified":"2025-11-19T21:43:16","modified_gmt":"2025-11-19T21:43:16","slug":"papeker-krigens-klimaskader-vil-kreve-milliarder-fra-russland","status":"publish","type":"post","link":"https:\/\/www.europesays.com\/no\/91425\/","title":{"rendered":"P\u00e5peker krigens klimaskader, vil kreve milliarder fra Russland"},"content":{"rendered":"<p class=\"kicker t14 tm14 font-weight-light m-font-weight-light primary color_mobile_primary font-NotoSans\" style=\"\">Ukraina p\u00e5 klimatoppm\u00f8tet i Bel\u00e9m:<\/p>\n<p>    Ukraina planlegger \u00e5 kreve 43 milliarder dollar i klimakompensasjon fra Russland for \u00e5 sikre en klimavennlig gjenoppbygging. \u2013 Ukraina st\u00e5r ansikt til ansikt med brutaliteten, men klimasjokkb\u00f8lgene vil bli f\u00f8lt langt utenfor v\u00e5re grenser, sier Ukrainas viseminister for handel, klima og landbruk.<\/p>\n<p>\n        Ukrainske soldater beveger seg gjennom en forkullet skog utenfor Andriivka ved fronten i Donetsk-regionen i Ukraina i midten av september 2023.<br \/>\n        Mstyslav Chernov \/ AP \/ NTB\n    <\/p>\n<p><a href=\"https:\/\/www.panoramanyheter.no\/brasil-cop30-klimaendringer\/papeker-krigens-klimaskader-vil-kreve-milliarder-fra-russland\/408078\" target=\"_blank\" rel=\"nofollow noopener\">Denne saken<\/a> ble f\u00f8rst publisert hos <a href=\"https:\/\/www.panoramanyheter.no\" rel=\"nofollow noopener\" target=\"_blank\">Panorama Nyheter.<\/a><\/p>\n<p>Kravet ble varslet i en kunngj\u00f8ring p\u00e5 klimatoppm\u00f8tet COP 30 i Brasil tirsdag.<\/p>\n<p>\u2013 Russland utkjemper en skitten krig, og klimaet v\u00e5rt er ogs\u00e5 et offer, sier Ukrainas viseminister for handel, klima og landbruk, Pavlo Kartasjov.<\/p>\n<p>Krigen i Ukraina har for\u00e5rsaket omfattende milj\u00f8skader, inkludert \u00f8deleggelse av skoger og naturreservater, skogbranner og forurensning fra skadede industriomr\u00e5der, if\u00f8lge rapporten\u00a0<a href=\"https:\/\/www.planetarysecurityinitiative.org\/news\/climate-damage-caused-russias-war-ukraine-1\" target=\"_blank\" rel=\"nofollow noopener\">Climate damage caused by Russia&#8217;s war in Ukraine<\/a>.<\/p>\n<p>\u2013 De enorme drivstoffmengdene som forbrennes, brent skog, \u00f8delagte bygninger, bruk av sement og st\u00e5l. Alt dette er \u00abkonfliktkarbon\u00bb og har en betydelig milj\u00f8kostnad. Ukraina st\u00e5r ansikt til ansikt med brutaliteten, men klimasjokkb\u00f8lgene vil bli f\u00f8lt langt utenfor v\u00e5re grenser og inn i fremtiden, sier Kartasjov p\u00e5 et arrangement i COP-byen Bel\u00e9m.<\/p>\n<p>Enorme klimakostnader<\/p>\n<p>Det er krevende \u00e5 ansl\u00e5 klimaavtrykket av krigen mens kamphandlingene p\u00e5g\u00e5r. Men det er skrevet flere rapporter om tematikken siste \u00e5rene.<\/p>\n<p>Panorama skrev nylig om\u00a0<a href=\"https:\/\/www.panoramanyheter.no\/klima-klima-og-miljo-klimaendringer\/ny-studie-ukraina-vil-fa-mer-torke-og-ekstremvaer\/403532\" target=\"_blank\" rel=\"nofollow noopener\">en rapport fra Verdensbanken som fastsl\u00e5r at Ukraina rammes hardt av klimaendringene<\/a>, men krigshandlingene vil ogs\u00e5 i seg selv bidra negativt.<\/p>\n<p>Da krigen hadde vart i to \u00e5r, skrev den britisk storavisen The Guardian om en rapport fra den ukrainske organisasjonen Ecoaction som antydet at\u00a0<a href=\"https:\/\/www.theguardian.com\/environment\/article\/2024\/jun\/13\/russia-war-with-ukraine-accelerating-global-climate-emergency-report-shows\" target=\"_blank\" rel=\"nofollow noopener\">klimakostnadene av Russlands krig mot Ukraina var st\u00f8rre enn de \u00e5rlige utslippene generert av 175 av verdens land<\/a>.<\/p>\n<p>\u00abRusslands invasjon av nabolandet har generert minst 175 millioner tonn karbondioksidekvivalenter (tCO2e), et avtrykk som stammer krigf\u00f8ring, branner, omdirigerte flyreiser, migrasjon og lekkasjer etter angrep p\u00e5 fossilbrenselinfrastruktur \u2013 samt fremtidige karbonkostnader ved gjenoppbygging\u00bb, skrev The Guardian den gang.<\/p>\n<p>Den ukrainske milj\u00f8organisasjonen har publisert flere nylige rapporter. \u00c9n fremhever bekymringer p\u00e5 omr\u00e5der som vannforvaltning, biologisk mangfold og bygdeutvikling.\u00a0En annen, \u00abVeikart for b\u00e6rekraftig gjenoppretting av Ukraina\u00bb, skisserer prioriteringer for gjenoppbygging etter krigen, med fokus p\u00e5 milj\u00f8vern, energi, landbruk og transport.<\/p>\n<p>\u2013\u00a0Det f\u00f8rste landet som holder et annet land ansvarlig for klimautslipp fra krig<\/p>\n<p>Tallene Ukraina la fram p\u00e5 klimatoppm\u00f8tet i Bel\u00e9m, er basert p\u00e5\u00a0<a href=\"https:\/\/climatefocus.com\/publications\/ukraine-war-climate-damage-updated\/\" target=\"_blank\" rel=\"nofollow noopener\">en rapport ble publisert i oktober av\u00a0Intiative on Greenhouse Gas Accounting of War<\/a>\u00a0(IGGAW), som viser at utslippene har \u00f8kt ytterligere det siste \u00e5ret.<\/p>\n<p>Rapporten\u00a0<a href=\"https:\/\/www.planetarysecurityinitiative.org\/news\/climate-damage-caused-russias-war-ukraine-1\" target=\"_blank\" rel=\"nofollow noopener\">Climate damage caused by Russia&#8217;s war in Ukraine<\/a>\u00a0beregner at Russlands invasjon har skapt klimautslipp tilsvarende 236,8 millioner tonn CO2\u00a0\u2013\u00a0like mye som de \u00e5rlige utslippene i \u00d8sterrike, Ungarn, Tsjekkia og Slovakia.\u00a0<\/p>\n<p>\u2013\u00a0V\u00e5r grundige dokumentasjon av karbonutslippene fra Russlands invasjon vil v\u00e6re grunnlaget for Ukrainas erstatningskrav. Mekanismen for dette er etablert i folkeretten, og n\u00e5r den er sendt inn, vil Ukraina v\u00e6re det f\u00f8rste landet som holder et annet land ansvarlig for klimautslipp fra krig,\u00a0<a href=\"https:\/\/www.yahoo.com\/news\/articles\/signal-putting-spotlight-climate-change-093000014.html\" target=\"_blank\" rel=\"nofollow noopener\">sier rapportens hovedforfatter\u00a0Lennard de Klerk<\/a>.<\/p>\n<p>Ukraina har laget et utkast til en lov som skal tilrettelegge for \u00abgr\u00f8nn gjenreising\u00bb etter krigens slutt, med m\u00e5l om \u00e5 tiltrekke seg investeringer. Det krigsherjede landet har allerede lovet \u00e5 legge seg p\u00e5 linje med EUs klimapolitikk.<\/p>\n","protected":false},"excerpt":{"rendered":"Ukraina p\u00e5 klimatoppm\u00f8tet i Bel\u00e9m: Ukraina planlegger \u00e5 kreve 43 milliarder dollar i klimakompensasjon fra Russland for \u00e5&hellip;\n","protected":false},"author":2,"featured_media":91426,"comment_status":"","ping_status":"","sticky":false,"template":"","format":"standard","meta":{"footnotes":""},"categories":[12],"tags":[20,21,24,25,15,22,23,13,30,28,29,14,16,26,27,42,43,44,45],"class_list":{"0":"post-91425","1":"post","2":"type-post","3":"status-publish","4":"format-standard","5":"has-post-thumbnail","7":"category-verden","8":"tag-breaking-news","9":"tag-breakingnews","10":"tag-featured-news","11":"tag-featurednews","12":"tag-headlines","13":"tag-latest-news","14":"tag-latestnews","15":"tag-news","16":"tag-no","17":"tag-norge","18":"tag-norway","19":"tag-nyheter","20":"tag-overskrifter","21":"tag-top-stories","22":"tag-topstories","23":"tag-verden","24":"tag-world","25":"tag-world-news","26":"tag-worldnews"},"share_on_mastodon":{"url":"https:\/\/pubeurope.com\/@no\/115578549419054888","error":""},"_links":{"self":[{"href":"https:\/\/www.europesays.com\/no\/wp-json\/wp\/v2\/posts\/91425","targetHints":{"allow":["GET"]}}],"collection":[{"href":"https:\/\/www.europesays.com\/no\/wp-json\/wp\/v2\/posts"}],"about":[{"href":"https:\/\/www.europesays.com\/no\/wp-json\/wp\/v2\/types\/post"}],"author":[{"embeddable":true,"href":"https:\/\/www.europesays.com\/no\/wp-json\/wp\/v2\/users\/2"}],"replies":[{"embeddable":true,"href":"https:\/\/www.europesays.com\/no\/wp-json\/wp\/v2\/comments?post=91425"}],"version-history":[{"count":0,"href":"https:\/\/www.europesays.com\/no\/wp-json\/wp\/v2\/posts\/91425\/revisions"}],"wp:featuredmedia":[{"embeddable":true,"href":"https:\/\/www.europesays.com\/no\/wp-json\/wp\/v2\/media\/91426"}],"wp:attachment":[{"href":"https:\/\/www.europesays.com\/no\/wp-json\/wp\/v2\/media?parent=91425"}],"wp:term":[{"taxonomy":"category","embeddable":true,"href":"https:\/\/www.europesays.com\/no\/wp-json\/wp\/v2\/categories?post=91425"},{"taxonomy":"post_tag","embeddable":true,"href":"https:\/\/www.europesays.com\/no\/wp-json\/wp\/v2\/tags?post=91425"}],"curies":[{"name":"wp","href":"https:\/\/api.w.org\/{rel}","templated":true}]}}