{"id":91429,"date":"2025-11-19T21:47:23","date_gmt":"2025-11-19T21:47:23","guid":{"rendered":"https:\/\/www.europesays.com\/no\/91429\/"},"modified":"2025-11-19T21:47:23","modified_gmt":"2025-11-19T21:47:23","slug":"konsert-kultur-rockelegender-kommer-til-trondheim","status":"publish","type":"post","link":"https:\/\/www.europesays.com\/no\/91429\/","title":{"rendered":"Konsert, Kultur | Rockelegender kommer til Trondheim"},"content":{"rendered":"\n<p>Det amerikanske rockebandet ZZ Top skal spille p\u00e5 Sverresborg Museum 28. juni neste \u00e5r i forbindelse med sin europaturn\u00e9, melder Trondheim stage i en pressemelding.<\/p>\n<p>Stein Vanebo i Trondheim Stage omtaler bandet som \u00abet av rockehistoriens mest ikoniske band\u00bb.<\/p>\n<p>\u2013 Med sin unike kombinasjon av r\u00e5 bluesrock, karakteristisk stil og uovertruffen scenetilstedev\u00e6relse fortsetter ZZ Top \u00e5 engasjere b\u00e5de nye og gamle fans, skriver Vanebo i pressemeldingen.<\/p>\n<p>Det er f\u00f8rste gang bandet, som ble stiftet i 1969, skal holde konsert i Trondheim.<\/p>\n<p>Vanebo sier til <a href=\"https:\/\/www.adressa.no\/kultur\/i\/Av88Xr\/kommer-til-trondheim-for-foerste-gang\" rel=\"Follow nofollow noopener\" target=\"_blank\">Adresseavisen <\/a>at Trondheim Stage har i lang tid \u00f8nsket \u00e5 f\u00e5 rockebandet til Trondheim.<\/p>\n<p>\u2013 Vi lagde en liste i 2015 p\u00e5 hvilke artister vi kunne tenke oss \u00e5 ha p\u00e5 Sverresborg Museum. Allerede da sto ZZ Top p\u00e5 lista, sier Stein Vanebo til avisen.<\/p>\n<p>  <a href=\"https:\/\/www.nidaros.no\/5-113-787599\" class=\"related-teaser has-image default-story-teaser article--c-eRUmMG article--c-eRUmMG-jKCPdD-design-default\" rel=\"nofollow noopener\" target=\"_blank\"><\/p>\n<p>    <img decoding=\"async\" loading=\"lazy\"  src=\"https:\/\/www.europesays.com\/no\/wp-content\/uploads\/2025\/11\/1763588843_243_NTB_k97fuhNqFjc.jpg\" alt=\"\" class=\"brick-c-cFOWSL\" style=\"\"\/><\/p>\n<p>\n            Les ogs\u00e5<\/p>\n<p>              Disse artistene kommer til Neon\n        <\/p>\n<p>  <\/a><\/p>\n","protected":false},"excerpt":{"rendered":"Det amerikanske rockebandet ZZ Top skal spille p\u00e5 Sverresborg Museum 28. juni neste \u00e5r i forbindelse med sin&hellip;\n","protected":false},"author":2,"featured_media":91430,"comment_status":"","ping_status":"","sticky":false,"template":"","format":"standard","meta":{"footnotes":""},"categories":[58],"tags":[36,71,155,410,221,30,28,29,1510,72],"class_list":{"0":"post-91429","1":"post","2":"type-post","3":"status-publish","4":"format-standard","5":"has-post-thumbnail","7":"category-underholdning","8":"tag-art","9":"tag-entertainment","10":"tag-konsert","11":"tag-kultur","12":"tag-musikk","13":"tag-no","14":"tag-norge","15":"tag-norway","16":"tag-story","17":"tag-underholdning"},"share_on_mastodon":{"url":"https:\/\/pubeurope.com\/@no\/115578565168577541","error":""},"_links":{"self":[{"href":"https:\/\/www.europesays.com\/no\/wp-json\/wp\/v2\/posts\/91429","targetHints":{"allow":["GET"]}}],"collection":[{"href":"https:\/\/www.europesays.com\/no\/wp-json\/wp\/v2\/posts"}],"about":[{"href":"https:\/\/www.europesays.com\/no\/wp-json\/wp\/v2\/types\/post"}],"author":[{"embeddable":true,"href":"https:\/\/www.europesays.com\/no\/wp-json\/wp\/v2\/users\/2"}],"replies":[{"embeddable":true,"href":"https:\/\/www.europesays.com\/no\/wp-json\/wp\/v2\/comments?post=91429"}],"version-history":[{"count":0,"href":"https:\/\/www.europesays.com\/no\/wp-json\/wp\/v2\/posts\/91429\/revisions"}],"wp:featuredmedia":[{"embeddable":true,"href":"https:\/\/www.europesays.com\/no\/wp-json\/wp\/v2\/media\/91430"}],"wp:attachment":[{"href":"https:\/\/www.europesays.com\/no\/wp-json\/wp\/v2\/media?parent=91429"}],"wp:term":[{"taxonomy":"category","embeddable":true,"href":"https:\/\/www.europesays.com\/no\/wp-json\/wp\/v2\/categories?post=91429"},{"taxonomy":"post_tag","embeddable":true,"href":"https:\/\/www.europesays.com\/no\/wp-json\/wp\/v2\/tags?post=91429"}],"curies":[{"name":"wp","href":"https:\/\/api.w.org\/{rel}","templated":true}]}}