{"id":91445,"date":"2025-11-19T22:15:11","date_gmt":"2025-11-19T22:15:11","guid":{"rendered":"https:\/\/www.europesays.com\/no\/91445\/"},"modified":"2025-11-19T22:15:11","modified_gmt":"2025-11-19T22:15:11","slug":"zac-efron-stotter-broren-dylan-i-dancing-with-the-stars-semifinalen","status":"publish","type":"post","link":"https:\/\/www.europesays.com\/no\/91445\/","title":{"rendered":"Zac Efron st\u00f8tter broren Dylan i Dancing with the Stars-semifinalen"},"content":{"rendered":"<p class=\"kicker \" style=\"\">Zac Efron:\u00a0<\/p>\n<p>  Hollywood-stjernen Zac Efron heier p\u00e5 lillebroren Dylan, som n\u00e5 er klar for finalen av \u00abDancing with the Stars\u00bb.\u00a0<\/p>\n<p>\n    I SALEN: Programlederen for \u00abDancing with the Stars\u00bb, Julianne Hough (37), delte dette bildet sammen med superstjernen da han tok turen for \u00e5 se lillebroren danse. Foto: Skjermbilde: @juleshough \/ Instagram\n  <\/p>\n<p> Dylan Efron (33) har danset seg helt til semifinalen i den amerikanske storfavoritten \u00abDancing with the Stars\u00bb, og denne uken dukket plutselig storebor og Hollywood-stjerne Zac Efron (38) opp blant publikum.<\/p>\n<p>Temaet for kvelden var den legendariske artisten Prince, og alle deltakerparene skulle danse til sanger av den avd\u00f8de sangeren.\u00a0<\/p>\n<p>    <a itemprop=\"url\" href=\"https:\/\/www.seher.no\/kjendis\/hastet-til-akutten\/83771517\" rel=\"nofollow noopener\" target=\"_blank\"><\/p>\n<p>      <img loading=\"lazy\" decoding=\"async\" src=\"https:\/\/www.europesays.com\/no\/wp-content\/uploads\/2025\/11\/83771614.webp\" width=\"980\" height=\"441\" title=\"Hastet til akutten\" alt=\"\" class=\"lazyload\" style=\"--aspect-ratio-image: 2.22; \"\/><\/p>\n<p>        Hastet til akutten<\/p>\n<p>    <\/a><\/p>\n<p>Kom med lilles\u00f8steren\t<\/p>\n<p>Dylan og dansepartneren Daniella Karagach (32) leverte\u00a0 tango til \u00abI Would Die 4 U\u00bb og cha-cha-cha til \u00abKiss\u00bb.\u00a0<\/p>\n<p> Zac var ikke alene. I salen satt ogs\u00e5 lilles\u00f8steren Olivia (5) plantet p\u00e5 fanget til \u00abHigh School Musical\u00bb-stjernen.\u00a0\u00a0<\/p>\n<p>          <img loading=\"lazy\" decoding=\"async\" src=\"https:\/\/www.europesays.com\/no\/wp-content\/uploads\/2025\/11\/83875840.webp\" width=\"686\" height=\"762\" title=\"MED LILLES\u00d8STEREN: Zac Efron med lilles\u00f8steren Olivia Efron p\u00e5 fanget. Hun ble f\u00f8dt i 2020 og er omtrent 30 \u00e5r yngre enn br\u00f8drene sine. Foto: Skjermbilde: @juleshough \/ Instagram\" alt=\"\" class=\"\" style=\"--aspect-ratio-image: 0.90; \"\/><\/p>\n<p>\n          MED LILLES\u00d8STEREN: Zac Efron med lilles\u00f8steren Olivia Efron p\u00e5 fanget. Hun ble f\u00f8dt i 2020 og er omtrent 30 \u00e5r yngre enn br\u00f8drene sine. Foto: Skjermbilde: @juleshough \/ Instagram\n      <\/p>\n<p>Olivia, som er 33 \u00e5r yngre enn Zac, var med Dylan p\u00e5 dansegulvet tidligere i sesongen, da han danset\u00a0til musikk fra filmen \u00abThe Greatest Showman\u00bb, der Zac spiller en av hovedrollene. <\/p>\n<p>        \u00c5RETS ROMANSE?: De to deltakerne forteller at de har f\u00e5tt en god tone i l\u00f8pet av deltakelsen i \u00abSkal vi danse\u00bb. Video: Nora Skavhaug\/Thea Hope\/R\u00f8d L\u00f8per<\/p>\n<p> Under episoden fortalte Dylan at han under dansen snek inn en liten hyllest til Zac, som \u00aballtid har tatt vare p\u00e5 meg og alltid gjort de omsorgsfulle tingene\u00bb. <\/p>\n<p>&#8211;\u00a0\u00a0\u00a0Jeg \u00f8nsker \u00e5 v\u00e6re det samme for Olivia, sa han om den 28 \u00e5r yngre lilles\u00f8steren. <\/p>\n<p>    <a itemprop=\"url\" href=\"https:\/\/www.seher.no\/kjendis\/ikke-satt-dato\/83869669\" rel=\"nofollow noopener\" target=\"_blank\"><\/p>\n<p>      <img loading=\"lazy\" decoding=\"async\" src=\"https:\/\/www.europesays.com\/no\/wp-content\/uploads\/2025\/11\/83873352.webp\" width=\"147\" height=\"98\" title=\"- Ikke satt dato\" alt=\"\" class=\"lazyload\" style=\"--aspect-ratio-image: 1.50; \"\/><\/p>\n<p>        &#8211; Ikke satt dato<\/p>\n<p>    <\/a><\/p>\n<p>&#8211; Jeg vokste opp med det\t<\/p>\n<p>Dylan fortalte til <a href=\"https:\/\/www.instagram.com\/p\/DROcBkoClKw\/\" rel=\"nofollow noopener\" target=\"_blank\">Entertainment Tonight<\/a> at det var stort at storebroren endelig tok turen for \u00e5 se ham danse.\u00a0<\/p>\n<p>&#8211; Det betyr alt. Jeg vokste opp med \u00e5 se ham gj\u00f8re s\u00e5nne ting,\u00a0 s\u00e5 det at han n\u00e5 ser p\u00e5 meg gj\u00f8re dette, er helt spr\u00f8tt, innr\u00f8mmet Dylan, og la ikke skjul p\u00e5 at han var veldig takknemlig for at Zac tok turen.<\/p>\n<p>          <img loading=\"lazy\" decoding=\"async\" src=\"https:\/\/www.europesays.com\/no\/wp-content\/uploads\/2025\/11\/83875844.webp\" width=\"686\" height=\"927\" title=\"FAMILIE: Fra venstre David Efron, Zac Efron, Starla Baskett og Dylan Efron samlet i 2023, i forbindelse med at Zac fikk en stjerne p\u00e5 Hollywoods \u00abWalk of Fame\u00bb. Foto: Jordan Strauss \/ Invision \/ AP \/ NTB\" alt=\"\" class=\"\" style=\"--aspect-ratio-image: 0.74; \"\/><\/p>\n<p>\n          FAMILIE: Fra venstre David Efron, Zac Efron, Starla Baskett og Dylan Efron samlet i 2023, i forbindelse med at Zac fikk en stjerne p\u00e5 Hollywoods \u00abWalk of Fame\u00bb. Foto: Jordan Strauss \/ Invision \/ AP \/ NTB\n      <\/p>\n<p>Dylan har tidligere blitt spurt en rekke ganger om hvorfor den ber\u00f8mte broren hans ikke har v\u00e6rt \u00e5 se under noen av direktesendingene.\u00a0<\/p>\n<p>Da har 33-\u00e5ringen svart at Zac \u00abdrev med sitt\u00bb.\u00a0<\/p>\n<p>&#8211; Han gj\u00f8r sin greie. Han st\u00f8tter meg hver dag, sa han til TV-kanalen\u00a0<a href=\"https:\/\/www.youtube.com\/watch?v=UJtyk-YS090\" rel=\"nofollow noopener\" target=\"_blank\">Extra<\/a>\u00a0da de spurte han tidligere.\u00a0<\/p>\n<p><script async src=\"\/\/www.instagram.com\/embed.js\"><\/script><\/p>\n","protected":false},"excerpt":{"rendered":"Zac Efron:\u00a0 Hollywood-stjernen Zac Efron heier p\u00e5 lillebroren Dylan, som n\u00e5 er klar for finalen av \u00abDancing with&hellip;\n","protected":false},"author":2,"featured_media":91446,"comment_status":"","ping_status":"","sticky":false,"template":"","format":"standard","meta":{"footnotes":""},"categories":[58],"tags":[7924,71,479,2543,30,28,29,72,6311],"class_list":{"0":"post-91445","1":"post","2":"type-post","3":"status-publish","4":"format-standard","5":"has-post-thumbnail","7":"category-underholdning","8":"tag-dancing-with-the-stars","9":"tag-entertainment","10":"tag-kjendis","11":"tag-kjendisdesken","12":"tag-no","13":"tag-norge","14":"tag-norway","15":"tag-underholdning","16":"tag-zac-efron"},"share_on_mastodon":{"url":"https:\/\/pubeurope.com\/@no\/115578675242808642","error":""},"_links":{"self":[{"href":"https:\/\/www.europesays.com\/no\/wp-json\/wp\/v2\/posts\/91445","targetHints":{"allow":["GET"]}}],"collection":[{"href":"https:\/\/www.europesays.com\/no\/wp-json\/wp\/v2\/posts"}],"about":[{"href":"https:\/\/www.europesays.com\/no\/wp-json\/wp\/v2\/types\/post"}],"author":[{"embeddable":true,"href":"https:\/\/www.europesays.com\/no\/wp-json\/wp\/v2\/users\/2"}],"replies":[{"embeddable":true,"href":"https:\/\/www.europesays.com\/no\/wp-json\/wp\/v2\/comments?post=91445"}],"version-history":[{"count":0,"href":"https:\/\/www.europesays.com\/no\/wp-json\/wp\/v2\/posts\/91445\/revisions"}],"wp:featuredmedia":[{"embeddable":true,"href":"https:\/\/www.europesays.com\/no\/wp-json\/wp\/v2\/media\/91446"}],"wp:attachment":[{"href":"https:\/\/www.europesays.com\/no\/wp-json\/wp\/v2\/media?parent=91445"}],"wp:term":[{"taxonomy":"category","embeddable":true,"href":"https:\/\/www.europesays.com\/no\/wp-json\/wp\/v2\/categories?post=91445"},{"taxonomy":"post_tag","embeddable":true,"href":"https:\/\/www.europesays.com\/no\/wp-json\/wp\/v2\/tags?post=91445"}],"curies":[{"name":"wp","href":"https:\/\/api.w.org\/{rel}","templated":true}]}}