{"id":91450,"date":"2025-11-19T22:21:19","date_gmt":"2025-11-19T22:21:19","guid":{"rendered":"https:\/\/www.europesays.com\/no\/91450\/"},"modified":"2025-11-19T22:21:19","modified_gmt":"2025-11-19T22:21:19","slug":"en-hyllest-til-den-norske-keeperlegenden","status":"publish","type":"post","link":"https:\/\/www.europesays.com\/no\/91450\/","title":{"rendered":"En hyllest til den norske keeperlegenden"},"content":{"rendered":"<p class=\"kicker t20\" style=\"\">Kristin Kaspersen i sorg<\/p>\n<p>  Lill-Babs&#8217; og Kjell Kaspersens datter i sorg etter farens bortgang.\u00a0<\/p>\n<p>\n    SORG: I 1969 ble Lill-Babs og Kjell Kaspersen mann og kone. Lill-Babs d\u00f8de i 2018. I november 2025 gikk Kjell bort. FOTO: NTB\n  <\/p>\n<p>November 2025 b\u00f8d p\u00e5 fotballfest da det norske herrelandslaget kvalifiserte seg til VM, og n\u00e5 er klar for VM-kamper i Mexico, Canada og USA.\u00a0<\/p>\n<p>Men allerede dagen etter, den 17. november, slo en trist beskjed ned i fotball-Norge, da\u00a0<a href=\"https:\/\/www.vg.no\/rampelys\/i\/qPK0gm\/kjell-kaspersen-er-doed\" rel=\"nofollow noopener\" target=\"_blank\">VG<\/a>\u00a0meldte at den norske keeperlegenden Kjell Kaspersen var d\u00f8d. Kaspersen var keeper og kaptein p\u00e5 Oslo-laget Skeid, og spilte 34 kamper for det norske landslaget i perioden 1961 til 1971.\u00a0\u00a0<\/p>\n<p>Noe som bidro ytterligere til ber\u00f8mmelse, var at Kjell var gift med den svenske entertainer-dronningen Barbro \u00abLill-Babs\u00bb Svensson.\u00a0<\/p>\n<p>Paret var gift fra 1969 til 1971 og sammen fikk de datteren Kristin Kaspersen, som i dag er en kjent programleder, foredragsholder og medie-personlighet i Sverige.\u00a0<\/p>\n<p>Da KK intervjuet Kristin Kaspersen i 2016, fortalte hun <a href=\"https:\/\/www.kk.no\/livet\/kristin-kaspersen-46---spiseforstyrrelsene-kommer-alltid-til-a-vaere-en-del-av-meg-du-tror-at-det-er-gatt-over-men-de-ligger-der-fremdeles\/67770425\" rel=\"nofollow noopener\" target=\"_blank\">om sitt varme forhold til faren<\/a>.\u00a0<\/p>\n<p>&#8211; Jeg er s\u00e5 veldig pappa\u00adjente. Det samme gjelder mine norske, fantastiske halv\u00adbr\u00f8dre. Jeg savner dem ofte, og vi har en veldig varm kontakt.<\/p>\n<p>Hun beskrev forholdet til faren som n\u00e6rt og viktig:<\/p>\n<p class=\"font-weight-bold m-font-weight-bold\" data-lab-font_weight=\"font-weight-bold\">&#8211; Han er den jeg alltid kan st\u00f8tte meg til. Som jeg kan v\u00e6re liten hos, le med og som jeg kan f\u00e5 gode r\u00e5d av. Jeg tror jeg tenker p\u00e5 ham hver dag i forskjellige situasjoner: Hva ville pappa gjort n\u00e5?<\/p>\n<p>    <a itemprop=\"url\" href=\"https:\/\/www.kk.no\/underholdning\/ble-oppfordret-til-a-ta-botox\/78126882\" rel=\"nofollow noopener\" target=\"_blank\"><\/p>\n<p>      <img loading=\"lazy\" decoding=\"async\" src=\"https:\/\/www.europesays.com\/no\/wp-content\/uploads\/2025\/11\/71642834.webp\" width=\"147\" height=\"98\" title=\"Ble oppfordret til \u00e5 ta Botox\" alt=\"\" class=\"lazyload\" style=\"--aspect-ratio-image: 1.50; \"\/><\/p>\n<p>        Ble oppfordret til \u00e5 ta Botox<\/p>\n<p>    <\/a><\/p>\n<p>Hyllet faren\u00a0\t<\/p>\n<p>To dager etter Kjell Kaspersens bortgang, la Kristin ut et r\u00f8rende innlegg p\u00e5 Instagram, med et bilde av far og datter sammen i en god klem, fra da Kristin var liten. Under den p\u00e5f\u00f8lgende bildekavalkaden skriver hun:\u00a0<\/p>\n<p>&#8211; Fine fine pappa, n\u00e5 orket du ikke kjempe mer. L\u00f8rdags morgen sovnet du inn. Du har v\u00e6rt og kommer alltid til \u00e5 v\u00e6re den fineste pappaen jeg noensinne kunne \u00f8nsket meg.\u00a0<\/p>\n<p>Hun kaller faren sin trygghet, og den hun alltid kunne lene seg mot, og skriver at faren alltid fulgte henne opp, uansett om de bodde fra hverandre. Hun beskriver ham som omtenksom og n\u00e6rv\u00e6rende overfor hennes s\u00f8nner, og at hun fra n\u00e5 av kommer til \u00e5 lukke \u00f8ynene, lene hodet til siden, som om farens skulder fortsatt var der.\u00a0<\/p>\n<p>    <a itemprop=\"url\" href=\"https:\/\/www.kk.no\/livet\/kristin-kaspersen-46---spiseforstyrrelsene-kommer-alltid-til-a-vaere-en-del-av-meg-du-tror-at-det-er-gatt-over-men-de-ligger-der-fremdeles\/67770425\" rel=\"nofollow noopener\" target=\"_blank\"><\/p>\n<p>      <img loading=\"lazy\" decoding=\"async\" src=\"https:\/\/www.europesays.com\/no\/wp-content\/uploads\/2025\/11\/67770434.webp\" width=\"980\" height=\"441\" title=\"Kristin Kaspersen: - Spise\u00adforstyrrelsene kommer alltid til \u00e5 v\u00e6re en del av meg.\" alt=\"\" class=\"lazyload\" style=\"--aspect-ratio-image: 2.22; \"\/><\/p>\n<p>        Kristin Kaspersen: &#8211; Spise\u00adforstyrrelsene kommer alltid til \u00e5 v\u00e6re en del av meg.\u00a0<\/p>\n<p>    <\/a><\/p>\n<p>M\u00f8ttes p\u00e5 behandlingsbordet\t<\/p>\n<p>\u00a0Landslagsstjerna Kjell var en bejublet idrettsut\u00f8ver, som her, under landskampen p\u00e5 Ullevaal mot Portugal i 1967:\u00a0<\/p>\n<p>          <img loading=\"lazy\" decoding=\"async\" src=\"https:\/\/www.europesays.com\/no\/wp-content\/uploads\/2025\/11\/83870045.webp\" width=\"686\" height=\"515\" title=\"REDNING: Kjell Kaspersen med ovelegen redning mot Portugal i 1967. FOTO: Sverre A. B\u00f8rretzen \/ Aktuell\/NTB\" alt=\"\" class=\"\" style=\"--aspect-ratio-image: 1.33; \"\/><\/p>\n<p>\n          REDNING: Kjell Kaspersen med ovelegen redning mot Portugal i 1967. FOTO: Sverre A. B\u00f8rretzen \/ Aktuell\/NTB\n      <\/p>\n<p>Han hadde dessuten utdannet seg til manuellterapeut, og han og Lill-Babs m\u00f8ttes f\u00f8rste gang da den svenske stjerna holdt show p\u00e5 Chat Noir i Oslo, og falt ned en trapp til orkestergraven. Kjell var den som n\u00e5 ga den svenske artisten behandling med et apparat som skulle l\u00f8se opp det koagulerte blodet i skaden p\u00e5 beinet.\u00a0<\/p>\n<p>          <img loading=\"lazy\" decoding=\"async\" src=\"https:\/\/www.europesays.com\/no\/wp-content\/uploads\/2025\/11\/83869629.webp\" width=\"980\" height=\"559\" title=\"SNART: To \u00e5r etter dette bildet, giftet Kjell Kaspersen og Lill-Babs seg. Med da hun fikk behandling av Kjell i 1967, etter et fall i trappen p\u00e5 Chat Noir visste de ikke hva fremtiden skulle bringe. FOTO: NTB\" alt=\"\" class=\"\" style=\"--aspect-ratio-image: 1.75; \"\/><\/p>\n<p>\n          SNART: To \u00e5r etter dette bildet, giftet Kjell Kaspersen og Lill-Babs seg. Med da hun fikk behandling av Kjell i 1967, etter et fall i trappen p\u00e5 Chat Noir visste de ikke hva fremtiden skulle bringe. FOTO: NTB\n      <\/p>\n<p>Og mens Lill-Babs l\u00e5 p\u00e5 behandlingsbordet, visste de to ikke at de bare to \u00e5r senere skulle bli mann og kone. Og at de skulle f\u00e5 en datter ved navn Kristin.\u00a0\u00a0<\/p>\n<p>          <img loading=\"lazy\" decoding=\"async\" src=\"https:\/\/www.europesays.com\/no\/wp-content\/uploads\/2025\/11\/83869996.webp\" width=\"686\" height=\"632\" title=\"LYKKE: Lill-Babs og landslagskeeper Kjell Kaspersen da de giftet seg i 1969. FOTO: NTB\" alt=\"\" class=\"\" style=\"--aspect-ratio-image: 1.09; \"\/><\/p>\n<p>\n          LYKKE: Lill-Babs og landslagskeeper Kjell Kaspersen da de giftet seg i 1969. FOTO: NTB\n      <\/p>\n<p>Lill-Babs hadde d\u00f8trene Malin Berghagen og Monica Svensson fra f\u00f8r. Da KK intervjuet Malin Berghagen i 2019, fortalte hun om den store sorgen etter moren, som d\u00f8de i april 2018, og at\u00a0<a href=\"https:\/\/www.kk.no\/livet\/mamma-var-mye-a-leve-opp-til\/71640357\" rel=\"nofollow noopener\" target=\"_blank\">moren hadde v\u00e6rt mye \u00e5 leve opp til.\u00a0<\/a><\/p>\n<p>    <a itemprop=\"url\" href=\"https:\/\/www.kk.no\/livstil\/programlederen-fikk-korona--jeg-kjente-meg-ensom\/73268780\" rel=\"nofollow noopener\" target=\"_blank\"><\/p>\n<p>      <img loading=\"lazy\" decoding=\"async\" src=\"https:\/\/www.europesays.com\/no\/wp-content\/uploads\/2025\/11\/73270049.webp\" width=\"147\" height=\"98\" title=\"Programlederen fikk korona: - Det har tatt tid \u00e5 hente seg inn\" alt=\"\" class=\"lazyload\" style=\"--aspect-ratio-image: 1.50; \"\/><\/p>\n<p>        Programlederen fikk korona: &#8211; Det har tatt tid \u00e5 hente seg inn<\/p>\n<p>    <\/a><\/p>\n<p>&#8211; Gi mamma en klem\t<\/p>\n<p>Fotballegende Kjell Kaspersen ble 86 \u00e5r gammel, og if\u00f8lge Kristin d\u00f8de han l\u00f8rdag morgen, den 15. november 2025. Datteren skriver at hun for alltid vil b\u00e6re med seg farens latter:\u00a0<\/p>\n<p class=\"font-weight-bold m-font-weight-bold\" data-lab-font_weight=\"font-weight-bold\">&#8211; Jeg skal fortsatt h\u00f8re dine ord n\u00e5r du sier: \u00abJenta mi\u00bb, som du alltid kalte meg med din varme stemme. N\u00e5 er du hos din elskede mamma og s\u00f8ster. Gi mamma en klem. N\u00e5 er dere p\u00e5 samme sted.\u00a0<\/p>\n<p>Kristin forteller at faren gjennom jobben som manuellterapeut hjalp mange mennesker i l\u00f8pet av sitt liv. Siden var det han selv som trengte hjelp, da han fikk Parkinson, skriver Kristin.\u00a0<\/p>\n<p>Hun\u00a0trekker ogs\u00e5 frem farens store fotballkarriere og hans brennende engasjement for idretten:\u00a0<\/p>\n<p class=\"font-weight-bold m-font-weight-bold\" data-lab-font_weight=\"font-weight-bold\">&#8211; Hvil n\u00e5 pappa! At du kommer til \u00e5 f\u00f8lge det norske landslaget i VM, det vet jeg du gj\u00f8r med stolthet.\u00a0<\/p>\n<p>          <img loading=\"lazy\" decoding=\"async\" src=\"https:\/\/www.europesays.com\/no\/wp-content\/uploads\/2025\/11\/83870034.webp\" width=\"686\" height=\"597\" title=\"ST\u00d8: Kjell Kaspersen under landskampen mot Portugal i 1967. FOTO: :Arild Hordnes\/NTB\" alt=\"\" class=\"\" style=\"--aspect-ratio-image: 1.15; \"\/><\/p>\n<p>\n          ST\u00d8: Kjell Kaspersen under landskampen mot Portugal i 1967. FOTO: :Arild Hordnes\/NTB\n      <\/p>\n<p>Kristin avslutter innlegget med \u00e5 be om at familien f\u00e5r fred til \u00e5 s\u00f8rge.\u00a0<\/p>\n","protected":false},"excerpt":{"rendered":"Kristin Kaspersen i sorg Lill-Babs&#8217; og Kjell Kaspersens datter i sorg etter farens bortgang.\u00a0 SORG: I 1969 ble&hellip;\n","protected":false},"author":2,"featured_media":91451,"comment_status":"","ping_status":"","sticky":false,"template":"","format":"standard","meta":{"footnotes":""},"categories":[59],"tags":[2694,2268,11784,11801,11800,4016,30,28,29,6178,83,82],"class_list":{"0":"post-91450","1":"post","2":"type-post","3":"status-publish","4":"format-standard","5":"has-post-thumbnail","7":"category-sport","8":"tag-artist","9":"tag-dod","10":"tag-kjell-kaspersen","11":"tag-kristin-kaspersen","12":"tag-lill-babs","13":"tag-livet","14":"tag-no","15":"tag-norge","16":"tag-norway","17":"tag-sorg","18":"tag-sport","19":"tag-sports"},"share_on_mastodon":{"url":"https:\/\/pubeurope.com\/@no\/115578698911244055","error":""},"_links":{"self":[{"href":"https:\/\/www.europesays.com\/no\/wp-json\/wp\/v2\/posts\/91450","targetHints":{"allow":["GET"]}}],"collection":[{"href":"https:\/\/www.europesays.com\/no\/wp-json\/wp\/v2\/posts"}],"about":[{"href":"https:\/\/www.europesays.com\/no\/wp-json\/wp\/v2\/types\/post"}],"author":[{"embeddable":true,"href":"https:\/\/www.europesays.com\/no\/wp-json\/wp\/v2\/users\/2"}],"replies":[{"embeddable":true,"href":"https:\/\/www.europesays.com\/no\/wp-json\/wp\/v2\/comments?post=91450"}],"version-history":[{"count":0,"href":"https:\/\/www.europesays.com\/no\/wp-json\/wp\/v2\/posts\/91450\/revisions"}],"wp:featuredmedia":[{"embeddable":true,"href":"https:\/\/www.europesays.com\/no\/wp-json\/wp\/v2\/media\/91451"}],"wp:attachment":[{"href":"https:\/\/www.europesays.com\/no\/wp-json\/wp\/v2\/media?parent=91450"}],"wp:term":[{"taxonomy":"category","embeddable":true,"href":"https:\/\/www.europesays.com\/no\/wp-json\/wp\/v2\/categories?post=91450"},{"taxonomy":"post_tag","embeddable":true,"href":"https:\/\/www.europesays.com\/no\/wp-json\/wp\/v2\/tags?post=91450"}],"curies":[{"name":"wp","href":"https:\/\/api.w.org\/{rel}","templated":true}]}}