{"id":91452,"date":"2025-11-19T22:25:13","date_gmt":"2025-11-19T22:25:13","guid":{"rendered":"https:\/\/www.europesays.com\/no\/91452\/"},"modified":"2025-11-19T22:25:13","modified_gmt":"2025-11-19T22:25:13","slug":"de-har-dekodet-alt","status":"publish","type":"post","link":"https:\/\/www.europesays.com\/no\/91452\/","title":{"rendered":"\u2013 De har dekodet alt"},"content":{"rendered":"\n<ul class=\"_list_o9xde_3 _list_64s2r_85 _unordered_o9xde_106 text-sans-m\">\n<li class=\"_item_o9xde_30\">Den ukrainske forretningsmannen Tymur Mindich, ogs\u00e5 kjent som \u00abKarlson\u00bb, er hovedmistenkt i en stor korrupsjonsskandale.<\/li>\n<li class=\"_item_o9xde_30\">Nettverket rundt skal ha misbrukt sine posisjoner i det statlige energiselskapet Energoatom for \u00e5 tjene penger ulovlig.<\/li>\n<li class=\"_item_o9xde_30\">Samme dag som etterforskere skulle p\u00e5gripe ham, r\u00f8mte han landet.<\/li>\n<\/ul>\n<p>Vis mer <\/p>\n<p class=\"_paragraph_o9xde_4 _paragraph_xtcu6_10 layout-component text-serif-m layout-normal text-serif-m layout-padded\">\u00abTre millioner m\u00e5 betales i Sveits snart. En million dollar skal sendes til Israel, og deretter ytterligere tre millioner dollar til Sveits\u00bb.<\/p>\n<p class=\"_paragraph_o9xde_4 _paragraph_xtcu6_10 layout-component text-serif-m layout-normal text-serif-m layout-padded\">Sitatet tilh\u00f8rer \u00abSukkermannen\u00bb som ukrainske etterforskerne mener er forretningsmannen Oleksandr Tsukerman. <\/p>\n<p class=\"_paragraph_o9xde_4 _paragraph_xtcu6_10 layout-component text-serif-m layout-normal text-serif-m layout-padded\">\u2013 \u00c5 b\u00e6re 1,6 millioner er en slik forn\u00f8yelse, sier en annen mistenkt, i et hemmelig opptak.<\/p>\n<p class=\"_paragraph_o9xde_4 _paragraph_xtcu6_10 layout-component text-serif-m layout-normal text-serif-m layout-padded\"><strong class=\"_strong_o9xde_25\">Gjennom operasjon \u00abMidasMidasOperasjonen er oppkalt etter den gr\u00e5dige kongen av Phrygia som fikk evnen til \u00e5 gj\u00f8re alt han ber\u00f8rte om til gull.\u00bb mener <a href=\"https:\/\/www.vg.no\/tag\/ukraina?utm_source=vg-article&amp;utm_medium=auto-tagger&amp;utm_campaign=W04Me2\" class=\"_link_o9xde_39\" rel=\"nofollow noopener\" target=\"_blank\">Ukrainas<\/a> korrupsjonsjegere \u00e5 ha kartlagt et av landets mest omfattende korrupsjonsskandaler i moderne tid.<\/strong><\/p>\n<p class=\"_paragraph_o9xde_4 _paragraph_xtcu6_10 layout-component text-serif-m layout-normal text-serif-m layout-padded\">Beskrivelsene av organisasjonen og dens metode ble nylig lagt fram i fengslingsm\u00f8ter og h\u00f8ringer som VG har fulgt digitalt, samt i saksdokumenter VG har sett og g\u00e5tt gjennom.<\/p>\n<p class=\"_paragraph_o9xde_4 _paragraph_xtcu6_10 layout-component text-serif-m layout-normal text-serif-m layout-padded\">Totalt kan det dreie seg om \u00e9n milliard norske kroner, if\u00f8lge NABUNABUUkrainas nasjonale antikorrupsjonsbyr\u00e5 og SAPOSAPOLandets antikorrupsjonspoliti. <\/p>\n<p class=\"_paragraph_o9xde_4 _paragraph_xtcu6_10 layout-component text-serif-m layout-normal text-serif-m layout-padded\"><strong class=\"_strong_o9xde_25\">I sentrum st\u00e5r flere i vennekretsen til president Volodymyr Zelenskyj, som kjemper for \u00e5 sikre fortsatt \u00f8konomisk st\u00f8tte fra sine vestlige allierte.<\/strong><\/p>\n<p><img alt=\"\u2013 \u00c5 b\u00e6re 1,6 millioner er en slik forn\u00f8yelse, sier \u00abRjosjik\u00bb \u2013 en av de mistenkte \u2013 i et av opptakene.  Foto: Nabu\" class=\"_image_qp4xg_65 layout-component layout-normal\" data-fullscreen- data-track-element-type=\"Article image fullscreen\" data-track-name=\"ImageFullscreen\" decoding=\"async\" loading=\"lazy\" height=\"883\" itemprop=\"image\"  src=\"https:\/\/www.europesays.com\/no\/wp-content\/uploads\/2025\/11\/1029aeae-5713-44d9-b7ec-14b545643759\"  style=\"object-position:0% 0%\" width=\"504\"\/>\u2013 \u00c5 b\u00e6re 1,6 millioner er en slik forn\u00f8yelse, sier \u00abRjosjik\u00bb \u2013 en av de mistenkte \u2013 i et av opptakene.  Foto: Nabu<\/p>\n<p class=\"_paragraph_o9xde_4 _paragraph_xtcu6_10 layout-component text-serif-m layout-normal text-serif-m layout-padded\">Etterforskerne mener at en av dem er hovedpersonen bak en h\u00f8ytst\u00e5ende kriminell organisasjon som opererte i og rundt det statlige energiselskapet EnergoatomEnergoatomDet statlige energiselskapet i Ukraina som driver med kjernekraftproduksjon.<\/p>\n<p class=\"_paragraph_o9xde_4 _paragraph_xtcu6_10 layout-component text-serif-m layout-normal text-serif-m layout-padded\">I 15 m\u00e5neder har etterforskerne brukt telefonavlytting og andre metoder for \u00e5 dokumentere hvordan nettverket skal ha operert. De har samlet inn over 1000 timer med opptak.<\/p>\n<p class=\"_paragraph_o9xde_4 _paragraph_xtcu6_10 layout-component text-serif-m layout-normal text-serif-m layout-padded\">N\u00e5 mener de \u00e5 kunne bevise at:<\/p>\n<ul class=\"_list_o9xde_3 _list_xtcu6_9 _unordered_o9xde_106 layout-component text-serif-m layout-normal text-serif-m layout-padded\">\n<li class=\"_item_o9xde_30\">Flere av de mistenkte har sentrale roller i regjering og i energiselskapet.<\/li>\n<li class=\"_item_o9xde_30\">De har misbrukt sine posisjoner i atombyr\u00e5et med form\u00e5l om \u00e5 kunne tjene penger ulovlig gjennom krigen.<\/li>\n<li class=\"_item_o9xde_30\">Selskaper som \u00f8nsket kontrakter skal ha blitt m\u00f8tt med krav om 10\u201315 prosent i \u00abprovisjon\u00bb. De som nektet \u00e5 betale, ble str\u00f8ket fra leverand\u00f8rlisten.<\/li>\n<\/ul>\n<p>Tilbake st\u00e5r \u00e9n mann i sentrum <\/p>\n<p class=\"_paragraph_o9xde_4 _paragraph_xtcu6_10 layout-component text-serif-m layout-normal text-serif-m layout-padded\">De skjulte lydopptakene gir et sjeldent innblikk i hvordan nettverket kommuniserte. Samtalene dreier seg om overf\u00f8ringer i millionklassen \u2013 og om frykten for \u00e5 bli avsl\u00f8rt.<\/p>\n<p class=\"_paragraph_o9xde_4 _paragraph_xtcu6_10 layout-component text-serif-m layout-normal text-serif-m layout-padded\">Etter omfattende avlytting og detaljerte beskrivelser mener antikorrupsjonsbyr\u00e5ene at \u00e9n person st\u00e5r i sentrum: Mannen de kaller \u00abKarlson\u00bb. <\/p>\n<p class=\"_paragraph_o9xde_4 _paragraph_xtcu6_10 layout-component text-serif-m layout-normal text-serif-m layout-padded\"><strong class=\"_strong_o9xde_25\">Hans egentlige navn er Tymur Mindich, mener korrupsjonsjegerne.<\/strong><\/p>\n<p class=\"_paragraph_o9xde_4 _paragraph_xtcu6_10 layout-component text-serif-m layout-normal text-serif-m layout-padded\">Den ukrainsk forretningsmannen har v\u00e6rt i president Volodymyr Zelenskyjs vennekrets i flere \u00e5r. <\/p>\n<p><img alt=\"Zelenskyj da VG m\u00f8tte ham i presidentpalasset i Kyiv i 2023.   Foto: Kyrre Lien \/ VG\" class=\"_image_qp4xg_65 layout-component layout-normal\" data-fullscreen- data-track-element-type=\"Article image fullscreen\" data-track-name=\"ImageFullscreen\" decoding=\"async\" loading=\"lazy\" height=\"5042\" itemprop=\"image\"  src=\"https:\/\/www.europesays.com\/no\/wp-content\/uploads\/2025\/11\/1763591111_18_63f54241-a863-4d86-bf75-11aa6998f1b7\"  style=\"object-position:0% 0%\" width=\"7560\"\/>Zelenskyj da VG m\u00f8tte ham i presidentpalasset i Kyiv i 2023.   Foto: Kyrre Lien \/ VG<\/p>\n<p class=\"_paragraph_o9xde_4 _paragraph_xtcu6_10 layout-component text-serif-m layout-normal text-serif-m layout-padded\">Frem til Zelenskyjs seiersvalg i 2019, var de forretningspartnere i produksjonsselskapet Kvartal 95. <\/p>\n<ul class=\"_list_o9xde_3 _list_xtcu6_9 _unordered_o9xde_106 layout-component text-serif-m layout-normal text-serif-m layout-padded\">\n<li class=\"_item_o9xde_30\">Mindich har ogs\u00e5 eierskap i Green Family Ltd., et kypriotisk selskap som investerte i produksjonsselskaper i Russland, if\u00f8lge <a href=\"https:\/\/web.archive.org\/web\/20190118105511\/https:\/\/www.radiosvoboda.org\/a\/schemes\/29715747.html\" class=\"_link_o9xde_39\" rel=\"nofollow noopener\" target=\"_blank\">Radio Free Europe\/Radio Liberty.<\/a><\/li>\n<li class=\"_item_o9xde_30\">I 2022 sa den <a href=\"https:\/\/kyivindependent.com\/justice-has-finally-prevailed-ukrainian-oligarchs-ordered-to-pay-3-billion-fine-after-decades-long-case\/\" class=\"_link_o9xde_39\" rel=\"nofollow noopener\" target=\"_blank\">korrupsjonsd\u00f8mte<\/a> Igor Kolomoisky til <a href=\"https:\/\/soundcloud.com\/user-277386820\/gor-kolomoyskiy-ya-simpatizuyu-zelenskomu-mene-v-printsip-vse-vlashtovu\" class=\"_link_o9xde_39\" rel=\"nofollow noopener\" target=\"_blank\">Ukrajinska Pravda<\/a> at Mindich introduserte ham til Zelenskyj f\u00f8r han ble president.<\/li>\n<li class=\"_item_o9xde_30\">I 2021 feiret Zelenskyj bursdagen sin hjemme hos Mindich, rapporterte <a href=\"https:\/\/www.radiosvoboda.org\/a\/skhemy-ze-karantyn\/31086091.html\" class=\"_link_o9xde_39\" rel=\"nofollow noopener\" target=\"_blank\">Radio Free Europe\/Radio Liberty<\/a>. Senere samme \u00e5r deltok Mindich i Andrij Yermaks \u2013 som i dag er Zelenskyjs stabssjef \u2013 bursdagsfeiring i presidentboligen Synyohora, if\u00f8lge <a href=\"https:\/\/www.pravda.com.ua\/articles\/2025\/11\/06\/8006063\/\" class=\"_link_o9xde_39\" rel=\"nofollow noopener\" target=\"_blank\">Ukrainska Pravda<\/a>.<\/li>\n<li class=\"_item_o9xde_30\">I 2019 kj\u00f8rte Zelenskyj en pansret bil som Mindich hadde gitt ham, if\u00f8lge <a href=\"https:\/\/www.radiosvoboda.org\/a\/schemes\/29887901.html\" class=\"_link_o9xde_39\" rel=\"nofollow noopener\" target=\"_blank\">Radio Free Europe\/Radio Liberty<\/a>. <\/li>\n<\/ul>\n<p class=\"_paragraph_o9xde_4 _paragraph_xtcu6_10 layout-component text-serif-m layout-normal text-serif-m layout-padded\">If\u00f8lge p\u00e5talemyndigheten har Mindich styrt et hvitvaskingsnettverk fra leiligheten sin i Kyiv gjennom store deler av krigen. <\/p>\n<p class=\"_paragraph_o9xde_4 _paragraph_xtcu6_10 layout-component text-serif-m layout-normal text-serif-m layout-padded\">Men da politiet slo til 10. november, var han allerede borte. <\/p>\n<p class=\"_paragraph_o9xde_4 _paragraph_xtcu6_10 layout-component text-serif-m layout-normal text-serif-m layout-padded\">Bare timer f\u00f8r etterforskerne tok seg inn i leiligheten hans, forlot \u00abKarlson\u00bb det krigsherjede landet.<\/p>\n<p>\u00abDe har dekodet alt\u00bb<\/p>\n<p class=\"_paragraph_o9xde_4 _paragraph_xtcu6_10 layout-component text-serif-m layout-normal text-serif-m layout-padded\">Dagen f\u00f8r de mest sentrale opptakene i Operasjon Midas ble gjort, diskuterte Mindich med en medsammensvoren hvordan nettverket skulle h\u00e5ndtere det \u00f8kende presset fra myndighetene. <\/p>\n<p class=\"_paragraph_o9xde_4 _paragraph_xtcu6_10 layout-component text-serif-m layout-normal text-serif-m layout-padded\">Han insisterte p\u00e5 at aktivitetene m\u00e5tte \u00abkonserveres\u00bb \u2013 ikke stoppes, men settes i dvale. <\/p>\n<p class=\"_paragraph_o9xde_4 _paragraph_xtcu6_10 layout-component text-serif-m layout-normal text-serif-m layout-padded\">Da partneren foreslo \u00e5 legge alt p\u00e5 is til vinteren, svarte Mindich at pausen m\u00e5tte vare \u00abfor et helt \u00e5r\u00bb. <\/p>\n<p class=\"_paragraph_o9xde_4 _paragraph_xtcu6_10 layout-component text-serif-m layout-normal text-serif-m layout-padded\">Flere uttrykte frykt for lekkasjer og avlytting.<\/p>\n<p class=\"_paragraph_o9xde_4 _paragraph_xtcu6_10 layout-component text-serif-m layout-normal text-serif-m layout-padded\">2. juli <a href=\"https:\/\/t.me\/ComAFUA\/717\" class=\"_link_o9xde_39\" rel=\"nofollow\">fl\u00f8y missiler og droner<\/a> inn i Ukraina, i et storstilt russisk luftangrep. Men det er noe helt annet som opptar Mindich, viser et lydopptak.<\/p>\n<p class=\"_paragraph_o9xde_4 _paragraph_xtcu6_10 layout-component text-serif-m layout-normal text-serif-m layout-padded\">Mindich og \u00abSukkermannen\u00bb diskuterer hvordan de kan skjule spor etter virksomheten sin. <\/p>\n<p class=\"_paragraph_o9xde_4 _paragraph_xtcu6_10 layout-component text-serif-m layout-normal text-serif-m layout-padded\">\u00abFaen alts\u00e5, jeg vil se den eksperten som kan tyde det her &#8230;\u00bb, sier \u00abSukkermannen\u00bb f\u00f8r han legger til:<\/p>\n<p class=\"_paragraph_o9xde_4 _paragraph_xtcu6_10 layout-component text-serif-m layout-normal text-serif-m layout-padded\">\u00abJeg sjekker alt selv\u00bb.<\/p>\n<p class=\"_paragraph_o9xde_4 _paragraph_xtcu6_10 layout-component text-serif-m layout-normal text-serif-m layout-padded\">Mindich demper stemmen og svarer: <\/p>\n<blockquote class=\"_quote_o9xde_6 _quote_xtcu6_53 layout-component text-serif-m layout-normal text-serif-m layout-padded\"><p>\u00abDe har dekodet alt. Alle kodene.<\/p><\/blockquote>\n<blockquote class=\"_quote_o9xde_6 _quote_xtcu6_53 layout-component text-serif-m layout-normal text-serif-m layout-padded\"><p> Du b\u00f8r la det ligge.\u00bb<\/p><\/blockquote>\n<p class=\"_paragraph_o9xde_4 _paragraph_xtcu6_10 layout-component text-serif-m layout-normal text-serif-m layout-padded\">Samtalen dreier raskt inn p\u00e5 frykten for interne lekkasjer. I et opptak sier Mindich:<\/p>\n<blockquote class=\"_quote_o9xde_6 _quote_xtcu6_53 layout-component text-serif-m layout-normal text-serif-m layout-padded\"><p>\u00abHvis det er en lekkasje hos oss &#8230; selv rottene kjenner ikke dine koder.\u00bb<\/p><\/blockquote>\n<p class=\"_paragraph_o9xde_4 _paragraph_xtcu6_10 layout-component text-serif-m layout-normal text-serif-m layout-padded\">To uker senere, 14. juli, h\u00f8rer etterforskerne \u00abKarlson\u00bb i samtale med en mann med kodenavn \u00abenergiministeren\u00bb. <\/p>\n<p class=\"_paragraph_o9xde_4 _paragraph_xtcu6_10 layout-component text-serif-m layout-normal text-serif-m layout-padded\">Mindich fremst\u00e5r presset: <\/p>\n<blockquote class=\"_quote_o9xde_6 _quote_xtcu6_53 layout-component text-serif-m layout-normal text-serif-m layout-padded\"><p>\u00abH\u00f8r da, dere skj\u00f8nner jo, jeg kan ikke ende opp som feier heller. <\/p><\/blockquote>\n<blockquote class=\"_quote_o9xde_6 _quote_xtcu6_53 layout-component text-serif-m layout-normal text-serif-m layout-padded\"><p>Jeg gj\u00f8r alt dere sier, alt dere trenger. Jeg er p\u00e5 deres side.\u00bb <\/p><\/blockquote>\n<p class=\"_paragraph_o9xde_4 _paragraph_xtcu6_10 layout-component text-serif-m layout-normal text-serif-m layout-padded\">10. november varslet NABU og SAPO en storstilt aksjon. Totalt fem personer ble p\u00e5grepet, mens syv fikk status som mistenkt. <\/p>\n<p class=\"_paragraph_o9xde_4 _paragraph_xtcu6_10 layout-component text-serif-m layout-normal text-serif-m layout-padded\">Samme dag forlot Mindich Ukraina, bekrefter Ukrainas grensekontroll. De fastsl\u00e5r at han krysset grensen, og at det hverken fantes utreiseforbud eller etterlysning registrert p\u00e5 det tidspunktet.<\/p>\n<p> Vil sanksjonere Mindich<\/p>\n<p class=\"_paragraph_o9xde_4 _paragraph_xtcu6_10 layout-component text-serif-m layout-normal text-serif-m layout-padded\">If\u00f8lge NABU ble mer enn 1,2 millioner dollar og n\u00e6r 100 000 euro overf\u00f8rt til en tidligere visestatsminister og en n\u00e6r medarbeider, som n\u00e5 er <a href=\"https:\/\/www.vg.no\/nyheter\/i\/25M0Ba\/ukrainas-antikorrupsjonsbyraa-avsloerer-omfattende-korrupsjonsskandale\" data-track-element-type=\"Link\" data-track-id=\"link:25M0Ba\" class=\"_link_o9xde_39\" rel=\"nofollow noopener\" target=\"_blank\">siktet for ulovlig berikelse<\/a>. <\/p>\n<p class=\"_paragraph_o9xde_4 _paragraph_xtcu6_10 layout-component text-serif-m layout-normal text-serif-m layout-padded\">Mandag m\u00e5tte den tidligere visestatsministeren Alexei Tsjernysjov stille i fengslingsm\u00f8te. Der ble det besluttet at han varetektsfengsles i 60 dager med en fastsatt kausjon p\u00e5 om lag 12 millioner kroner.<\/p>\n<p><img alt=\"Samtidig som at Oleksiy Chernyshov signerte Unity Hubs-avtalen med Tyskland, skal han ha var involvert i storstilt korrupsjon, if\u00f8lge NABU og SAPO.  Foto: SVEN HOPPE \/ AFP \/ NTB\" class=\"_image_qp4xg_65 layout-component layout-normal\" data-fullscreen- data-track-element-type=\"Article image fullscreen\" data-track-name=\"ImageFullscreen\" decoding=\"async\" loading=\"lazy\" height=\"4265\" itemprop=\"image\"  src=\"https:\/\/www.europesays.com\/no\/wp-content\/uploads\/2025\/11\/188583f0-2945-443e-bb33-c0217e64523e\"  style=\"object-position:0% 0%\" width=\"5981\"\/>Samtidig som at Oleksiy Chernyshov signerte Unity Hubs-avtalen med Tyskland, skal han ha var involvert i storstilt korrupsjon, if\u00f8lge NABU og SAPO.  Foto: SVEN HOPPE \/ AFP \/ NTB<\/p>\n<p class=\"_paragraph_o9xde_4 _paragraph_xtcu6_10 layout-component text-serif-m layout-normal text-serif-m layout-padded\">Det skjer bare dager etter at domstolen tok p\u00e5talemyndighetens begj\u00e6ring om varetektsfengsling av Igor Mironyuk, r\u00e5dgiver for energiministeren i perioden 2021\u20132025, delvis til f\u00f8lge.<\/p>\n<p class=\"_paragraph_o9xde_4 _paragraph_xtcu6_10 layout-component text-serif-m layout-normal text-serif-m layout-padded\">Mironyuk ble ilagt varetekt med mulighet for l\u00f8slatelse mot kausjon p\u00e5 rundt 30 millioner kroner, samt krav om elektronisk overv\u00e5kning og reiseforbud, viser kjennelsen.<\/p>\n<p><img alt=\"Igor Mironyuk er ringet ut nede til h\u00f8yre.  Foto: Skjermdump fra fengslingsm\u00f8tet\" class=\"_image_qp4xg_65 layout-component layout-normal\" data-fullscreen- data-track-element-type=\"Article image fullscreen\" data-track-name=\"ImageFullscreen\" decoding=\"async\" loading=\"lazy\" height=\"1668\" itemprop=\"image\"  src=\"https:\/\/www.europesays.com\/no\/wp-content\/uploads\/2025\/11\/1396c49f-82ed-478a-90c9-78600063a826\"  style=\"object-position:0% 0%\" width=\"2500\"\/>Igor Mironyuk er ringet ut nede til h\u00f8yre.  Foto: Skjermdump fra fengslingsm\u00f8tet<\/p>\n<p class=\"_paragraph_o9xde_4 _paragraph_xtcu6_10 layout-component text-serif-m layout-normal text-serif-m layout-padded\">Samtidig har et klart flertall i det ukrainske parlamentet konkludert med \u00e5 sparke justisminister Herman Galusjenko og energiminister Svitlana Grynchuk for interessekonflikt. <\/p>\n<p><img alt=\"Foto: MARTIN BUREAU \/ JOEL SAGET \/ AFP \/ NTB\" class=\"_image_qp4xg_65 layout-component layout-normal\" data-fullscreen- data-track-element-type=\"Article image fullscreen\" data-track-name=\"ImageFullscreen\" decoding=\"async\" loading=\"lazy\" height=\"1668\" itemprop=\"image\"  src=\"https:\/\/www.europesays.com\/no\/wp-content\/uploads\/2025\/11\/91018ad0-efd8-43cf-a02e-e31ba0bc3b34\"  style=\"object-position:0% 0%\" width=\"2500\"\/>Foto: MARTIN BUREAU \/ JOEL SAGET \/ AFP \/ NTB<\/p>\n<p class=\"_paragraph_o9xde_4 _paragraph_xtcu6_10 layout-component text-serif-m layout-normal text-serif-m layout-padded\">Statsminister Svyrydenko varslet ogs\u00e5 suspensjon av Energoatoms visepresident og styremedlem Yakob Khartum. 12. november uttalte president Zelenskyj at han ville signere et dekret om sanksjoner mot to personer nevnt i NABUs sak.<\/p>\n<p class=\"_paragraph_o9xde_4 _paragraph_xtcu6_10 layout-component text-serif-m layout-normal text-serif-m layout-padded\">Statsminister Svyrydenko besluttet samtidig \u00e5 sende et forslag til det nasjonale sikkerhets- og forsvarsr\u00e5det om sanksjoner mot b\u00e5de Mindich og Oleksandr Tsukerman.<\/p>\n","protected":false},"excerpt":{"rendered":"Den ukrainske forretningsmannen Tymur Mindich, ogs\u00e5 kjent som \u00abKarlson\u00bb, er hovedmistenkt i en stor korrupsjonsskandale. Nettverket rundt skal&hellip;\n","protected":false},"author":2,"featured_media":91453,"comment_status":"","ping_status":"","sticky":false,"template":"","format":"standard","meta":{"footnotes":""},"categories":[12],"tags":[20,21,24,25,15,22,23,13,30,28,29,14,16,26,27,489,42,488,43,44,45],"class_list":{"0":"post-91452","1":"post","2":"type-post","3":"status-publish","4":"format-standard","5":"has-post-thumbnail","7":"category-verden","8":"tag-breaking-news","9":"tag-breakingnews","10":"tag-featured-news","11":"tag-featurednews","12":"tag-headlines","13":"tag-latest-news","14":"tag-latestnews","15":"tag-news","16":"tag-no","17":"tag-norge","18":"tag-norway","19":"tag-nyheter","20":"tag-overskrifter","21":"tag-top-stories","22":"tag-topstories","23":"tag-ukraina","24":"tag-verden","25":"tag-volodymyr-zelenskyj","26":"tag-world","27":"tag-world-news","28":"tag-worldnews"},"share_on_mastodon":{"url":"https:\/\/pubeurope.com\/@no\/115578714814228754","error":""},"_links":{"self":[{"href":"https:\/\/www.europesays.com\/no\/wp-json\/wp\/v2\/posts\/91452","targetHints":{"allow":["GET"]}}],"collection":[{"href":"https:\/\/www.europesays.com\/no\/wp-json\/wp\/v2\/posts"}],"about":[{"href":"https:\/\/www.europesays.com\/no\/wp-json\/wp\/v2\/types\/post"}],"author":[{"embeddable":true,"href":"https:\/\/www.europesays.com\/no\/wp-json\/wp\/v2\/users\/2"}],"replies":[{"embeddable":true,"href":"https:\/\/www.europesays.com\/no\/wp-json\/wp\/v2\/comments?post=91452"}],"version-history":[{"count":0,"href":"https:\/\/www.europesays.com\/no\/wp-json\/wp\/v2\/posts\/91452\/revisions"}],"wp:featuredmedia":[{"embeddable":true,"href":"https:\/\/www.europesays.com\/no\/wp-json\/wp\/v2\/media\/91453"}],"wp:attachment":[{"href":"https:\/\/www.europesays.com\/no\/wp-json\/wp\/v2\/media?parent=91452"}],"wp:term":[{"taxonomy":"category","embeddable":true,"href":"https:\/\/www.europesays.com\/no\/wp-json\/wp\/v2\/categories?post=91452"},{"taxonomy":"post_tag","embeddable":true,"href":"https:\/\/www.europesays.com\/no\/wp-json\/wp\/v2\/tags?post=91452"}],"curies":[{"name":"wp","href":"https:\/\/api.w.org\/{rel}","templated":true}]}}