{"id":91456,"date":"2025-11-19T22:27:12","date_gmt":"2025-11-19T22:27:12","guid":{"rendered":"https:\/\/www.europesays.com\/no\/91456\/"},"modified":"2025-11-19T22:27:12","modified_gmt":"2025-11-19T22:27:12","slug":"foler-ikke-jeg-er-en-drittsekk-e24","status":"publish","type":"post","link":"https:\/\/www.europesays.com\/no\/91456\/","title":{"rendered":"\u2013 F\u00f8ler ikke jeg er en drittsekk \u2013 E24"},"content":{"rendered":"<p class=\"fullWidthDesktop hyperion-css-71ztg2\" data-test-tag=\"lead-text\">Arbeidsministeren mener det skal v\u00e6re lov \u00e5 gj\u00f8re feil, men ett sted g\u00e5r grensen. <\/p>\n<p><img decoding=\"async\" class=\"image-asset hyperion-css-u06ts1\" data-test-tag=\"image-asset\" src=\"https:\/\/www.europesays.com\/no\/wp-content\/uploads\/2025\/11\/df498123-2dfc-4431-ad41-dda011564962\"  alt=\"IKKE DRITTSEKK: Arbeidsminister Kjersti Stenseng (Ap) trenger ikke p\u00e5litelig informasjon fra underliggende etater for \u00e5 sl\u00e5 fast at hun ikke er en drittsekk. \"  loading=\"eager\" fetchpriority=\"high\" style=\"aspect-ratio:1900 \/ 1267\"\/>IKKE DRITTSEKK: Arbeidsminister Kjersti Stenseng (Ap) trenger ikke p\u00e5litelig informasjon fra underliggende etater for \u00e5 sl\u00e5 fast at hun ikke er en drittsekk. Foto: G\u00f8ran Bohlin \/ VG \/ NTBPublisert: Publisert: <\/p>\n<p>For mindre enn 50 minutter siden<\/p>\n<ul class=\"hyperion-css-pte5x0\">\n<li aria-label=\"link\" class=\"narrow-button hyperion-css-1sz7d3n\">Kopier lenke<\/li>\n<li aria-label=\"link\" class=\"wide-button hyperion-css-1sz7d3n\">Kopier lenke<\/li>\n<li aria-label=\"facebook\" class=\"narrow-button hyperion-css-1sz7d3n\">Del p\u00e5 Facebook<\/li>\n<li aria-label=\"facebook\" class=\"wide-button hyperion-css-1sz7d3n\">Del p\u00e5 Facebook<\/li>\n<li aria-label=\"email\" class=\"narrow-button hyperion-css-1sz7d3n\">Del med e-post<\/li>\n<li aria-label=\"email\" class=\"wide-button hyperion-css-1sz7d3n\">Del med e-post<\/li>\n<\/ul>\n<p class=\"hyperion-css-1lemvax\">\u2013 Det at folk mener noe om Nav og noe om en avgang, det synes jeg er helt fint, sier arbeidsminister Kjersti Stenseng (Ap) til E24. <\/p>\n<p class=\"hyperion-css-1lemvax\">Onsdag skrev E24 at styreproff og tidligere Schibsted-topp Kristin Skogen Lund er sterkt kritisk til regjeringens beslutning om \u00e5 sparke Nav-sjefen etter at han selv<a data-test-tag=\"internal-link\" href=\"https:\/\/e24.no\/norsk-oekonomi\/i\/4Bnla9\/hans-christian-holte-gaar-av-som-nav-sjef-bare-en-som-boer-stilles-til-ansvar\" class=\"hyperion-css-1rezu2g\" rel=\"nofollow noopener\" target=\"\" aria-label=\" ga beskjed om feilinformering. \"> ga beskjed om feilinformering. <\/a><\/p>\n<p class=\"hyperion-css-1lemvax\">\u2013 Det viser \u00e6rlighet og h\u00f8y integritet. At responsen er at han skal sparkes, det synes jeg er s\u00e5 vanvittig, sa Skogen Lund.<\/p>\n<p class=\"hyperion-css-1lemvax\">Stenseng er uenig. <\/p>\n<p class=\"hyperion-css-1lemvax\">\u2013 I s\u00e5 store, komplekse organisasjoner skal det v\u00e6re rom for \u00e5 gj\u00f8re feil. Men det som er helt grunnleggende for en statsr\u00e5d, det er jo \u00e5 f\u00e5 riktig informasjon. Det er en helt uholdbar situasjon for en statsr\u00e5d og et departement \u00e5 f\u00e5 gjentatte forsikringer b\u00e5de skriftlig og fysisk i m\u00f8ter om at alvorlige feil er rettet opp, for s\u00e5 \u00e5 f\u00e5 informasjon om at det ikke stemmer, sier Stenseng. <\/p>\n<p><img decoding=\"async\" class=\"image-asset hyperion-css-u06ts1\" data-test-tag=\"image-asset\" src=\"https:\/\/www.europesays.com\/no\/wp-content\/uploads\/2025\/11\/18543ef9-c800-4f36-bd16-4c9a74c7ca31\"  alt=\"KRITISK: Kristin Skogen Lund sier regjeringens beslutning om \u00e5 sparke Nav-sjefen er tragisk, og vil f\u00f8re til en d\u00e5rlig ledelseskultur i offentlig sektor. \"  loading=\"eager\" fetchpriority=\"high\" style=\"aspect-ratio:1900 \/ 1264\"\/>KRITISK: Kristin Skogen Lund sier regjeringens beslutning om \u00e5 sparke Nav-sjefen er tragisk, og vil f\u00f8re til en d\u00e5rlig ledelseskultur i offentlig sektor. Foto: Skjalg B\u00f8hmer VoldIkke drittsekk<\/p>\n<p class=\"hyperion-css-1lemvax\">Oljefondssjef Nicolai Tangen har understreket overfor E24 at han ikke blander seg inn i avgj\u00f8relsen om \u00e5 sparke Nav-sjefen, men at han kjenner Holte som en sv\u00e6rt dyktig leder. <\/p>\n<p class=\"hyperion-css-1lemvax\">Han er dog kjent tilhenger av \u00e5 gj\u00f8re feil og l\u00e6re av dem. I et foredrag p\u00e5 NHOs \u00e5rskonferanse snakket han om at det var \u00abdyr voksenoppl\u00e6ring\u00bb \u00e5 sparke sjefer som gj\u00f8r feil.<\/p>\n<p class=\"hyperion-css-1lemvax\">\u00abN\u00e5r kollegaen din gj\u00f8r feil, ikke v\u00e6r en drittsekk.\u00bb, sa Tangen. <\/p>\n<p class=\"hyperion-css-1lemvax\">\u2013 F\u00f8ler du deg som en drittsekk?<\/p>\n<p class=\"hyperion-css-1lemvax\">\u2013 Jeg f\u00f8ler ikke at jeg er en drittsekk, men om enkelte mener det, s\u00e5 lever jeg veldig godt med det, sier Stenseng.<\/p>\n<p><img decoding=\"async\" class=\"image-asset hyperion-css-u06ts1\" data-test-tag=\"image-asset\" src=\"https:\/\/www.europesays.com\/no\/wp-content\/uploads\/2025\/11\/31c27ee1-9940-4ea9-ad56-5d2514300d9f\"  alt=\"TAR IKKE PARTI: Oljefondssjef Nicolai Tangen sier han synes den sparkede Nav-sjefen er en sv\u00e6rt dyktig leder, men vil ikke blande seg i politikken. P\u00e5 generelt grunnlag har han tidligere ment at man ikke burde v\u00e6re en drittsekk. \"  loading=\"eager\" fetchpriority=\"high\" style=\"aspect-ratio:1900 \/ 1267\"\/>TAR IKKE PARTI: Oljefondssjef Nicolai Tangen sier han synes den sparkede Nav-sjefen er en sv\u00e6rt dyktig leder, men vil ikke blande seg i politikken. P\u00e5 generelt grunnlag har han tidligere ment at man ikke burde v\u00e6re en drittsekk. Foto: Helge Mikalsen \/ VG<\/p>\n<p class=\"hyperion-css-1lemvax\">Hun p\u00e5peker at feilen Riksrevisjonen har p\u00e5pekt, kan f\u00e5 konsekvenser b\u00e5de for fjor\u00e5rets og \u00e5rets revisjon.<\/p>\n<p class=\"hyperion-css-1lemvax\">\u2013 Her har vi en situasjon der det er blitt avdekket feil og det har blitt p\u00e5pekt gjentatte ganger at de feilene m\u00e5tte rettes raskt. Det fikk vi jo forsikringer om at de var, for deretter \u00e5 f\u00e5 informasjon om at de ikke var det. Det er ikke snakk om \u00e5 gj\u00f8re en liten feil. <\/p>\n<p class=\"hyperion-css-1lemvax\">\u2013 Hva ville departementet gjort annerledes, dersom dere visste at feilen ikke var rettet?<\/p>\n<p class=\"hyperion-css-1lemvax\">\u2013 Vi har gjentatte ganger p\u00e5pekt at avvik m\u00e5 rettes. <\/p>\n<p class=\"hyperion-css-1lemvax\">\u2013 Konsekvensen hadde stort sett v\u00e6rt at dere hadde fortsatt \u00e5 mase om at dette m\u00e5tte fikses?<\/p>\n<p class=\"hyperion-css-1lemvax\">\u2013 Ja, vi har v\u00e6rt opptatt av at feilen m\u00e5 fikses umiddelbart. Det er klart at hvis vi visste at feilee ikke var fikset, s\u00e5 hadde vi v\u00e6rt opptatt av at de m\u00e5 fikses s\u00e5 fort som mulig, nettopp fordi det ikke skulle f\u00e5 konsekvenser for 2025, sier Stenseng. <\/p>\n<p class=\"hyperion-css-1lemvax\">Hun mener det er s\u00e5pass alvorlig at eneste l\u00f8sning var \u00e5 f\u00e5 inn en ny direkt\u00f8r i Nav. <\/p>\n<p class=\"hyperion-css-1lemvax\">\u2013 Alvorlige feil m\u00e5 ogs\u00e5 f\u00e5 konsekvenser. Du kan godt v\u00e6re en dyktig leder p\u00e5 mange omr\u00e5der, men det fritar deg ikke for ansvar eller konsekvens.<\/p>\n<p class=\"hyperion-css-1lemvax\">\u2013 Tror du Nav-sjefen n\u00e5r han sier at han ikke visste at informasjonen han ga var feil?<\/p>\n<p class=\"hyperion-css-1lemvax\">\u2013 Jeg tror ikke han har feilinformert bevisst. Det at det blir forsikret om at feil er rettet,\u00a0men s\u00e5 viser det seg at det ikke var rettet likevel, avdekker for d\u00e5rlig internkontroll. Derfor har vi satt i gang en ekstern gjennomgang.<\/p>\n<p class=\"hyperion-css-1lemvax\">\u2013 P\u00e5 hvilken m\u00e5te var feilinformeringen, som Nav-sjefen ikke visste om, Nav-sjefens feil?<\/p>\n<p class=\"hyperion-css-1lemvax\">\u2013 Det er jo slik at n\u00e5r du er \u00f8verste leder, s\u00e5 har du ansvaret. <\/p>\n<p>Rom for feil<\/p>\n<p class=\"hyperion-css-1lemvax\">Arbeidsministeren har tidligere sagt til NRK at regelverket Nav m\u00e5 forholde seg til er for komplisert, og at det ikke er godt nok egnet for automatisering og digitalisering.<\/p>\n<p class=\"hyperion-css-1lemvax\">Regelverket er det politikerne som lager. <\/p>\n<p class=\"hyperion-css-1lemvax\">\u2013 Jeg er opptatt av at vi m\u00e5 se p\u00e5 hvordan vi kan forenkle regelverket. Det er utfordringer vi skal ta fatt p\u00e5 n\u00e5, og ikke minst f\u00f8lge opp anbefalingene som kommer gjennom den eksterne gjennomgangen. <\/p>\n<p class=\"hyperion-css-1lemvax\">\u2013 Er det systemet som har gjort at Nav-sjefen ikke hadde god nok kontroll?<\/p>\n<p class=\"hyperion-css-1lemvax\">\u2013 Jeg vil si det er for d\u00e5rlig internkontroll.<\/p>\n<p class=\"hyperion-css-1lemvax\">\u2013 Hvorfor tror du det er for d\u00e5rlig internkontroll i Nav?<\/p>\n<p class=\"hyperion-css-1lemvax\">\u2013 N\u00e5 skal vi jo ha en ekstern gjennomgang og gi anbefalinger til tiltak. Det mener jeg det er riktig at en ny direkt\u00f8r f\u00f8lger opp.<\/p>\n<p class=\"hyperion-css-1lemvax\">\u2013 Er det mulig \u00e5 lykkes som Nav-sjef i med det reglementet vi har i dag?<\/p>\n<p class=\"hyperion-css-1lemvax\">\u2013 Ja, absolutt. Holte har v\u00e6rt Nav-sjef i fem \u00e5r, og det har skjedd mye viktig i den perioden. Og ogs\u00e5 i Nav er det rom for \u00e5 gj\u00f8re feil, som i andre organisasjoner.<\/p>\n<p>Frykter ikke d\u00e5rlig kultur<\/p>\n<p class=\"hyperion-css-1lemvax\">Skogen Lund trekker i sin kritikk frem at oppsigelsen av Holte vil gi en d\u00e5rlig lederkultur i offentlig sektor, der man blir mer opptatt av \u00e5 ikke gj\u00f8re feil enn \u00e5 pr\u00f8ve \u00e5 gj\u00f8re organisasjonen bedre.<\/p>\n<p class=\"hyperion-css-1lemvax\">Den kritikken kjenner ikke Stengseng seg igjen i. Hun p\u00e5peker igjen at det skal v\u00e6re lov \u00e5 feile. <\/p>\n<p class=\"hyperion-css-1lemvax\">\u2013 Men det er forskjeller p\u00e5 niv\u00e5 av feil. Her har vi hatt en lang prosess der vi fikk feil informasjon. Da mener jeg det er s\u00e5pass alvorlig at tilliten ikke var til stede lenger. <\/p>\n<p class=\"hyperion-css-1lemvax\">\u2013 Er du redd for at fremtidige ledere i Nav vil feie saker under teppet i fremtiden, i frykt for \u00e5 bli sparket hvis de viser frem feil? <\/p>\n<p class=\"hyperion-css-1lemvax\">\u2013 Nei. Jeg tror de aller fleste direkt\u00f8rer er opptatt av \u00e5 gj\u00f8re jobben sin, og at de vet at en statsr\u00e5d er avhengig av \u00e5 f\u00e5 riktig informasjon. <\/p>\n","protected":false},"excerpt":{"rendered":"Arbeidsministeren mener det skal v\u00e6re lov \u00e5 gj\u00f8re feil, men ett sted g\u00e5r grensen. IKKE DRITTSEKK: Arbeidsminister Kjersti&hellip;\n","protected":false},"author":2,"featured_media":91457,"comment_status":"","ping_status":"","sticky":false,"template":"","format":"standard","meta":{"footnotes":""},"categories":[5],"tags":[20,21,24,25,15,19,22,23,17,18,13,30,28,29,14,16,26,27],"class_list":{"0":"post-91456","1":"post","2":"type-post","3":"status-publish","4":"format-standard","5":"has-post-thumbnail","7":"category-overskrifter","8":"tag-breaking-news","9":"tag-breakingnews","10":"tag-featured-news","11":"tag-featurednews","12":"tag-headlines","13":"tag-hovedoppslag","14":"tag-latest-news","15":"tag-latestnews","16":"tag-main-news","17":"tag-mainnews","18":"tag-news","19":"tag-no","20":"tag-norge","21":"tag-norway","22":"tag-nyheter","23":"tag-overskrifter","24":"tag-top-stories","25":"tag-topstories"},"share_on_mastodon":{"url":"https:\/\/pubeurope.com\/@no\/115578722533566175","error":""},"_links":{"self":[{"href":"https:\/\/www.europesays.com\/no\/wp-json\/wp\/v2\/posts\/91456","targetHints":{"allow":["GET"]}}],"collection":[{"href":"https:\/\/www.europesays.com\/no\/wp-json\/wp\/v2\/posts"}],"about":[{"href":"https:\/\/www.europesays.com\/no\/wp-json\/wp\/v2\/types\/post"}],"author":[{"embeddable":true,"href":"https:\/\/www.europesays.com\/no\/wp-json\/wp\/v2\/users\/2"}],"replies":[{"embeddable":true,"href":"https:\/\/www.europesays.com\/no\/wp-json\/wp\/v2\/comments?post=91456"}],"version-history":[{"count":0,"href":"https:\/\/www.europesays.com\/no\/wp-json\/wp\/v2\/posts\/91456\/revisions"}],"wp:featuredmedia":[{"embeddable":true,"href":"https:\/\/www.europesays.com\/no\/wp-json\/wp\/v2\/media\/91457"}],"wp:attachment":[{"href":"https:\/\/www.europesays.com\/no\/wp-json\/wp\/v2\/media?parent=91456"}],"wp:term":[{"taxonomy":"category","embeddable":true,"href":"https:\/\/www.europesays.com\/no\/wp-json\/wp\/v2\/categories?post=91456"},{"taxonomy":"post_tag","embeddable":true,"href":"https:\/\/www.europesays.com\/no\/wp-json\/wp\/v2\/tags?post=91456"}],"curies":[{"name":"wp","href":"https:\/\/api.w.org\/{rel}","templated":true}]}}