{"id":91458,"date":"2025-11-19T22:28:38","date_gmt":"2025-11-19T22:28:38","guid":{"rendered":"https:\/\/www.europesays.com\/no\/91458\/"},"modified":"2025-11-19T22:28:38","modified_gmt":"2025-11-19T22:28:38","slug":"andreas-schjelderup-domt-til-14-dagers-betinget-fengsel-2","status":"publish","type":"post","link":"https:\/\/www.europesays.com\/no\/91458\/","title":{"rendered":"Andreas Schjelderup d\u00f8mt til 14 dagers betinget fengsel"},"content":{"rendered":"<p class=\"extendedContent hyperion-css-eyn926\" data-test-tag=\"lead-text\">Landslagsspilleren og hans advokat skal n\u00e5 vurdere om de vil anke dommen. <\/p>\n<p><img decoding=\"async\" class=\"image-asset hyperion-css-u06ts1\" data-test-tag=\"image-asset\" src=\"https:\/\/www.europesays.com\/no\/wp-content\/uploads\/2025\/11\/1763591317_154_288245a6-ec93-4266-bfde-43901a617657\"  alt=\"TILTALT: Landslagsspiller Andreas Schjelderup (21). \"  loading=\"eager\" fetchpriority=\"high\" style=\"aspect-ratio:2048 \/ 2560\"\/>TILTALT: Landslagsspiller Andreas Schjelderup (21). Foto: MARIUS SIMENSEN \/ Bildbyr\u00e5n<\/p>\n<ul data-test-tag=\"byline:authors\" data-testid=\"byline:authors\" class=\"hyperion-css-zsib83\">\n<li class=\"hyperion-css-10c38m6\">\n<p>Anders K. Christiansen, VG<\/p>\n<\/li>\n<li class=\"hyperion-css-10c38m6\"\/><\/ul>\n<p>Publisert: 19.11.2025 13:01 |\u00a0Oppdatert: 19.11.2025 15:05<\/p>\n<p class=\"paywall hyperion-css-1j42uic\">I K\u00f8benhavn byrett onsdag ba aktor om 20 dagers ubetinget fengselubetinget fengselUbetinget fengsel er en straff der den d\u00f8mte m\u00e5 i fengsel og sone den fastsatte tiden. Det finnes ingen vilk\u00e5r eller pr\u00f8vetid som kan forhindre soningen \u2013 straffen skal gjennomf\u00f8res uansett. for Schjelderup, alts\u00e5 at spilleren m\u00e5 sone sin straff i fengsel i motsetning til en betinget dom. <\/p>\n<p class=\"paywall hyperion-css-1j42uic\"><strong>Det ville ikke dommer Mathias Eike v\u00e6re med p\u00e5 og dommen ble til slutt 14 dagers <\/strong><strong>betinget fengsel<\/strong><strong>betinget fengsel<\/strong>Betinget fengsel betyr at straffen ikke m\u00e5 sones i fengsel med mindre den d\u00f8mte beg\u00e5r en ny straffbar handling i en bestemt pr\u00f8vetid. Personen slipper alts\u00e5 fengsel i utgangspunktet, men m\u00e5 oppfylle gitte vilk\u00e5r. <strong>. Nordmannen f\u00e5r pr\u00f8vetid p\u00e5 ett \u00e5r og slipper samfunnsstraff. <\/strong><\/p>\n<p class=\"paywall hyperion-css-1j42uic\">\u2013 Du f\u00e5r et gult kort, sa dommer Eike til Schjelderup i rettssalen. <\/p>\n<p class=\"paywall hyperion-css-1j42uic\">Schjelderup gikk raskt ut av byretten og l\u00f8p n\u00e6rmest til en ventende, svart bil. Han forsvant uten \u00e5 si noe til pressen. <\/p>\n<p class=\"paywall hyperion-css-1j42uic\">Dommeren gjorde det klart at Schjelderup ville f\u00e5tt 20 dager dersom han ikke hadde tilst\u00e5tt og lagt kortene p\u00e5 bordet.<\/p>\n<p class=\"paywall hyperion-css-1j42uic\">\u2013 Jeg har lagt vekt p\u00e5 at det er en kategori 2-video, at videoen er p\u00e5 27 sekunder, at den bare er delt i en gruppe med fire personer, samt at du ikke har opps\u00f8kt materialet selv, sa dommer. <\/p>\n<p class=\"paywall hyperion-css-1j42uic\">Lise Klaveness, Norges fotballpresident og utdannet jurist, <a aria-label=\"uttalte da saken ble kjent\" class=\"default hyperion-css-1raymq9\" href=\"https:\/\/www.vg.no\/sport\/i\/93gnoq\/fotballpresidenten-om-schjelderup-saken-han-har-gjort-en-meget-alvorlig-feil\" target=\"_blank\" rel=\"noopener nofollow noreferrer\" data-test-tag=\"external-link\">uttalte da saken ble kjent<\/a> at de forventet en bot og en betingetbetingetBetinget fengsel betyr at straffen ikke m\u00e5 sones i fengsel med mindre den d\u00f8mte beg\u00e5r en ny straffbar handling i en bestemt pr\u00f8vetid. Personen slipper alts\u00e5 fengsel i utgangspunktet, men m\u00e5 oppfylle gitte vilk\u00e5r.  fengselsstraff p\u00e5 opptil syv dager. <\/p>\n<p class=\"paywall hyperion-css-1j42uic\">Det ville ogs\u00e5, etter det VG forst\u00e5r, v\u00e6rt en straff Schjelderup hadde akseptert uten betenkningstid.<\/p>\n<p class=\"paywall hyperion-css-1j42uic\">\u2013 Tiltalte har bekreftet at han har delt en kategori 2-videokategori 2-videoI dansk lov brukes tre kategorier for \u00e5 dele inn lovbrudd som gjelder pornografisk materiale som viser personer under 18 \u00e5r. Kategori 2 er materiale der det forekommer seksuell aktivitet med personer under 18 \u00e5r. Dette kan v\u00e6re en filmsekvens eller et foto der barnet er involvert i en seksuell handling eller brukes som modell for seksuelle ber\u00f8ringer eller lignende. til fire venner. Det er ingen tvil om at delingen har skjedd p\u00e5 bakgrunn av et \u00f8yeblikks ubetenksomhet, og en eller annen form for humor. Det er ingen form for seksuelt motiv her. Men det er en alvorlig forbrytelse fordi det er snakk om noen under 18 \u00e5r, sa aktor. <\/p>\n<p class=\"paywall hyperion-css-1j42uic\"><strong>Schjelderups forsvarer Anders Nemeth ba om en betinget dom for sin klient. Etter at dommen falt ba de om betenkningstid for \u00e5 avgj\u00f8re om de vil anke dommen. <\/strong><\/p>\n<p class=\"paywall hyperion-css-1j42uic\">\u2013 Det har jeg ingen kommentar til p\u00e5 n\u00e5v\u00e6rende tidspunkt, sa Nemeth om en eventuell anke til pressen. <\/p>\n<p class=\"paywall hyperion-css-1j42uic\">Overfor VG \u00f8nsker ikke forsvareren \u00e5 kommentere hvem eller hva som vises i videoen. <\/p>\n<p class=\"paywall hyperion-css-1j42uic\">\u2013 Det har ikke v\u00e6rt et seksuelt motiv, han har heller ikke opps\u00f8kt noe for \u00e5 f\u00e5 materialet. Vi har en situasjon der det hurtig mottas noe, og deles videre, uten videre refleksjon. Min klient var b\u00e5de ung og ustraffet, sa Nemeth i retten. <\/p>\n<p class=\"paywall hyperion-css-1j42uic\">Schjelderup sto tiltalt for brudd p\u00e5 paragraf 235 i den danske loven: Den gjelder besittelse eller deling av seksuelt materiale \u2013 som bilder eller video \u2013 som viser personer under 18 \u00e5r.<\/p>\n<p class=\"paywall hyperion-css-1j42uic\">\u2013 Jeg mottok videoen p\u00e5 Snapchat som en d\u00e5rlig jokejokeVits . Og s\u00e5 videresendte jeg den til en gruppe med fire venner, og videref\u00f8rte denne d\u00e5rlige joken, sier Schjelderup i sin forklaring i retten.<\/p>\n<p class=\"paywall hyperion-css-1j42uic\">Han fortsetter: <\/p>\n<p class=\"paywall hyperion-css-1j42uic\">\u2013 Jeg ser kun de f\u00f8rste sekundene, jeg ser ikke hele videoen, men jeg f\u00e5r med meg at det er noe seksuelt og at det er to unge menn.<\/p>\n<p class=\"paywall hyperion-css-1j42uic\">\u2013 Hvor gamle var de? sp\u00f8r aktor<\/p>\n<p class=\"paywall hyperion-css-1j42uic\">\u2013 Det vet jeg ikke helt.<\/p>\n<p class=\"paywall hyperion-css-1j42uic\">\u2013 Du ser kun tre sekunder?<\/p>\n<p class=\"paywall hyperion-css-1j42uic\">\u2013 Ja, bare noen sekunder. S\u00e5 videresendte jeg. Det gikk s\u00e5 hurtig at jeg ikke tenkte meg helt om.<\/p>\n<p class=\"paywall hyperion-css-1j42uic\">\u2013  Kom det noe respons?<\/p>\n<p class=\"paywall hyperion-css-1j42uic\">\u2013 Ja, idet jeg videresendte den s\u00e5 inns\u00e5 jeg ganske hurtig at dette var ulovlig, s\u00e5 jeg slettet den raskt p\u00e5 gruppen og p\u00e5 min telefon. Innen ett minutt.<\/p>\n<p class=\"paywall hyperion-css-1j42uic\">Schjelderup forklarer videre at man s\u00e5 i l\u00f8pet av de f\u00f8rste sekundene av videoen at personene som ble filmet var under 18 \u00e5r. <\/p>\n<p class=\"paywall hyperion-css-1j42uic\">Som i Norge er det ogs\u00e5 i Danmark fotoforbud i straffesaker. Det betyr at det ikke er lov \u00e5 avbilde Andreas Schjelderup p\u00e5 vei til eller fra retten, eller inne i rettsssal 23 i sentrum av K\u00f8benhavn.<\/p>\n<p class=\"paywall hyperion-css-1j42uic\">Landslagsspilleren gikk selv ut p\u00e5 Instagram for <a aria-label=\"halvannen uke siden\" class=\"default hyperion-css-1raymq9\" href=\"https:\/\/www.vg.no\/sport\/i\/Mnxa8M\/siktet-i-danmark-schjelderup-innroemmer-aa-ha-delt-video-med-seksuelt-innhold\" target=\"_blank\" rel=\"noopener nofollow noreferrer\" data-test-tag=\"external-link\">halvannen uke siden<\/a>. Der gjorde Benfica-spilleren det klart at han kom til \u00e5 bli d\u00f8mt i en straffesak.<\/p>\n<p class=\"paywall hyperion-css-1j42uic\">\u2013 Jeg mottok en kort video og sendte den videre til en venn uten \u00e5 tenke meg om. Jeg s\u00e5 bare de f\u00f8rste sekundene og forsto ikke hva det var. Da vennen min gjorde meg oppmerksom p\u00e5 innholdet, slettet jeg den med en gang, skrev Schjelderup.<\/p>\n<p class=\"paywall hyperion-css-1j42uic\">Aktor bekrefter onsdag at videoen var 27 sekunder lang. Det skal ha v\u00e6rt Snapchat som kontaktet politiet. Det skjedde etter at Schjelderup hadde videresendt videoen i mai i 2024.<\/p>\n<p><img decoding=\"async\" class=\"image-asset hyperion-css-u06ts1\" data-test-tag=\"image-asset\" src=\"https:\/\/www.europesays.com\/no\/wp-content\/uploads\/2025\/11\/1763591318_617_1ee06908-5bf8-4eeb-8d83-8f80cc12bb9d\"  alt=\"M\u00c5 M\u00d8TE HER: I denne sidebygningen til K\u00f8benhavn byrett ligger rettssal 23, der Schjelderup m\u00e5 m\u00f8te onsdag.\"  loading=\"eager\" fetchpriority=\"high\" style=\"aspect-ratio:1710 \/ 1196\"\/>M\u00c5 M\u00d8TE HER: I denne sidebygningen til K\u00f8benhavn byrett ligger rettssal 23, der Schjelderup m\u00e5 m\u00f8te onsdag. Foto: Anders K. Christiansen, VG<\/p>\n<p class=\"paywall hyperion-css-1j42uic\">Hvem han sendte videoen til, hvem som ble filmet i videoen og alderen p\u00e5 vedkommende er blant sp\u00f8rsm\u00e5lene som forblir besvart.<\/p>\n<p class=\"paywall hyperion-css-1j42uic\">\u2013 Hva viser videoen og hvem er det som blir filmet?<\/p>\n<p class=\"paywall hyperion-css-1j42uic\">\u2013 Nei, jeg har ingen kommentar til det, sier forsvarer Nemeth til VG utenfor K\u00f8benhavn byrett. <\/p>\n<p>Les hele innlegget til Schjelderup her:Vis mer<\/p>\n<p class=\"paywall hyperion-css-1j42uic\">Andreas Schjelderup var med i landslagstroppen som slo Estland og Italia, men har ikke kommentert det som har skjedd overfor norsk presse.<\/p>\n","protected":false},"excerpt":{"rendered":"Landslagsspilleren og hans advokat skal n\u00e5 vurdere om de vil anke dommen. TILTALT: Landslagsspiller Andreas Schjelderup (21). Foto:&hellip;\n","protected":false},"author":2,"featured_media":91459,"comment_status":"","ping_status":"","sticky":false,"template":"","format":"standard","meta":{"footnotes":""},"categories":[59],"tags":[30,28,29,83,82],"class_list":{"0":"post-91458","1":"post","2":"type-post","3":"status-publish","4":"format-standard","5":"has-post-thumbnail","7":"category-sport","8":"tag-no","9":"tag-norge","10":"tag-norway","11":"tag-sport","12":"tag-sports"},"share_on_mastodon":{"url":"https:\/\/pubeurope.com\/@no\/115578726272676568","error":""},"_links":{"self":[{"href":"https:\/\/www.europesays.com\/no\/wp-json\/wp\/v2\/posts\/91458","targetHints":{"allow":["GET"]}}],"collection":[{"href":"https:\/\/www.europesays.com\/no\/wp-json\/wp\/v2\/posts"}],"about":[{"href":"https:\/\/www.europesays.com\/no\/wp-json\/wp\/v2\/types\/post"}],"author":[{"embeddable":true,"href":"https:\/\/www.europesays.com\/no\/wp-json\/wp\/v2\/users\/2"}],"replies":[{"embeddable":true,"href":"https:\/\/www.europesays.com\/no\/wp-json\/wp\/v2\/comments?post=91458"}],"version-history":[{"count":0,"href":"https:\/\/www.europesays.com\/no\/wp-json\/wp\/v2\/posts\/91458\/revisions"}],"wp:featuredmedia":[{"embeddable":true,"href":"https:\/\/www.europesays.com\/no\/wp-json\/wp\/v2\/media\/91459"}],"wp:attachment":[{"href":"https:\/\/www.europesays.com\/no\/wp-json\/wp\/v2\/media?parent=91458"}],"wp:term":[{"taxonomy":"category","embeddable":true,"href":"https:\/\/www.europesays.com\/no\/wp-json\/wp\/v2\/categories?post=91458"},{"taxonomy":"post_tag","embeddable":true,"href":"https:\/\/www.europesays.com\/no\/wp-json\/wp\/v2\/tags?post=91458"}],"curies":[{"name":"wp","href":"https:\/\/api.w.org\/{rel}","templated":true}]}}