{"id":91460,"date":"2025-11-19T22:32:15","date_gmt":"2025-11-19T22:32:15","guid":{"rendered":"https:\/\/www.europesays.com\/no\/91460\/"},"modified":"2025-11-19T22:32:15","modified_gmt":"2025-11-19T22:32:15","slug":"pro-palestina-demonstranter-forsokte-a-odelegge-jodisk-utstilling","status":"publish","type":"post","link":"https:\/\/www.europesays.com\/no\/91460\/","title":{"rendered":"Pro Palestina- demonstranter fors\u00f8kte \u00e5 \u00f8delegge j\u00f8disk utstilling."},"content":{"rendered":"<p><strong>En vandreutstilling om 400 \u00e5rs j\u00f8disk historie i Danmark har m\u00f8tt nye utfordringer etter at fire demonstranter nylig ble eskortert ut av K\u00f8benhavns r\u00e5dhus. If\u00f8lge bekymringsmeldingen som ble sendt til Dansk J\u00f8disk Museum, skal demonstrantene ha fors\u00f8kt \u00e5 \u00f8delegge deler av utstillingen. Det melder <a href=\"https:\/\/www.dagen.no\/nyheter\/palestina-aktivister-truet-med-a-odelegge-jodisk-utstilling\/1511467\" rel=\"nofollow noopener\" target=\"_blank\">Dagen<\/a>.<\/strong><\/p>\n<p>Museumsdirekt\u00f8r Janus M\u00f8ller Jensen kontaktet Politiets etterretningstjeneste etter meldingen. Tjenesten registrerte hendelsen, men vurderte at det ikke var behov for \u00f8kte sikkerhetstiltak. M\u00f8ller Jensen sier episoden p\u00e5virker arbeidet med \u00e5 formidle dansk-j\u00f8disk historie og peker p\u00e5 at utstillingen tidligere har m\u00f8tt flere hindringer under turneen.<\/p>\n<blockquote class=\"twitter-tweet\">\n<p lang=\"da\" dir=\"ltr\">Skal en apartheidstat, der st\u00e5r anklaget for folkemord, have en plads opkaldt efter sig midt i K\u00f8benhavn? <\/p>\n<p>Nej, selvf\u00f8lgelig ikke. <\/p>\n<p>Den b\u00f8r i stedet hedder J\u00f8disk Plads, s\u00e5 vi \u00e6rer j\u00f8disk historie uden at legitimere den zionistiske stats forbrydelser. <a href=\"https:\/\/twitter.com\/hashtag\/dkpol?src=hash&amp;ref_src=twsrc%5Etfw\" rel=\"nofollow noopener\" target=\"_blank\">#dkpol<\/a> <a href=\"https:\/\/t.co\/zciIFrrB5B\" rel=\"nofollow\">pic.twitter.com\/zciIFrrB5B<\/a><\/p>\n<p>\u2014 Frie Gr\u00f8nne, Danmarks Nye Venstrefl\u00f8jsparti (@friegronne) <a href=\"https:\/\/twitter.com\/friegronne\/status\/1989680165618610574?ref_src=twsrc%5Etfw\" rel=\"nofollow noopener\" target=\"_blank\">November 15, 2025<\/a><\/p><\/blockquote>\n<p>\u2013 Denne episoden gj\u00f8r dypt inntrykk p\u00e5 meg, fordi det er en del av en st\u00f8rre tendens. Dansk-j\u00f8disk historie er blitt vanskeligere \u00e5 formidle p\u00e5 grunn av forhold i Israel, sier han til avisen. Hendelsen skjer samme helg som det danske lokalvalget.<\/p>\n<p>Utstillingen, som ble \u00e5pnet av dronning Margrethe i 2022, har reist gjennom \u00e5tte byer. I flere av dem har lokale myndigheter valgt bort offisielle \u00e5pningsarrangementer etter vurderinger knyttet til sikkerhet. I Aarhus, Aalborg og Horsens ble planlagte \u00e5pninger avlyst etter anbefaling fra lokalt politi, opplyser museumsdirekt\u00f8ren.<\/p>\n<blockquote class=\"twitter-tweet\">\n<p lang=\"da\" dir=\"ltr\">Det er en s\u00e6rdeles m\u00f8rk dag i det danske demokratis historie. K\u00f8benhavnerne har stemt j\u00f8dehader-partiet Frie Gr\u00f8nne ind. <\/p>\n<p>Det er desv\u00e6rre ikke en overraskelse, n\u00e5r man t\u00e6nker p\u00e5 hvor mange ekstremister der bor i hovedstaden. Den udbredte Hamas sympati og de utallige h\u00e6ndelser\u2026 <a href=\"https:\/\/t.co\/BbIzgufX3K\" rel=\"nofollow\">pic.twitter.com\/BbIzgufX3K<\/a><\/p>\n<p>\u2014 Jotam Confino (@mrconfino) <a href=\"https:\/\/twitter.com\/mrconfino\/status\/1991059919294840894?ref_src=twsrc%5Etfw\" rel=\"nofollow noopener\" target=\"_blank\">November 19, 2025<\/a><\/p><\/blockquote>\n<p>Saken har ogs\u00e5 f\u00e5tt en reaksjon fra kulturminister Jakob Engel-Schmidt, som tidligere har ytret kritikk mot Israel. Han retter n\u00e5 skarp kritikk mot handlingene som f\u00f8rte til bekymringsmeldingen.<\/p>\n<p>\u2013 Jeg tar fullstendig og uforbeholden avstand fra inkompetente tullinger som skaper frykt og splittelse i forholdet til v\u00e5re j\u00f8diske medborgere i Danmark og deres kulturhistorie. Det h\u00f8rer ikke hjemme noensteds, uttaler han.<\/p>\n<p><script async src=\"https:\/\/platform.twitter.com\/widgets.js\" charset=\"utf-8\"><\/script><\/p>\n","protected":false},"excerpt":{"rendered":"En vandreutstilling om 400 \u00e5rs j\u00f8disk historie i Danmark har m\u00f8tt nye utfordringer etter at fire demonstranter nylig&hellip;\n","protected":false},"author":2,"featured_media":91461,"comment_status":"","ping_status":"","sticky":false,"template":"","format":"standard","meta":{"footnotes":""},"categories":[12],"tags":[20,21,1524,24,25,15,22,23,13,30,28,29,14,16,261,11963,26,27,42,43,44,45],"class_list":{"0":"post-91460","1":"post","2":"type-post","3":"status-publish","4":"format-standard","5":"has-post-thumbnail","7":"category-verden","8":"tag-breaking-news","9":"tag-breakingnews","10":"tag-danmark","11":"tag-featured-news","12":"tag-featurednews","13":"tag-headlines","14":"tag-latest-news","15":"tag-latestnews","16":"tag-news","17":"tag-no","18":"tag-norge","19":"tag-norway","20":"tag-nyheter","21":"tag-overskrifter","22":"tag-palestina","23":"tag-radhuset-i-kobenhavn","24":"tag-top-stories","25":"tag-topstories","26":"tag-verden","27":"tag-world","28":"tag-world-news","29":"tag-worldnews"},"share_on_mastodon":{"url":"https:\/\/pubeurope.com\/@no\/115578742072149477","error":""},"_links":{"self":[{"href":"https:\/\/www.europesays.com\/no\/wp-json\/wp\/v2\/posts\/91460","targetHints":{"allow":["GET"]}}],"collection":[{"href":"https:\/\/www.europesays.com\/no\/wp-json\/wp\/v2\/posts"}],"about":[{"href":"https:\/\/www.europesays.com\/no\/wp-json\/wp\/v2\/types\/post"}],"author":[{"embeddable":true,"href":"https:\/\/www.europesays.com\/no\/wp-json\/wp\/v2\/users\/2"}],"replies":[{"embeddable":true,"href":"https:\/\/www.europesays.com\/no\/wp-json\/wp\/v2\/comments?post=91460"}],"version-history":[{"count":0,"href":"https:\/\/www.europesays.com\/no\/wp-json\/wp\/v2\/posts\/91460\/revisions"}],"wp:featuredmedia":[{"embeddable":true,"href":"https:\/\/www.europesays.com\/no\/wp-json\/wp\/v2\/media\/91461"}],"wp:attachment":[{"href":"https:\/\/www.europesays.com\/no\/wp-json\/wp\/v2\/media?parent=91460"}],"wp:term":[{"taxonomy":"category","embeddable":true,"href":"https:\/\/www.europesays.com\/no\/wp-json\/wp\/v2\/categories?post=91460"},{"taxonomy":"post_tag","embeddable":true,"href":"https:\/\/www.europesays.com\/no\/wp-json\/wp\/v2\/tags?post=91460"}],"curies":[{"name":"wp","href":"https:\/\/api.w.org\/{rel}","templated":true}]}}