{"id":91462,"date":"2025-11-19T22:33:37","date_gmt":"2025-11-19T22:33:37","guid":{"rendered":"https:\/\/www.europesays.com\/no\/91462\/"},"modified":"2025-11-19T22:33:37","modified_gmt":"2025-11-19T22:33:37","slug":"585-millioner-kroner-fra-norge-til-ukraina","status":"publish","type":"post","link":"https:\/\/www.europesays.com\/no\/91462\/","title":{"rendered":"585 millioner kroner fra Norge til Ukraina"},"content":{"rendered":"<p>  Regjeringen gir nye bidrag til Ukraina i forbindelse med det internasjonale toppm\u00f8tet om matsikkerhet som holdes i Kyiv i dag.<\/p>\n<p>\n    Regjeringen gir nye bidrag til Ukraina i forbindelse med det internasjonale toppm\u00f8tet om matsikkerhet som holdes i Kyiv i dag.\n  <\/p>\n<p>N\u00e5r utviklingsminister \u00c5smund Aukrust (Ap) deltar p\u00e5 toppm\u00f8tet i Kyiv i dag, har han med seg to nye bidrag til Ukraina:<\/p>\n<p>465 millioner kroner i humanit\u00e6r st\u00f8tte til flere organisasjoner, og 120 millioner kroner til Verdens matvareprogram og programmet \u00abGrain from Ukraine\u00bb.<\/p>\n<p>Det skriver utenriksdepartementet i en pressemelding.<\/p>\n<p>    <a itemprop=\"url\" href=\"https:\/\/sol.no\/video\/spor-om-drapet-trump-raser\/MHAzHoMh\" rel=\"nofollow noopener\" target=\"_blank\"><\/p>\n<p>      <img loading=\"lazy\" decoding=\"async\" src=\"https:\/\/www.europesays.com\/no\/wp-content\/uploads\/2025\/11\/83870616.webp\" width=\"147\" height=\"98\" title=\"Sp\u00f8r om drapet - Trump raser\" alt=\"\" class=\"lazyload\" style=\"--aspect-ratio-image: 1.50; \"\/><\/p>\n<p>        Sp\u00f8r om drapet &#8211; Trump raser<\/p>\n<p>sol.no<\/p>\n<p>    <\/a><\/p>\n<p>Humanit\u00e6r st\u00f8tte\t<\/p>\n<p>\u2013 Denne st\u00f8tten til det ukrainske folket redder liv og lindrer n\u00f8d. Det er med p\u00e5 \u00e5 opprettholde motstandskraften i det ukrainske samfunnet, noe Norge prioriterer h\u00f8yt, sier utviklingsminister Aukrust.<\/p>\n<p>De 465 millioner kronene til humanit\u00e6r st\u00f8tte skal fordeles med nesten 200 millioner kroner til organisasjoner som Flyktninghjelpen, Norsk Folkehjelp, Kirkens N\u00f8dhjelp og R\u00f8de Kors. Videre f\u00e5r flere FN-forbund som Unicef og UNHCR 122 millioner kroner. Ukraine Humanitarian Fund f\u00e5r 35 millioner kroner, mens Verdens helseorganisasjon (WHO) f\u00e5r 55 millioner kroner. Den internasjonale r\u00f8de kors og r\u00f8de halvm\u00e5ne-bevegelsen f\u00e5r ogs\u00e5 55 millioner kroner.<\/p>\n<p>          <img loading=\"lazy\" decoding=\"async\" src=\"https:\/\/www.europesays.com\/no\/wp-content\/uploads\/2025\/11\/83871948.webp\" width=\"980\" height=\"559\" title=\"Ukraina er en av verdens st\u00f8rste kornprodusenter. Her fra jorder ved Zghurivka i n\u00e6rheten av Kyiv sommeren 2022. Foto: Jefrem Lukatskyj \/ AP \/ NTB\" alt=\"\" class=\"\" style=\"--aspect-ratio-image: 1.75; \"\/><\/p>\n<p>\n          Ukraina er en av verdens st\u00f8rste kornprodusenter. Her fra jorder ved Zghurivka i n\u00e6rheten av Kyiv sommeren 2022. Foto: Jefrem Lukatskyj \/ AP \/ NTB\n      <\/p>\n<p>Med dette bidraget er den norske st\u00f8tten til Ukraina og flyktninger i nabolandene oppe i 3 milliarder kroner i \u00e5r, if\u00f8lge utenriksdepartementet.<\/p>\n<p>\u2013 Behovene i Ukraina er enorme. Det er spesielt betydningsfullt \u00e5 se at norske humanit\u00e6re organisasjoner jobber sammen med lokale organisasjoner for \u00e5 hjelpe sivilbefolkningen i Ukraina. Prosjektene som bidrar til beskyttelse og verdifull innsats rettet mot barn er spesielt viktige for oss. Samarbeidsprosjektene sikrer ogs\u00e5 mat til sivile som trenger det, direkte kontantst\u00f8tte, husly og minerydding, sier Aukrust.<\/p>\n<p>    <a itemprop=\"url\" href=\"https:\/\/sol.no\/video\/etterlyst-nordmann-pagrepet-pa-gran-canaria\/5kyImxgi\" rel=\"nofollow noopener\" target=\"_blank\"><\/p>\n<p>      <img loading=\"lazy\" decoding=\"async\" src=\"https:\/\/www.europesays.com\/no\/wp-content\/uploads\/2025\/11\/83870878.webp\" width=\"147\" height=\"109\" title=\"Etterlyst nordmann p\u00e5grepet p\u00e5 Gran Canaria\" alt=\"\" class=\"lazyload\" style=\"--aspect-ratio-image: 1.35; \"\/><\/p>\n<p>        Etterlyst nordmann p\u00e5grepet p\u00e5 Gran Canaria<\/p>\n<p>sol.no<\/p>\n<p>    <\/a><\/p>\n<p>St\u00f8tter matsikkerhet\t<\/p>\n<p>Samtidig med den humanit\u00e6re st\u00f8tten har regjeringen kunngjort en st\u00f8tte til matproduksjon i Ukraina som kan komme til nytte i andre kriserammede land. 30 millioner kroner g\u00e5r til Grain from Ukraine, mens 90 millioner kroner g\u00e5r til Verdens matvareprogram (WFP) og FNs organisasjon for ern\u00e6ring og landbruks innsats i Ukraina.<\/p>\n<p>\u2013 Russlands aggresjon og fullskalainvasjon i Ukraina, har rammet forsyningslinjer og produksjon i ett av verdens viktigste kornomr\u00e5der. Det har f\u00f8rt til humanit\u00e6r krise, \u00f8kte priser p\u00e5 mat, sult og matusikkerhet, langt utover Europas grenser, sier Aukrust.<\/p>\n<p>I 2022 lanserte president Volodymyr Zelenskyj prosjektet \u00abGrain from Ukraine\u00bb som gj\u00f8r det mulig for andre land \u00e5 kj\u00f8pe ukrainsk korn og levere det til s\u00e5rbare omr\u00e5der i Afrika, Asia og Midt\u00f8sten.<\/p>\n<p>    <a itemprop=\"url\" href=\"https:\/\/sol.no\/nyheter\/frp-storst-pa-ny-maling\/83871586\" rel=\"nofollow noopener\" target=\"_blank\"><\/p>\n<p>      <img loading=\"lazy\" decoding=\"async\" src=\"https:\/\/www.europesays.com\/no\/wp-content\/uploads\/2025\/11\/83871599.webp\" width=\"147\" height=\"98\" title=\"Frp st\u00f8rst p\u00e5 ny m\u00e5ling\" alt=\"\" class=\"lazyload\" style=\"--aspect-ratio-image: 1.50; \"\/><\/p>\n<p>        Frp st\u00f8rst p\u00e5 ny m\u00e5ling<\/p>\n<p>sol.no<\/p>\n<p>    <\/a><\/p>\n<p>\u2013 Det \u00e5 sende mat til andre kriserammede land, samtidig som landets egne innbyggere m\u00e5 flykte fra sine hjemsteder p\u00e5 grunn av den russiske invasjonen, er et tydelig uttrykk for internasjonal solidaritet. Det er rett og slett imponerende, sier Aukrust.<\/p>\n<p>Norge har med dette bidratt med 205 millioner kroner til Grain from Ukraine, if\u00f8lge departementet. St\u00f8tten har bidratt til \u00e5 skaffe mat til sultrammede mennesker i blant annet Kenya, Nigeria, Palestina og Syria.<\/p>\n","protected":false},"excerpt":{"rendered":"Regjeringen gir nye bidrag til Ukraina i forbindelse med det internasjonale toppm\u00f8tet om matsikkerhet som holdes i Kyiv&hellip;\n","protected":false},"author":2,"featured_media":91463,"comment_status":"","ping_status":"","sticky":false,"template":"","format":"standard","meta":{"footnotes":""},"categories":[10],"tags":[20,21,24,25,15,22,23,13,30,28,29,14,16,26,27,489],"class_list":{"0":"post-91462","1":"post","2":"type-post","3":"status-publish","4":"format-standard","5":"has-post-thumbnail","7":"category-norge","8":"tag-breaking-news","9":"tag-breakingnews","10":"tag-featured-news","11":"tag-featurednews","12":"tag-headlines","13":"tag-latest-news","14":"tag-latestnews","15":"tag-news","16":"tag-no","17":"tag-norge","18":"tag-norway","19":"tag-nyheter","20":"tag-overskrifter","21":"tag-top-stories","22":"tag-topstories","23":"tag-ukraina"},"share_on_mastodon":{"url":"https:\/\/pubeurope.com\/@no\/115578746198754119","error":""},"_links":{"self":[{"href":"https:\/\/www.europesays.com\/no\/wp-json\/wp\/v2\/posts\/91462","targetHints":{"allow":["GET"]}}],"collection":[{"href":"https:\/\/www.europesays.com\/no\/wp-json\/wp\/v2\/posts"}],"about":[{"href":"https:\/\/www.europesays.com\/no\/wp-json\/wp\/v2\/types\/post"}],"author":[{"embeddable":true,"href":"https:\/\/www.europesays.com\/no\/wp-json\/wp\/v2\/users\/2"}],"replies":[{"embeddable":true,"href":"https:\/\/www.europesays.com\/no\/wp-json\/wp\/v2\/comments?post=91462"}],"version-history":[{"count":0,"href":"https:\/\/www.europesays.com\/no\/wp-json\/wp\/v2\/posts\/91462\/revisions"}],"wp:featuredmedia":[{"embeddable":true,"href":"https:\/\/www.europesays.com\/no\/wp-json\/wp\/v2\/media\/91463"}],"wp:attachment":[{"href":"https:\/\/www.europesays.com\/no\/wp-json\/wp\/v2\/media?parent=91462"}],"wp:term":[{"taxonomy":"category","embeddable":true,"href":"https:\/\/www.europesays.com\/no\/wp-json\/wp\/v2\/categories?post=91462"},{"taxonomy":"post_tag","embeddable":true,"href":"https:\/\/www.europesays.com\/no\/wp-json\/wp\/v2\/tags?post=91462"}],"curies":[{"name":"wp","href":"https:\/\/api.w.org\/{rel}","templated":true}]}}