{"id":91470,"date":"2025-11-19T22:47:19","date_gmt":"2025-11-19T22:47:19","guid":{"rendered":"https:\/\/www.europesays.com\/no\/91470\/"},"modified":"2025-11-19T22:47:19","modified_gmt":"2025-11-19T22:47:19","slug":"jeg-gir-meg-ikke-pa-harde-mokka-nrk-vestfold-og-telemark-lokale-nyheter-tv-og-radio","status":"publish","type":"post","link":"https:\/\/www.europesays.com\/no\/91470\/","title":{"rendered":"\u2013 Jeg gir meg ikke p\u00e5 harde m\u00f8kka \u2013 NRK Vestfold og Telemark \u2013 Lokale nyheter, TV og radio"},"content":{"rendered":"<p>Saken oppsummert:<\/p>\n<ul>\n<li>80 tr\u00e6r p\u00e5 Bunestoppen i Bamble ble sagd delvis over i to hendelser i oktober, men politiet st\u00e5r uten spor.<\/li>\n<li>Velforeningsleder Erna Flattum Berg (70) nekter \u00e5 gi opp og vurderer \u00e5 utlove en dus\u00f8r for tips.<\/li>\n<li>Beboergruppa kritiserer politiet for manglende prioritering og etterforskning av saken.<\/li>\n<li>Omr\u00e5det har v\u00e6rt gjenstand for en langvarig konflikt om utbygging, noe som kan ha sammenheng med h\u00e6rverket.<\/li>\n<li>Politiet etterlyser tips fra publikum, men innr\u00f8mmer at de st\u00e5r p\u00e5 bar bakke uten mistenkte.<\/li>\n<li>Beboerne vurderer ogs\u00e5 en Spleis for \u00e5 samle penger til \u00e5 oppklare saken.<\/li>\n<\/ul>\n<p>Oppsummeringen er laget av en KI-tjeneste fra OpenAI. Innholdet er kvalitetssikret av NRKs journalister f\u00f8r publisering.<\/p>\n<p><strong>\u2013 De som har gjort dette m\u00e5 st\u00e5 til rette for det de har gjort. Jeg kommer ikke til \u00e5 gi meg p\u00e5 harde m\u00f8kka i denne saken.<\/strong><\/p>\n<p>14. oktober skjedde det f\u00f8rste gang. <a href=\"https:\/\/www.nrk.no\/vestfoldogtelemark\/fant-naermere-80-traer-halvveis-sagd-over-bamble_-_-en-dodsfelle-1.17615847\" ec-id=\"pp:article:1.17615847\" ec-name=\"80 tr\u00e6r var sagd delvis over\" rel=\"nofollow noopener\" target=\"_blank\">80 tr\u00e6r var sagd delvis over<\/a> med motorsag i det naturskj\u00f8nne omr\u00e5det Bunestoppen i Bamble kommune.<\/p>\n<p>Natt til 20. oktober <a href=\"https:\/\/www.nrk.no\/vestfoldogtelemark\/bamble-kommune-anmelder-skader-pa-flere-traer-ved-bunestoppen-1.17618871\" ec-id=\"pp:article:1.17618871\" ec-name=\"skjedde det igjen.\" rel=\"nofollow noopener\" target=\"_blank\">skjedde det igjen.<\/a> For andre gang ble det oppdaget menneskeskapte skader p\u00e5 flere tr\u00e6r p\u00e5 Bunestoppen.<\/p>\n<p>    <img class=\"dhtb__img--YLLyL\" alt=\"Tre tr\u00e6r med motorsagmerker.\" loading=\"lazy\" fetchpriority=\"auto\" style=\"--_horizontal-object-position: max(100%, min(0px, calc(0.50 * 100% - 0.50 * 100vw + 50vw))) max(100%, min(0px, calc(0.50 * 100% - 0.50 * 100vh + 50vh))); --_vertical-object-position: max(100%, min(0px, calc(0.50 * 100% - 0.50 * 100vw + 50vw))) max(100%, min(0px, calc(0.50 * 100% - 0.50 * 100vh + 50vh)));\" \/><\/p>\n<p>Nesten 80 tr\u00e6r hadde synlige skader. <\/p>\n<p>Foto: Bamble kommune<\/p>\n<p>Nesten 80 tr\u00e6r hadde synlige skader. <\/p>\n<p> Foto: Bamble kommune<\/p>\n<p>En m\u00e5ned er n\u00e5 g\u00e5tt siden den f\u00f8rste hendelsen. S\u00e5 langt har lite skjedd.<\/p>\n<p>\u2013 Jeg er bekymret, for \u00e5 si det mildt. Bekymret for at saken kan bli henlagt, sier 70-\u00e5ringen.<\/p>\n<p>Kritiserer politiet<\/p>\n<p>Tom Odden er leder for beboergruppa som har engasjert seg i saken. Han synes ikke politiet har gjort nok.<\/p>\n<ul class=\"dhpg__gallery__list\">\n<li class=\"dhpg__gallery__listItem\"><img alt=\"En mann som ser rett i kameraet. Han er alvorlig. Han har gr\u00e5tt h\u00e5t og briller. P\u00e5 seg har han en bl\u00e5, hvit og r\u00f8drutete skjorte.\"  width=\"2400\" height=\"2400\" loading=\"lazy\"\/>Tom Odden\n<p>Leder for beboergruppa i omr\u00e5det<\/p>\n<\/li>\n<\/ul>\n<p>\u2013 Det vi har sett s\u00e5 langt, er vel kanskje at de ikke har prioritert det som vi hadde h\u00e5pet.<\/p>\n<p>\u2013 Hva mener du at politiet burde ha gjort?<\/p>\n<p>\u2013 Det er mennesker som har v\u00e6rt engasjert i denne saken over lang tid, de burde tatt flere intervjuer, og snakket med flere i omr\u00e5det. Her kunne det jo faktisk g\u00e5tt liv tapt.<\/p>\n<p>    <img class=\"dhtb__img--YLLyL\" alt=\"en trestamme i en skog\" loading=\"lazy\" fetchpriority=\"auto\" style=\"--_horizontal-object-position: max(100%, min(0px, calc(0.50 * 100% - 0.50 * 100vw + 50vw))) max(100%, min(0px, calc(0.50 * 100% - 0.50 * 100vh + 50vh))); --_vertical-object-position: max(100%, min(0px, calc(0.50 * 100% - 0.50 * 100vw + 50vw))) max(100%, min(0px, calc(0.50 * 100% - 0.50 * 100vh + 50vh)));\" \/><\/p>\n<p>Bare en liten stubbe igjen.<\/p>\n<p>Foto: Fredrik Pedersen \/ NRK<\/p>\n<p>Bare en liten stubbe igjen.<\/p>\n<p> Foto: Fredrik Pedersen \/ NRK<\/p>\n<p>P\u00e5 bar bakke<\/p>\n<p>Politiadvokat i S\u00f8r-\u00d8st politidistrikt, Hans Egil Seljordlia innr\u00f8mmer at de ikke har spor \u00e5 g\u00e5 etter i saken.<\/p>\n<ul class=\"dhpg__gallery__list\">\n<li class=\"dhpg__gallery__listItem\"><img alt=\"Hans Egil Seljordslia, politiinspekt\u00f8r i S\u00f8r-\u00d8st politidistrikt.\"  width=\"2400\" height=\"2400\" loading=\"lazy\"\/>Hans Egil Seljordslia\n<p>Politiadvokat S\u00f8r-\u00d8st politidistrikt<\/p>\n<\/li>\n<\/ul>\n<p>\u2013 Vi mangler en gjerningsperson. Vi har ikke f\u00e5tt noen nye opplysninger som gj\u00f8r at vi har noen mistenkte i saken.<\/p>\n<p>\u2013 Beboerne i omr\u00e5det kritiserer dere n\u00e5 for \u00e5 ikke ha prioritert denne saken h\u00f8yt nok. Hva sier du til det?<\/p>\n<p>\u2013 Vi kan sikkert alltid gj\u00f8re ting bedre. Likevel er vi helt avhengig av \u00e5 f\u00e5 opplysninger fra publikum som kan ha opplysninger som vi kan bruke videre i etterforskningen, og det har vi ikke f\u00e5tt.<\/p>\n<p>\u2013 S\u00e5 dere st\u00e5r egentlig helt p\u00e5 bar bakke i denne saken?<\/p>\n<p>\u2013 Ja, s\u00e5 langt gj\u00f8r vi det, sier Seljordslia.\n<\/p>\n<p><img decoding=\"async\"   src=\"data:image\/gif;base64,R0lGODlhAQABAIAAAAAAAP\/\/\/yH5BAEAAAAALAAAAAABAAEAAAIBRAA7\" loading=\"eager\" alt=\"Bildet viser stablede stammer av t\u00f8mmer p\u00e5 et fuktig, gruslagt omr\u00e5de. Omgivelsene inkluderer skog i bakgrunnen med noen nydedete tr\u00e6r. Det er synlige spor etter hogst, inkludert kvister og avsk\u00e5rne grener. En oransje nettgjerde er synlig i bakgrunnen, muligens for \u00e5 avgrense omr\u00e5det.\" title=\"Foto: Fredrik Pedersen \/ NRK\"\/><\/p>\n<p class=\"\">Flere av tr\u00e6rne m\u00e5tte felles. <\/p>\n<p>Foto: Fredrik Pedersen \/ NRK<\/p>\n<p>Omstridt omr\u00e5de<\/p>\n<p>Det er ikke f\u00f8rste gang folk engasjerer seg i hva som skal skje i omr\u00e5det i fremtiden.<\/p>\n<p>Naturomr\u00e5det p\u00e5 Bunestoppen har nemlig v\u00e6rt gjenstand for en \u00e5relang konflikt.<\/p>\n<p><strong>Et flertall i kommunestyret har lenge \u00f8nsket \u00e5 bygge boliger i deler av omr\u00e5det.<\/strong><\/p>\n<p><strong><a href=\"https:\/\/www.nrk.no\/vestfoldogtelemark\/veien-til-40-millioner-i-bamble-er-ulovlig---forer-ikke-noe-sted-1.17432254\" ec-id=\"pp:article:1.17432254\" ec-name=\"Det er allerede laget en asfaltert vei\" rel=\"nofollow noopener\" target=\"_blank\">Det er allerede laget en asfaltert vei<\/a> til mange titalls millioner kroner gjennom skogen. <a href=\"https:\/\/www.nrk.no\/vestfoldogtelemark\/opphever-reguleringsplan-pa-bunestoppen---dermed-star-brannstasjonen-ulovlig-oppfort-1.17430192\" ec-id=\"pp:article:1.17430192\" ec-name=\"I tillegg er det bygd en brannstasjon.\" rel=\"nofollow noopener\" target=\"_blank\">I tillegg er det bygd en brannstasjon.<\/a><\/strong><\/p>\n<p>\u2013 Vi pr\u00f8ver ikke \u00e5 trenere utbygging, vi pr\u00f8ver \u00e5 unng\u00e5 det. Veien er bygget ulovlig. Det var anker og innsigelser f\u00f8r kommunen begynte \u00e5 bygge, sier Berg.<\/p>\n<p>Vurderer dus\u00f8r<\/p>\n<p>Erna Flattum Berg fortviler over at politiet ikke har noe \u00e5 g\u00e5 etter.<\/p>\n<p>    <img alt=\"en person som st\u00e5r p\u00e5 en vei\"  loading=\"lazy\"\/><\/p>\n<blockquote class=\"dhspb__sitat-boks--fa5d2 | dhspb__standard--b7513 dhspb__light--dbdf0\">\n<p>\u2013 Jeg sover fortsatt ganske urolig innimellom om jeg begynner \u00e5 tenke p\u00e5 det. En tanke er at vi skal utlove en dus\u00f8r som kan f\u00f8re til tips.<\/p>\n<p class=\"dhspb__sitert-person--b9a5f\">Erna Flattum Berg<\/p>\n<p class=\"dhspb__rolle--bc408\">Velforeningsleder<\/p>\n<\/blockquote>\n<p>Foto: Fredrik Pedersen \/ NRK<\/p>\n<p>Foto: Fredrik Pedersen \/ NRK<\/p>\n<p>Berg er helt klar p\u00e5 at hun kommer til \u00e5 st\u00e5 p\u00e5 for \u00e5 ta den eller de som har gjort ugjerningen.<\/p>\n<p><strong>\u2013 Jeg har kontaktet <a href=\"https:\/\/play.tv2.no\/programmer\/fakta\/aasted-norge\" ec-id=\"https:\/\/play.tv2.no\/programmer\/fakta\/aasted-norge\" ec-name=\"\u00ab\u00c5sted Norge\u00bb\" rel=\"nofollow noopener\" target=\"_blank\">\u00ab\u00c5sted Norge\u00bb<\/a>, og her skal ikke noen f\u00e5 lov til \u00e5 d\u00f8 i synden. Det er alltid noen som vet noe. Den bobla vil sprekke f\u00f8r eller siden.<\/strong><\/p>\n<p>Beboerne vurderer ogs\u00e5 \u00e5 sette i gang en <a href=\"https:\/\/www.spleis.no\/?gad_source=1&amp;gad_campaignid=19806241433&amp;gbraid=0AAAAAC8ku0qWZMpbCkh5DnHbhVF7qTUb2&amp;gclid=Cj0KCQiArOvIBhDLARIsAPwJXOamI8moHOoUc0_lGqRI37C0ngAJlNGH30-xUjsxq7e-aF9WoCjkhycaArPYEALw_wcB\" ec-id=\"https:\/\/www.spleis.no\/\" ec-name=\"Spleis\" rel=\"nofollow noopener\" target=\"_blank\">Spleis<\/a> for \u00e5 f\u00e5 oppklart saken.<\/p>\n<p>Lederen for beboergruppa, Tom Odden er ikke sikker p\u00e5 at noen kommer til \u00e5 bli tatt for det som har skjedd.<\/p>\n<p>\u2013 Det er s\u00e5pass \u00e5pent i samfunnet her at det m\u00e5 v\u00e6re noen som vet noe, og har h\u00f8rt noe. Likevel tror jeg det er 50\/ 50-sjans for at noen blir tatt, sier han.<\/p>\n<p>    Hei<\/p>\n<p>Takk for at du leser. Har du tips eller innspill\u00a0til saken\u00a0eller andre ting vi\u00a0b\u00f8r skrive\u00a0om? Send meg gjerne en e-post!<\/p>\n<p>Tidligere har jeg blant annet\u00a0skrevet\u00a0disse sakene:<\/p>\n<p>Publisert<\/p>\n<p>19.11.2025, kl. 15.58<\/p>\n","protected":false},"excerpt":{"rendered":"Saken oppsummert: 80 tr\u00e6r p\u00e5 Bunestoppen i Bamble ble sagd delvis over i to hendelser i oktober, men&hellip;\n","protected":false},"author":2,"featured_media":66858,"comment_status":"","ping_status":"","sticky":false,"template":"","format":"standard","meta":{"footnotes":""},"categories":[10],"tags":[20,21,24,25,15,22,23,13,30,28,29,14,16,26,27],"class_list":{"0":"post-91470","1":"post","2":"type-post","3":"status-publish","4":"format-standard","5":"has-post-thumbnail","7":"category-norge","8":"tag-breaking-news","9":"tag-breakingnews","10":"tag-featured-news","11":"tag-featurednews","12":"tag-headlines","13":"tag-latest-news","14":"tag-latestnews","15":"tag-news","16":"tag-no","17":"tag-norge","18":"tag-norway","19":"tag-nyheter","20":"tag-overskrifter","21":"tag-top-stories","22":"tag-topstories"},"share_on_mastodon":{"url":"https:\/\/pubeurope.com\/@no\/115578800938775341","error":""},"_links":{"self":[{"href":"https:\/\/www.europesays.com\/no\/wp-json\/wp\/v2\/posts\/91470","targetHints":{"allow":["GET"]}}],"collection":[{"href":"https:\/\/www.europesays.com\/no\/wp-json\/wp\/v2\/posts"}],"about":[{"href":"https:\/\/www.europesays.com\/no\/wp-json\/wp\/v2\/types\/post"}],"author":[{"embeddable":true,"href":"https:\/\/www.europesays.com\/no\/wp-json\/wp\/v2\/users\/2"}],"replies":[{"embeddable":true,"href":"https:\/\/www.europesays.com\/no\/wp-json\/wp\/v2\/comments?post=91470"}],"version-history":[{"count":0,"href":"https:\/\/www.europesays.com\/no\/wp-json\/wp\/v2\/posts\/91470\/revisions"}],"wp:featuredmedia":[{"embeddable":true,"href":"https:\/\/www.europesays.com\/no\/wp-json\/wp\/v2\/media\/66858"}],"wp:attachment":[{"href":"https:\/\/www.europesays.com\/no\/wp-json\/wp\/v2\/media?parent=91470"}],"wp:term":[{"taxonomy":"category","embeddable":true,"href":"https:\/\/www.europesays.com\/no\/wp-json\/wp\/v2\/categories?post=91470"},{"taxonomy":"post_tag","embeddable":true,"href":"https:\/\/www.europesays.com\/no\/wp-json\/wp\/v2\/tags?post=91470"}],"curies":[{"name":"wp","href":"https:\/\/api.w.org\/{rel}","templated":true}]}}