{"id":91473,"date":"2025-11-19T23:07:15","date_gmt":"2025-11-19T23:07:15","guid":{"rendered":"https:\/\/www.europesays.com\/no\/91473\/"},"modified":"2025-11-19T23:07:15","modified_gmt":"2025-11-19T23:07:15","slug":"trump-truer-igjen-mentale-problemer","status":"publish","type":"post","link":"https:\/\/www.europesays.com\/no\/91473\/","title":{"rendered":"Trump truer igjen: &#8211; Mentale problemer"},"content":{"rendered":"<p>  Den amerikanske sentralbanksjefen f\u00e5r s\u00e5 hatten passer av Donald Trump &#8211; igjen, men ogs\u00e5 finansministeren f\u00e5r en \u00abtrussel\u00bb fra presidenten.<\/p>\n<p>\n    KRONISK UENIGE: Det later ikke til at Donald Trump (t.v.) er enig med sentralbanksjef Jerome Powell om noe. Her er de avbildet fra en kj\u00f8lig seanse i sommer, der de kranglet om prislappen p\u00e5 en oppussing av sentralbankens hovedkontor. Foto: Julia Demaree Nikhinson \/ AP \/ NTB\n  <\/p>\n<p>F\u00e5, om noen, personer har m\u00e5ttet finne seg i \u00e5 bli utskjelt og idiotforklart av USAs president Donald Trump oftere enn Jerome Powell, USAs sentralbanksjef.<\/p>\n<p>Bak Donald Trumps mange infame angrep p\u00e5 Powell, ligger et \u00f8nske om at renta settes ned mye fortere. Powell har s\u00e5 langt ikke latt seg presse av presidenten, noe som er en kilde til stadig nye angrep.<\/p>\n<p>    <a itemprop=\"url\" href=\"https:\/\/borsen.dagbladet.no\/nyheter\/nytt-angrep-tulling\/83061690\" rel=\"nofollow noopener\" target=\"_blank\"><\/p>\n<p>      <img loading=\"lazy\" decoding=\"async\" src=\"https:\/\/www.europesays.com\/no\/wp-content\/uploads\/2025\/11\/83061721.webp\" width=\"980\" height=\"441\" title=\"Nytt angrep: - Tulling\" alt=\"\" class=\"lazyload\" style=\"--aspect-ratio-image: 2.22; \"\/><\/p>\n<p>        Nytt angrep: &#8211; Tulling<\/p>\n<p>    <\/a><\/p>\n<p>Angriper sentralbanksjefen\t<\/p>\n<p>I dag taler Trump til konferansen U.S.-Saudi Business Forum, og ramser opp ting i \u00f8konomien han mener har blitt bedre.<\/p>\n<p>Det dreier seg om b\u00e5de inflasjon, prisen p\u00e5 egg, og boligl\u00e5nsrenter, som alle har g\u00e5tt ned. At boligl\u00e5nsrenta har g\u00e5tt ned mener Trump har skjedd p\u00e5 tross av den amerikanske sentralbanken, med sentralbanksjef Powell i spissen.<\/p>\n<p>Trump henvender seg til finansminister Scott Bessent og sier:<\/p>\n<p class=\"font-weight-bold m-font-weight-bold\" data-lab-font_weight=\"font-weight-bold\">&#8211; Du m\u00e5 gj\u00f8re noe med denne fyren (Powell, journ. anm.). Han har noen alvorlige mentale problemer. Det er noe galt med ham, sier Trump om sentralbanksjefen han selv var ansvarlig for \u00e5 utpeke i sin f\u00f8rste presidentperiode.<\/p>\n<p>&#8211; Jeg skal v\u00e6re \u00e6rlig: Jeg hadde elsket \u00e5 sparke ham. Han burde v\u00e6rt sparket. Han er skrekkelig inkompetent. Han burde saks\u00f8kes for \u00e5 ha brukt fire milliarder dollar p\u00e5 \u00e5 bygge en liten bygning, sier Trump.<\/p>\n<p>    <a itemprop=\"url\" href=\"https:\/\/borsen.dagbladet.no\/nyheter\/raser-en-av-usas-dummeste\/83245301\" rel=\"nofollow noopener\" target=\"_blank\"><\/p>\n<p>      <img loading=\"lazy\" decoding=\"async\" src=\"https:\/\/www.europesays.com\/no\/wp-content\/uploads\/2025\/11\/83245786.webp\" width=\"980\" height=\"441\" title=\"Raser: - En av USAs dummeste\" alt=\"\" class=\"lazyload\" style=\"--aspect-ratio-image: 2.22; \"\/><\/p>\n<p>        Raser: &#8211; En av USAs dummeste<\/p>\n<p>    <\/a><\/p>\n<p>Kranglet om oppussing\t<\/p>\n<p>Akkurat det tallet, fire milliarder dollar, er ikke alle enige om. Det dreier seg om et p\u00e5g\u00e5ende oppussingsprosjekt i sentralbanken. Det er ansl\u00e5tt \u00e5 koste 2,5 milliarder dollar, etter at prosjektet opprinnelig var estimert til rundt 1,9 milliarder dollar.<\/p>\n<p>        KRITISERES: Donald Trumps overd\u00e5dige Halloween-fest med Great Gatsby-tema p\u00e5 Mar-a-Lago har f\u00e5tt kraftig kritikk. Reporter: Jostein Sletten \/ Dagbladet<\/p>\n<p>Det har med andre ord g\u00e5tt p\u00e5 en kostnadssprekk. Dette ble ogs\u00e5 tema da Trump og Powell m\u00f8ttes i sommer, da Trump hevdet at prosjektet n\u00e5 kostet 3,1 milliarder dollar &#8211; noe som ble avvist av Powell. N\u00e5 ser alts\u00e5 Trump ut til \u00e5 ha lagt ytterligere 900 millioner dollar p\u00e5 den summen.<\/p>\n<p>Men Powell er ikke den eneste som f\u00e5r h\u00f8re det fra Trump, for han rettet ogs\u00e5 noen t\u00f8ffe kommentarer i retning finansminister Bessent. De ble riktignok sagt med et smil om munnen, men helt forn\u00f8yd s\u00e5 ikke Trump ut til \u00e5 v\u00e6re likevel.<\/p>\n<p class=\"font-weight-bold m-font-weight-bold\" data-lab-font_weight=\"font-weight-bold\">&#8211; Det eneste Scott ikke f\u00e5r til er sentralbanken. Fordi sentralbanken &#8211; rentene er for h\u00f8ye, Scott. Om du ikke f\u00e5r fikset det raskt, skal jeg sparke deg, smalt det fra en smilende Trump.<\/p>\n<p>    <a itemprop=\"url\" href=\"https:\/\/borsen.dagbladet.no\/nyheter\/trump-svaert-usannsynlig-a-sparke-powell\/83353715\" rel=\"nofollow noopener\" target=\"_blank\"><\/p>\n<p>      <img loading=\"lazy\" decoding=\"async\" src=\"https:\/\/www.europesays.com\/no\/wp-content\/uploads\/2025\/11\/83353731.webp\" width=\"980\" height=\"441\" title=\"Trump: \u00abSv\u00e6rt usannsynlig\u00bb \u00e5 sparke Powell\" alt=\"\" class=\"lazyload\" style=\"--aspect-ratio-image: 2.22; \"\/><\/p>\n<p>        Trump: \u00abSv\u00e6rt usannsynlig\u00bb \u00e5 sparke Powell<\/p>\n<p>    <\/a><\/p>\n<p>Overtalt til \u00e5 droppe sparking\t<\/p>\n<p>Trump avsl\u00f8rer samtidig fra scenen at det nok er finansministeren som skal ha \u00e6ren for at han ikke har sparket sentralbanksjefen, selv om han \u00e5penbart har veldig lyst.<\/p>\n<p class=\"font-weight-bold m-font-weight-bold\" data-lab-font_weight=\"font-weight-bold\">&#8211; Scott sier: \u00abIkke spark ham. V\u00e6r s\u00e5 snill: Ikke spark ham. Han har bare tre m\u00e5neder igjen. Ikke spark ham\u00bb. Jeg vil f\u00e5 ham ut, Scott. V\u00e6r s\u00e5 snill, sier Trump, og legger til:<\/p>\n<p>&#8211; Han (Bessent, journ. anm) er fornuftens stemme. Dere er heldige som har ham. Han har gjort en god jobb.<\/p>\n<p>    <a itemprop=\"url\" href=\"https:\/\/borsen.dagbladet.no\/nyheter\/han-er-ferdig-snart\/83372663\" rel=\"nofollow noopener\" target=\"_blank\"><\/p>\n<p>      <img loading=\"lazy\" decoding=\"async\" src=\"https:\/\/www.europesays.com\/no\/wp-content\/uploads\/2025\/11\/83372673.webp\" width=\"980\" height=\"441\" title=\"- Han er ferdig snart\" alt=\"\" class=\"lazyload\" style=\"--aspect-ratio-image: 2.22; \"\/><\/p>\n<p>        &#8211; Han er ferdig snart<\/p>\n<p>    <\/a><\/p>\n<p>Trump nominerte Powell\t<\/p>\n<p>Da Trump nominerte Powell til USAs nye sentralbanksjef i 2017, omtalte han ham som \u00absterk, engasjert og smart\u00bb, og at han hadde oppn\u00e5dd \u00abrespekt og beundring av sine kolleger\u00bb. P\u00e5 det tidspunktet hadde Powell v\u00e6rt styremedlem i sentralbanken i fem \u00e5r.<\/p>\n<p data-lab-font_weight=\"\">Men de rosende ordene var raskt byttet ut med sure toner. Allerede f\u00f8r coronapandemien var Trump sv\u00e6rt misforn\u00f8yd med at Powell ikke satte renta raskere ned. Han anklaget blant annet sentralbanksjefen for \u00e5 undregrave hans \u00f8konomiske politikk.<\/p>\n<p class=\"font-weight-bold m-font-weight-bold\" data-lab-font_weight=\"font-weight-bold\">Etter at Trump inntok Det hvite hus igjen i januar i \u00e5r, har de knallharde utfallene mot sentralbanksjefen tiltatt i styrke.<\/p>\n<p>Trump har blant mye annet kalt Powell for \u00aben av USAs dummeste\u00bb og anklaget ham for \u00e5 droppe rentekutt \u00abbare fordi han ikke liker meg\u00bb.<\/p>\n<p>    <a itemprop=\"url\" href=\"https:\/\/borsen.dagbladet.no\/nyheter\/full-forvirring\/83380980\" rel=\"nofollow noopener\" target=\"_blank\"><\/p>\n<p>      <img loading=\"lazy\" decoding=\"async\" src=\"https:\/\/www.europesays.com\/no\/wp-content\/uploads\/2025\/11\/83381024.webp\" width=\"980\" height=\"441\" title=\"Full forvirring\" alt=\"\" class=\"lazyload\" style=\"--aspect-ratio-image: 2.22; \"\/><\/p>\n<p>        Full forvirring<\/p>\n<p>    <\/a><\/p>\n<p>Powell ferdig i mai\t<\/p>\n<p>Sentralbanksjefvervet i USA er p\u00e5 \u00e5rem\u00e5l, og Powells utl\u00f8per i mai neste \u00e5r. Da har Powell sittet i to fire\u00e5rsperioder.<\/p>\n<p>If\u00f8lge Trump har administrasjonen hans g\u00e5tt i gang med en intervjurunde, som skal ende med at de utpeker ny sentralbanksjef. P\u00e5 listen over aktuelle kandidater skal ogs\u00e5 finansminister Scott Bessent st\u00e5, men han har gitt beskjed om at han ikke vil ha vervet.<\/p>\n","protected":false},"excerpt":{"rendered":"Den amerikanske sentralbanksjefen f\u00e5r s\u00e5 hatten passer av Donald Trump &#8211; igjen, men ogs\u00e5 finansministeren f\u00e5r en \u00abtrussel\u00bb&hellip;\n","protected":false},"author":2,"featured_media":91474,"comment_status":"","ping_status":"","sticky":false,"template":"","format":"standard","meta":{"footnotes":""},"categories":[12],"tags":[20,21,24,25,15,22,23,13,30,28,29,14,16,26,27,42,43,44,45],"class_list":{"0":"post-91473","1":"post","2":"type-post","3":"status-publish","4":"format-standard","5":"has-post-thumbnail","7":"category-verden","8":"tag-breaking-news","9":"tag-breakingnews","10":"tag-featured-news","11":"tag-featurednews","12":"tag-headlines","13":"tag-latest-news","14":"tag-latestnews","15":"tag-news","16":"tag-no","17":"tag-norge","18":"tag-norway","19":"tag-nyheter","20":"tag-overskrifter","21":"tag-top-stories","22":"tag-topstories","23":"tag-verden","24":"tag-world","25":"tag-world-news","26":"tag-worldnews"},"share_on_mastodon":{"url":"https:\/\/pubeurope.com\/@no\/115578879882270457","error":""},"_links":{"self":[{"href":"https:\/\/www.europesays.com\/no\/wp-json\/wp\/v2\/posts\/91473","targetHints":{"allow":["GET"]}}],"collection":[{"href":"https:\/\/www.europesays.com\/no\/wp-json\/wp\/v2\/posts"}],"about":[{"href":"https:\/\/www.europesays.com\/no\/wp-json\/wp\/v2\/types\/post"}],"author":[{"embeddable":true,"href":"https:\/\/www.europesays.com\/no\/wp-json\/wp\/v2\/users\/2"}],"replies":[{"embeddable":true,"href":"https:\/\/www.europesays.com\/no\/wp-json\/wp\/v2\/comments?post=91473"}],"version-history":[{"count":0,"href":"https:\/\/www.europesays.com\/no\/wp-json\/wp\/v2\/posts\/91473\/revisions"}],"wp:featuredmedia":[{"embeddable":true,"href":"https:\/\/www.europesays.com\/no\/wp-json\/wp\/v2\/media\/91474"}],"wp:attachment":[{"href":"https:\/\/www.europesays.com\/no\/wp-json\/wp\/v2\/media?parent=91473"}],"wp:term":[{"taxonomy":"category","embeddable":true,"href":"https:\/\/www.europesays.com\/no\/wp-json\/wp\/v2\/categories?post=91473"},{"taxonomy":"post_tag","embeddable":true,"href":"https:\/\/www.europesays.com\/no\/wp-json\/wp\/v2\/tags?post=91473"}],"curies":[{"name":"wp","href":"https:\/\/api.w.org\/{rel}","templated":true}]}}