{"id":91485,"date":"2025-11-19T23:25:37","date_gmt":"2025-11-19T23:25:37","guid":{"rendered":"https:\/\/www.europesays.com\/no\/91485\/"},"modified":"2025-11-19T23:25:37","modified_gmt":"2025-11-19T23:25:37","slug":"danmark-sosialdemokrat-valgsmell-for-danske-sosialdemokrater-statsministeren-tar-ansvaret","status":"publish","type":"post","link":"https:\/\/www.europesays.com\/no\/91485\/","title":{"rendered":"Danmark, Sosialdemokrat | Valgsmell for danske sosialdemokrater \u2013 statsministeren tar ansvaret"},"content":{"rendered":"\n<p>Statsminister Mette Frederiksen sier hun tar p\u00e5 seg ansvaret for det som ser ut til \u00e5 bli sosialdemokratenes d\u00e5rligste lokalvalg i Danmark i nyere tid.<\/p>\n<p>\u2013 Jeg har alltid et ansvar for det som skjer i Socialdemokratiet. Det har jeg selvsagt i dag ogs\u00e5, sa Frederiksen f\u00f8r hun skulle tale p\u00e5 valgvaken p\u00e5 Arbejdermuseet i K\u00f8benhavn.<\/p>\n<p>Partiet gikk tilbake 5,2 prosentpoeng sammenlignet med lokalvalget i 2021, men er fortsatt Danmarks st\u00f8rste parti, med en oppslutning p\u00e5 23,2 prosent p\u00e5 landsbasis. Etter tilbakegangen i EU-valget i fjor er dette partiets andre valgnederlag p\u00e5 rad siden Frederiksen dannet en koalisjonsregjering i 2022.<\/p>\n<p>I den sosialdemokratiske h\u00f8yborgen Frederikshavn ryker partiets absolutte flertall, og det er ikke engang lenger byens st\u00f8rste parti.<\/p>\n<p><b>Les ogs\u00e5: <a href=\"https:\/\/www.nettavisen.no\/nyheter\/danmark-vil-ha-norge-med-som-garantist-for-ukraina-lan\/s\/5-95-2688840\" rel=\"Follow nofollow noopener\" target=\"_blank\">Vil ha Norge med p\u00e5 Ukraina-l\u00e5n: \u2013 En deilig id\u00e9<\/a><\/b><\/p>\n<p>Mistet makten i K\u00f8benhavn<\/p>\n<p>Sosialdemokratenes lederkandidat i K\u00f8benhavn, Pernille Rosenkrantz-Theil, erkjenner nederlaget i kommunevalget.<\/p>\n<p>\u2013 N\u00e5 tapte vi K\u00f8benhavn, og det er fryktelig irriterende. Vi valgte \u00e5 si at dersom vi skulle tape, s\u00e5 skulle vi d\u00f8 med st\u00f8vlene p\u00e5 \u2013 og det gjorde vi, sier Pernille Rosenkrantz-Theil til <a rel=\"noopener nofollow\" href=\"https:\/\/www.dr.dk\/nyheder\/indland\/live-seneste-nyt-fra-kommunalvalget\" target=\"_blank\">DR Radio <\/a>og annen dansk presse.<\/p>\n<p>Dermed er det klart at den danske hovedstaden for f\u00f8rste gang vil f\u00e5 en overborgermester som ikke tilh\u00f8rer Socialdemokraterne. Partiet gikk tilbake 4,5 prosentpoeng til 12,7 prosent i valget.<\/p>\n<p>Ytre venstre-partiet Enhedslisten er igjen st\u00f8rste parti i K\u00f8benhavn med rundt 22 prosent av stemmene, til tross for en liten tilbakegang p\u00e5 dr\u00f8yt 2 prosentpoeng.<\/p>\n<p>Nest st\u00f8rst er Socialistisk Folkeparti, som har f\u00e5tt 17,9 prosent \u2013 en framgang p\u00e5 nesten 7 prosentpoeng.<\/p>\n<p>   <img decoding=\"async\" width=\"5784\" height=\"3856\" fetchpriority=\"low\"  loading=\"lazy\"  src=\"https:\/\/www.europesays.com\/no\/wp-content\/uploads\/2025\/11\/12_95_3424176090x1223171x3424176091.bin\" alt=\"\" class=\"brick-c-cFOWSL\" style=\"--brick-image-ratio: 5784 \/ 3856;\"\/><\/p>\n<p>      NEDERLAG: Pernille Rosenkrantz-Theil erkjenner nederlaget i kommunevalget.<br \/>\n      Foto: Ida Guldb\u00e6k Arentsen \/ Ritzau Scanpix\n    <\/p>\n<p>  De st\u00f8rste krymper<\/p>\n<p>Regjeringspartner Venstre g\u00e5r tilbake 3,3 prosentpoeng til 17,9 prosent og er landets nest st\u00f8rste parti. Opposisjonspartiet De Konservative er tredje st\u00f8rst med 12,7 prosent, en nedgang p\u00e5 3,5 prosentpoeng.<\/p>\n<p>Ogs\u00e5 Frederiksens siste regjeringspartner, Moderaterne, g\u00e5r mot en kraftig tilbakegang i lokalvalget. Partileder og tidligere statsminister Lars L\u00f8kke Rasmussen ser likevel ut til \u00e5 v\u00e6re forn\u00f8yd.<\/p>\n<p>\u2013 Jeg gidder ikke \u00e5 v\u00e6re en sur og skuffet mann p\u00e5 grunn av dette, sier han til Danmarks Radio.<\/p>\n<p><b>Les ogs\u00e5: <a href=\"https:\/\/www.nettavisen.no\/nyheter\/na-den-danske-regjeringen-vil-forby-sosiale-medier-for-barn\/s\/5-95-2657851\" rel=\"Follow nofollow noopener\" target=\"_blank\">Den danske regjeringen vil forby sosiale medier for barn<\/a><\/b><\/p>\n<p>Startet nytt parti<\/p>\n<p>L\u00f8kke Rasmussen, som tidligere tilh\u00f8rte Venstre, stiftet Moderaterne i 2022. F\u00f8r tirsdagens valg hadde de 31 plasser i by- og kommunestyrer, representanter som hadde g\u00e5tt over til det nye partiet. De ligger an til kun \u00e5 ha ti representanter etter valget.<\/p>\n<p>\u2013 Jeg er brukbart forn\u00f8yd med at vi med 100 prosent sikkerhet er valgt inn i fem kommuner. Selvf\u00f8lgelig vil vi gjerne inn i flest mulig kommuner, og jeg tror og h\u00e5per at vi kommer inn i K\u00f8benhavn, sier partilederen.<\/p>\n<p>Han mener Moderaternes eventuelle ene mandat i hovedstaden kan utgj\u00f8re en forskjell.<\/p>\n<p>(\u00a9NTB)<\/p>\n","protected":false},"excerpt":{"rendered":"Statsminister Mette Frederiksen sier hun tar p\u00e5 seg ansvaret for det som ser ut til \u00e5 bli sosialdemokratenes&hellip;\n","protected":false},"author":2,"featured_media":91486,"comment_status":"","ping_status":"","sticky":false,"template":"","format":"standard","meta":{"footnotes":""},"categories":[12],"tags":[20,21,24,25,15,22,23,13,30,28,29,14,16,26,27,42,43,44,45],"class_list":{"0":"post-91485","1":"post","2":"type-post","3":"status-publish","4":"format-standard","5":"has-post-thumbnail","7":"category-verden","8":"tag-breaking-news","9":"tag-breakingnews","10":"tag-featured-news","11":"tag-featurednews","12":"tag-headlines","13":"tag-latest-news","14":"tag-latestnews","15":"tag-news","16":"tag-no","17":"tag-norge","18":"tag-norway","19":"tag-nyheter","20":"tag-overskrifter","21":"tag-top-stories","22":"tag-topstories","23":"tag-verden","24":"tag-world","25":"tag-world-news","26":"tag-worldnews"},"share_on_mastodon":{"url":"https:\/\/pubeurope.com\/@no\/115578950615591122","error":""},"_links":{"self":[{"href":"https:\/\/www.europesays.com\/no\/wp-json\/wp\/v2\/posts\/91485","targetHints":{"allow":["GET"]}}],"collection":[{"href":"https:\/\/www.europesays.com\/no\/wp-json\/wp\/v2\/posts"}],"about":[{"href":"https:\/\/www.europesays.com\/no\/wp-json\/wp\/v2\/types\/post"}],"author":[{"embeddable":true,"href":"https:\/\/www.europesays.com\/no\/wp-json\/wp\/v2\/users\/2"}],"replies":[{"embeddable":true,"href":"https:\/\/www.europesays.com\/no\/wp-json\/wp\/v2\/comments?post=91485"}],"version-history":[{"count":0,"href":"https:\/\/www.europesays.com\/no\/wp-json\/wp\/v2\/posts\/91485\/revisions"}],"wp:featuredmedia":[{"embeddable":true,"href":"https:\/\/www.europesays.com\/no\/wp-json\/wp\/v2\/media\/91486"}],"wp:attachment":[{"href":"https:\/\/www.europesays.com\/no\/wp-json\/wp\/v2\/media?parent=91485"}],"wp:term":[{"taxonomy":"category","embeddable":true,"href":"https:\/\/www.europesays.com\/no\/wp-json\/wp\/v2\/categories?post=91485"},{"taxonomy":"post_tag","embeddable":true,"href":"https:\/\/www.europesays.com\/no\/wp-json\/wp\/v2\/tags?post=91485"}],"curies":[{"name":"wp","href":"https:\/\/api.w.org\/{rel}","templated":true}]}}